{"id":13557,"date":"2026-06-20T11:38:31","date_gmt":"2026-06-20T09:38:31","guid":{"rendered":"https:\/\/agora.xtec.cat\/iesvila-seca\/?p=13557"},"modified":"2026-06-20T11:38:32","modified_gmt":"2026-06-20T09:38:32","slug":"lins-vila-seca-celebra-les-jornades-erasmus-i-etwinning-2026","status":"publish","type":"post","link":"https:\/\/agora.xtec.cat\/iesvila-seca\/portada\/lins-vila-seca-celebra-les-jornades-erasmus-i-etwinning-2026\/","title":{"rendered":"L&#8217;INS Vila-seca celebra les Jornades Erasmus+ i eTwinning 2026"},"content":{"rendered":"\n<div class=\"wp-block-getwid-images-slider has-arrows-inside has-dots-inside has-images-center has-cropped-images\"><div class=\"wp-block-getwid-images-slider__wrapper\" data-effect=\"slide\" data-slides-show=\"1\" data-slides-show-laptop=\"1\" data-slides-show-tablet=\"1\" data-slides-show-mobile=\"1\" data-slides-scroll=\"1\" data-autoplay=\"false\" data-pause-hover=\"false\" data-autoplay-speed=\"6000\" data-infinite=\"true\" data-animation-speed=\"800\" data-center-mode=\"false\" data-variable-width=\"false\" data-arrows=\"inside\" data-dots=\"inside\" data-spacing=\"none\"><div class=\"wp-block-getwid-images-slider__item\"><figure><img loading=\"lazy\" decoding=\"async\" width=\"1000\" height=\"707\" src=\"https:\/\/agora.xtec.cat\/iesvila-seca\/wp-content\/uploads\/usu475\/2026\/06\/cartell.jpg\" data-id=\"13558\" data-link=\"https:\/\/agora.xtec.cat\/iesvila-seca\/?attachment_id=13558\" data-original-link=\"https:\/\/agora.xtec.cat\/iesvila-seca\/wp-content\/uploads\/usu475\/2026\/06\/cartell.jpg\" class=\"wp-block-getwid-images-slider__image wp-image-13558\" srcset=\"https:\/\/agora.xtec.cat\/iesvila-seca\/wp-content\/uploads\/usu475\/2026\/06\/cartell.jpg 1000w, https:\/\/agora.xtec.cat\/iesvila-seca\/wp-content\/uploads\/usu475\/2026\/06\/cartell-300x212.jpg 300w, https:\/\/agora.xtec.cat\/iesvila-seca\/wp-content\/uploads\/usu475\/2026\/06\/cartell-768x543.jpg 768w\" sizes=\"auto, (max-width: 1000px) 100vw, 1000px\" \/><\/figure><\/div><div class=\"wp-block-getwid-images-slider__item\"><figure><img loading=\"lazy\" decoding=\"async\" width=\"1503\" height=\"788\" src=\"https:\/\/agora.xtec.cat\/iesvila-seca\/wp-content\/uploads\/usu475\/2026\/06\/WhatsApp-Image-2026-06-17-at-11.59.53.jpeg\" data-id=\"13559\" data-link=\"https:\/\/agora.xtec.cat\/iesvila-seca\/?attachment_id=13559\" data-original-link=\"https:\/\/agora.xtec.cat\/iesvila-seca\/wp-content\/uploads\/usu475\/2026\/06\/WhatsApp-Image-2026-06-17-at-11.59.53.jpeg\" class=\"wp-block-getwid-images-slider__image wp-image-13559\" srcset=\"https:\/\/agora.xtec.cat\/iesvila-seca\/wp-content\/uploads\/usu475\/2026\/06\/WhatsApp-Image-2026-06-17-at-11.59.53.jpeg 1503w, https:\/\/agora.xtec.cat\/iesvila-seca\/wp-content\/uploads\/usu475\/2026\/06\/WhatsApp-Image-2026-06-17-at-11.59.53-300x157.jpeg 300w, https:\/\/agora.xtec.cat\/iesvila-seca\/wp-content\/uploads\/usu475\/2026\/06\/WhatsApp-Image-2026-06-17-at-11.59.53-1024x537.jpeg 1024w, https:\/\/agora.xtec.cat\/iesvila-seca\/wp-content\/uploads\/usu475\/2026\/06\/WhatsApp-Image-2026-06-17-at-11.59.53-768x403.jpeg 768w\" sizes=\"auto, (max-width: 1503px) 100vw, 1503px\" \/><\/figure><\/div><div class=\"wp-block-getwid-images-slider__item\"><figure><img loading=\"lazy\" decoding=\"async\" width=\"1336\" height=\"714\" src=\"https:\/\/agora.xtec.cat\/iesvila-seca\/wp-content\/uploads\/usu475\/2026\/06\/WhatsApp-Image-2026-06-17-at-12.00.32.jpeg\" data-id=\"13560\" data-link=\"https:\/\/agora.xtec.cat\/iesvila-seca\/?attachment_id=13560\" data-original-link=\"https:\/\/agora.xtec.cat\/iesvila-seca\/wp-content\/uploads\/usu475\/2026\/06\/WhatsApp-Image-2026-06-17-at-12.00.32.jpeg\" class=\"wp-block-getwid-images-slider__image wp-image-13560\" srcset=\"https:\/\/agora.xtec.cat\/iesvila-seca\/wp-content\/uploads\/usu475\/2026\/06\/WhatsApp-Image-2026-06-17-at-12.00.32.jpeg 1336w, https:\/\/agora.xtec.cat\/iesvila-seca\/wp-content\/uploads\/usu475\/2026\/06\/WhatsApp-Image-2026-06-17-at-12.00.32-300x160.jpeg 300w, https:\/\/agora.xtec.cat\/iesvila-seca\/wp-content\/uploads\/usu475\/2026\/06\/WhatsApp-Image-2026-06-17-at-12.00.32-1024x547.jpeg 1024w, https:\/\/agora.xtec.cat\/iesvila-seca\/wp-content\/uploads\/usu475\/2026\/06\/WhatsApp-Image-2026-06-17-at-12.00.32-768x410.jpeg 768w\" sizes=\"auto, (max-width: 1336px) 100vw, 1336px\" \/><\/figure><\/div><div class=\"wp-block-getwid-images-slider__item\"><figure><img loading=\"lazy\" decoding=\"async\" width=\"1600\" height=\"1200\" src=\"https:\/\/agora.xtec.cat\/iesvila-seca\/wp-content\/uploads\/usu475\/2026\/06\/WhatsApp-Image-2026-06-17-at-12.00.34.jpeg\" data-id=\"13561\" data-link=\"https:\/\/agora.xtec.cat\/iesvila-seca\/?attachment_id=13561\" data-original-link=\"https:\/\/agora.xtec.cat\/iesvila-seca\/wp-content\/uploads\/usu475\/2026\/06\/WhatsApp-Image-2026-06-17-at-12.00.34.jpeg\" class=\"wp-block-getwid-images-slider__image wp-image-13561\" srcset=\"https:\/\/agora.xtec.cat\/iesvila-seca\/wp-content\/uploads\/usu475\/2026\/06\/WhatsApp-Image-2026-06-17-at-12.00.34.jpeg 1600w, https:\/\/agora.xtec.cat\/iesvila-seca\/wp-content\/uploads\/usu475\/2026\/06\/WhatsApp-Image-2026-06-17-at-12.00.34-300x225.jpeg 300w, https:\/\/agora.xtec.cat\/iesvila-seca\/wp-content\/uploads\/usu475\/2026\/06\/WhatsApp-Image-2026-06-17-at-12.00.34-1024x768.jpeg 1024w, https:\/\/agora.xtec.cat\/iesvila-seca\/wp-content\/uploads\/usu475\/2026\/06\/WhatsApp-Image-2026-06-17-at-12.00.34-768x576.jpeg 768w, https:\/\/agora.xtec.cat\/iesvila-seca\/wp-content\/uploads\/usu475\/2026\/06\/WhatsApp-Image-2026-06-17-at-12.00.34-1536x1152.jpeg 1536w\" sizes=\"auto, (max-width: 1600px) 100vw, 1600px\" \/><\/figure><\/div><div class=\"wp-block-getwid-images-slider__item\"><figure><img loading=\"lazy\" decoding=\"async\" width=\"1323\" height=\"897\" src=\"https:\/\/agora.xtec.cat\/iesvila-seca\/wp-content\/uploads\/usu475\/2026\/06\/WhatsApp-Image-2026-06-17-at-13.31.13.jpeg\" data-id=\"13562\" data-link=\"https:\/\/agora.xtec.cat\/iesvila-seca\/?attachment_id=13562\" data-original-link=\"https:\/\/agora.xtec.cat\/iesvila-seca\/wp-content\/uploads\/usu475\/2026\/06\/WhatsApp-Image-2026-06-17-at-13.31.13.jpeg\" class=\"wp-block-getwid-images-slider__image wp-image-13562\" srcset=\"https:\/\/agora.xtec.cat\/iesvila-seca\/wp-content\/uploads\/usu475\/2026\/06\/WhatsApp-Image-2026-06-17-at-13.31.13.jpeg 1323w, https:\/\/agora.xtec.cat\/iesvila-seca\/wp-content\/uploads\/usu475\/2026\/06\/WhatsApp-Image-2026-06-17-at-13.31.13-300x203.jpeg 300w, https:\/\/agora.xtec.cat\/iesvila-seca\/wp-content\/uploads\/usu475\/2026\/06\/WhatsApp-Image-2026-06-17-at-13.31.13-1024x694.jpeg 1024w, https:\/\/agora.xtec.cat\/iesvila-seca\/wp-content\/uploads\/usu475\/2026\/06\/WhatsApp-Image-2026-06-17-at-13.31.13-768x521.jpeg 768w\" sizes=\"auto, (max-width: 1323px) 100vw, 1323px\" \/><\/figure><\/div><\/div><\/div>\n\n\n<p>El passat 17 de juny, l\u2019Institut Vila-seca ha acollit les Jornades Erasmus+ i eTwinning, un acte emotiu per recon\u00e8ixer el treball internacional dels nostres estudiants i professores. Despr\u00e9s d&#8217;una benvinguda de la cap d&#8217;estudis i de l&#8217;equip de coordinaci\u00f3, que han agra\u00eft el suport de l&#8217;alumnat i la comunitat educativa, s&#8217;ha procedit al lliurament de les acreditacions oficials a l&#8217;alumnat de 3r i 4t d&#8217;ESO.<\/p>\n<p>Durant l&#8217;acte s&#8217;han lliurat els documents Europass de les mobilitats del curs passat a It\u00e0lia i Turquia, aix\u00ed com els certificats dels viatges d&#8217;aquest curs a It\u00e0lia i Portugal.<\/p>\n<p>Un moment destacat ha estat el reconeixement al projecte &#8220;Stand for Peace!&#8221;, guanyador del Premi Nacional eTwinning 2026. Els joves participants han rebut els Segells de Qualitat Nacional i Europeu, juntament amb uns obsequis enviats pel <i>Servicio Nacional de Apoyo<\/i>. Una fotografia oficial de tot el grup amb les professores Laura i Sandra ha tancat una jornada plena de satisfacci\u00f3 i orgull per la feina feta a Europa.<\/p>\n<p>Enhorabona a tots i totes!<\/p>\n<p>La Comissi\u00f3 Erasmus+\/eTwinning<\/p>\n\n\n<p><\/p>\n","protected":false},"excerpt":{"rendered":"<p>El passat 17 de juny, l\u2019Institut Vila-seca ha acollit les Jornades Erasmus+ i eTwinning, un acte emotiu per recon\u00e8ixer el treball internacional dels nostres estudiants i professores&#8230;<\/p>\n","protected":false},"author":1,"featured_media":13558,"comment_status":"closed","ping_status":"open","sticky":false,"template":"","format":"standard","meta":{"_bbp_topic_count":0,"_bbp_reply_count":0,"_bbp_total_topic_count":0,"_bbp_total_reply_count":0,"_bbp_voice_count":0,"_bbp_anonymous_reply_count":0,"_bbp_topic_count_hidden":0,"_bbp_reply_count_hidden":0,"_bbp_forum_subforum_count":0,"site-sidebar-layout":"default","site-content-layout":"","ast-site-content-layout":"default","site-content-style":"default","site-sidebar-style":"default","ast-global-header-display":"","ast-banner-title-visibility":"","ast-main-header-display":"","ast-hfb-above-header-display":"","ast-hfb-below-header-display":"","ast-hfb-mobile-header-display":"","site-post-title":"","ast-breadcrumbs-content":"","ast-featured-img":"","footer-sml-layout":"","theme-transparent-header-meta":"","adv-header-id-meta":"","stick-header-meta":"","header-above-stick-meta":"","header-main-stick-meta":"","header-below-stick-meta":"","astra-migrate-meta-layouts":"set","ast-page-background-enabled":"default","ast-page-background-meta":{"desktop":{"background-color":"var(--ast-global-color-4)","background-image":"","background-repeat":"repeat","background-position":"center center","background-size":"auto","background-attachment":"scroll","background-type":"","background-media":"","overlay-type":"","overlay-color":"","overlay-opacity":"","overlay-gradient":""},"tablet":{"background-color":"","background-image":"","background-repeat":"repeat","background-position":"center center","background-size":"auto","background-attachment":"scroll","background-type":"","background-media":"","overlay-type":"","overlay-color":"","overlay-opacity":"","overlay-gradient":""},"mobile":{"background-color":"","background-image":"","background-repeat":"repeat","background-position":"center center","background-size":"auto","background-attachment":"scroll","background-type":"","background-media":"","overlay-type":"","overlay-color":"","overlay-opacity":"","overlay-gradient":""}},"ast-content-background-meta":{"desktop":{"background-color":"var(--ast-global-color-5)","background-image":"","background-repeat":"repeat","background-position":"center center","background-size":"auto","background-attachment":"scroll","background-type":"","background-media":"","overlay-type":"","overlay-color":"","overlay-opacity":"","overlay-gradient":""},"tablet":{"background-color":"var(--ast-global-color-5)","background-image":"","background-repeat":"repeat","background-position":"center center","background-size":"auto","background-attachment":"scroll","background-type":"","background-media":"","overlay-type":"","overlay-color":"","overlay-opacity":"","overlay-gradient":""},"mobile":{"background-color":"var(--ast-global-color-5)","background-image":"","background-repeat":"repeat","background-position":"center center","background-size":"auto","background-attachment":"scroll","background-type":"","background-media":"","overlay-type":"","overlay-color":"","overlay-opacity":"","overlay-gradient":""}},"footnotes":""},"categories":[29],"tags":[],"class_list":["post-13557","post","type-post","status-publish","format-standard","has-post-thumbnail","hentry","category-portada"],"post_mailing_queue_ids":[],"_links":{"self":[{"href":"https:\/\/agora.xtec.cat\/iesvila-seca\/wp-json\/wp\/v2\/posts\/13557","targetHints":{"allow":["GET"]}}],"collection":[{"href":"https:\/\/agora.xtec.cat\/iesvila-seca\/wp-json\/wp\/v2\/posts"}],"about":[{"href":"https:\/\/agora.xtec.cat\/iesvila-seca\/wp-json\/wp\/v2\/types\/post"}],"author":[{"embeddable":true,"href":"https:\/\/agora.xtec.cat\/iesvila-seca\/wp-json\/wp\/v2\/users\/1"}],"replies":[{"embeddable":true,"href":"https:\/\/agora.xtec.cat\/iesvila-seca\/wp-json\/wp\/v2\/comments?post=13557"}],"version-history":[{"count":1,"href":"https:\/\/agora.xtec.cat\/iesvila-seca\/wp-json\/wp\/v2\/posts\/13557\/revisions"}],"predecessor-version":[{"id":13563,"href":"https:\/\/agora.xtec.cat\/iesvila-seca\/wp-json\/wp\/v2\/posts\/13557\/revisions\/13563"}],"wp:featuredmedia":[{"embeddable":true,"href":"https:\/\/agora.xtec.cat\/iesvila-seca\/wp-json\/wp\/v2\/media\/13558"}],"wp:attachment":[{"href":"https:\/\/agora.xtec.cat\/iesvila-seca\/wp-json\/wp\/v2\/media?parent=13557"}],"wp:term":[{"taxonomy":"category","embeddable":true,"href":"https:\/\/agora.xtec.cat\/iesvila-seca\/wp-json\/wp\/v2\/categories?post=13557"},{"taxonomy":"post_tag","embeddable":true,"href":"https:\/\/agora.xtec.cat\/iesvila-seca\/wp-json\/wp\/v2\/tags?post=13557"}],"curies":[{"name":"wp","href":"https:\/\/api.w.org\/{rel}","templated":true}]}}