{"id":1336,"date":"2016-10-24T22:14:22","date_gmt":"2016-10-24T20:14:22","guid":{"rendered":"http:\/\/agora.xtec.cat\/iesvila-seca\/?p=1336"},"modified":"2016-10-24T23:26:51","modified_gmt":"2016-10-24T21:26:51","slug":"informacio-sobre-la-vaga-destudiants-del-26-doctubre","status":"publish","type":"post","link":"https:\/\/agora.xtec.cat\/iesvila-seca\/portada\/informacio-sobre-la-vaga-destudiants-del-26-doctubre\/","title":{"rendered":"Informaci\u00f3 sobre la vaga d&#8217;estudiants del 26 d&#8217;octubre"},"content":{"rendered":"<p class=\"western\"><span style=\"font-family: Arial, sans-serif;\">Benvolguts pares\/mares:<\/span><\/p>\n<p class=\"western\"><span style=\"font-family: 'Liberation Serif', serif;\"><span style=\"font-family: Arial, sans-serif;\">El dia 26 d\u2019octubre hi ha convocada u<\/span><span style=\"font-family: Arial, sans-serif;\">na vaga estudiantil<\/span><span style=\"font-family: Arial, sans-serif;\">.<\/span><\/span><\/p>\n<p class=\"western\"><span style=\"font-family: Arial, sans-serif;\">Pel que fa a l\u2019alumnat,<\/span><\/p>\n<p>El decret <span lang=\"es-ES\">102\/2010, <\/span>de 3 d\u2019agost, d\u2019autonomia dels centres educatiu, preveu en l\u2019article 24 que els alumnes a partir de 3r d\u2019ESO puguin no assistir a classe de forma que aquestes abs\u00e8ncies no tinguin la consideraci\u00f3 de falta ni siguin objecte de sanci\u00f3, <span style=\"color: #000000;\"><em>s<\/em><\/span><span style=\"color: #000000;\"><em>empre que el centre tingui la corresponent autoritzaci\u00f3 dels seus pares i que els delegats ho hagin comunicat a la direcci\u00f3 del centre.<\/em><\/span><\/p>\n<p class=\"western\"><span style=\"font-family: Arial, sans-serif;\">Per tant i amb l\u2019objectiu de clarificar la situaci\u00f3 pels propers dies, la direcci\u00f3 del Centre considera:<\/span><\/p>\n<p style=\"padding-left: 30px;\"><span style=\"color: #666699;\"><span style=\"font-family: Arial, sans-serif;\">Que en el <\/span><span style=\"font-family: Arial, sans-serif;\"><b>primer cicle d\u2019ESO<\/b><\/span><span style=\"font-family: Arial, sans-serif;\"> (primer i segon curs) s\u2019ha d\u2019assistir a classe de forma ordin\u00e0ria i obligat\u00f2ria.<\/span><\/span><\/p>\n<p style=\"padding-left: 30px;\"><span style=\"color: #666699;\"><span style=\"font-family: Arial, sans-serif;\">Que en el <\/span><span style=\"font-family: Arial, sans-serif;\"><b>segon cicle d\u2019ESO<\/b><\/span><span style=\"font-family: Arial, sans-serif;\">, (3r i 4t) si els alumnes desitgen no assistir a classe, <\/span><span style=\"font-family: Arial, sans-serif;\"><b>cal que els pares signin l\u2019autoritzaci\u00f3 que adjuntem<\/b><\/span><span style=\"font-family: Arial, sans-serif;\">. Per tant, \u00e9s la fam\u00edlia qui es fa c\u00e0rrec.<\/span><\/span><\/p>\n<p style=\"padding-left: 30px;\"><span style=\"color: #666699;\"><span style=\"font-family: Arial, sans-serif;\">Pel que fa al <\/span><span style=\"font-family: Arial, sans-serif;\"><b>Batxillerat<\/b><\/span><span style=\"font-family: Arial, sans-serif;\">, cal que els delegats comuniquin a la direcci\u00f3 del centre la intenci\u00f3 de cada grup resultat de la corresponent reuni\u00f3.<\/span><\/span><\/p>\n<p class=\"western\"><span style=\"font-family: 'Liberation Serif', serif;\"><span style=\"font-family: Arial, sans-serif;\">Per qualsevol dubte quedo a la seva disposici\u00f3,<\/span><\/span><\/p>\n<p>Mercedes Bermejo, directora<\/p>\n","protected":false},"excerpt":{"rendered":"<p>Benvolguts pares\/mares: El dia 26 d\u2019octubre hi ha convocada una vaga estudiantil. Pel que fa a l\u2019alumnat, El decret 102\/2010, de 3 d\u2019agost, d\u2019autonomia dels centres educatiu, preveu en l\u2019article 24 que els alumnes a partir de 3r d\u2019ESO puguin no assistir a classe de forma que aquestes abs\u00e8ncies no tinguin la consideraci\u00f3 de falta [&hellip;]<\/p>\n","protected":false},"author":1,"featured_media":0,"comment_status":"closed","ping_status":"closed","sticky":false,"template":"","format":"standard","meta":{"_bbp_topic_count":0,"_bbp_reply_count":0,"_bbp_total_topic_count":0,"_bbp_total_reply_count":0,"_bbp_voice_count":0,"_bbp_anonymous_reply_count":0,"_bbp_topic_count_hidden":0,"_bbp_reply_count_hidden":0,"_bbp_forum_subforum_count":0,"site-sidebar-layout":"default","site-content-layout":"","ast-site-content-layout":"","site-content-style":"default","site-sidebar-style":"default","ast-global-header-display":"","ast-banner-title-visibility":"","ast-main-header-display":"","ast-hfb-above-header-display":"","ast-hfb-below-header-display":"","ast-hfb-mobile-header-display":"","site-post-title":"","ast-breadcrumbs-content":"","ast-featured-img":"","footer-sml-layout":"","theme-transparent-header-meta":"","adv-header-id-meta":"","stick-header-meta":"","header-above-stick-meta":"","header-main-stick-meta":"","header-below-stick-meta":"","astra-migrate-meta-layouts":"default","ast-page-background-enabled":"default","ast-page-background-meta":{"desktop":{"background-color":"var(--ast-global-color-4)","background-image":"","background-repeat":"repeat","background-position":"center center","background-size":"auto","background-attachment":"scroll","background-type":"","background-media":"","overlay-type":"","overlay-color":"","overlay-opacity":"","overlay-gradient":""},"tablet":{"background-color":"","background-image":"","background-repeat":"repeat","background-position":"center center","background-size":"auto","background-attachment":"scroll","background-type":"","background-media":"","overlay-type":"","overlay-color":"","overlay-opacity":"","overlay-gradient":""},"mobile":{"background-color":"","background-image":"","background-repeat":"repeat","background-position":"center center","background-size":"auto","background-attachment":"scroll","background-type":"","background-media":"","overlay-type":"","overlay-color":"","overlay-opacity":"","overlay-gradient":""}},"ast-content-background-meta":{"desktop":{"background-color":"var(--ast-global-color-5)","background-image":"","background-repeat":"repeat","background-position":"center center","background-size":"auto","background-attachment":"scroll","background-type":"","background-media":"","overlay-type":"","overlay-color":"","overlay-opacity":"","overlay-gradient":""},"tablet":{"background-color":"var(--ast-global-color-5)","background-image":"","background-repeat":"repeat","background-position":"center center","background-size":"auto","background-attachment":"scroll","background-type":"","background-media":"","overlay-type":"","overlay-color":"","overlay-opacity":"","overlay-gradient":""},"mobile":{"background-color":"var(--ast-global-color-5)","background-image":"","background-repeat":"repeat","background-position":"center center","background-size":"auto","background-attachment":"scroll","background-type":"","background-media":"","overlay-type":"","overlay-color":"","overlay-opacity":"","overlay-gradient":""}},"footnotes":""},"categories":[29],"tags":[],"class_list":["post-1336","post","type-post","status-publish","format-standard","hentry","category-portada"],"post_mailing_queue_ids":[],"_links":{"self":[{"href":"https:\/\/agora.xtec.cat\/iesvila-seca\/wp-json\/wp\/v2\/posts\/1336","targetHints":{"allow":["GET"]}}],"collection":[{"href":"https:\/\/agora.xtec.cat\/iesvila-seca\/wp-json\/wp\/v2\/posts"}],"about":[{"href":"https:\/\/agora.xtec.cat\/iesvila-seca\/wp-json\/wp\/v2\/types\/post"}],"author":[{"embeddable":true,"href":"https:\/\/agora.xtec.cat\/iesvila-seca\/wp-json\/wp\/v2\/users\/1"}],"replies":[{"embeddable":true,"href":"https:\/\/agora.xtec.cat\/iesvila-seca\/wp-json\/wp\/v2\/comments?post=1336"}],"version-history":[{"count":3,"href":"https:\/\/agora.xtec.cat\/iesvila-seca\/wp-json\/wp\/v2\/posts\/1336\/revisions"}],"predecessor-version":[{"id":1353,"href":"https:\/\/agora.xtec.cat\/iesvila-seca\/wp-json\/wp\/v2\/posts\/1336\/revisions\/1353"}],"wp:attachment":[{"href":"https:\/\/agora.xtec.cat\/iesvila-seca\/wp-json\/wp\/v2\/media?parent=1336"}],"wp:term":[{"taxonomy":"category","embeddable":true,"href":"https:\/\/agora.xtec.cat\/iesvila-seca\/wp-json\/wp\/v2\/categories?post=1336"},{"taxonomy":"post_tag","embeddable":true,"href":"https:\/\/agora.xtec.cat\/iesvila-seca\/wp-json\/wp\/v2\/tags?post=1336"}],"curies":[{"name":"wp","href":"https:\/\/api.w.org\/{rel}","templated":true}]}}