{"id":12914,"date":"2026-01-15T14:30:57","date_gmt":"2026-01-15T13:30:57","guid":{"rendered":"https:\/\/agora.xtec.cat\/iesvila-seca\/?p=12914"},"modified":"2026-01-15T14:30:57","modified_gmt":"2026-01-15T13:30:57","slug":"cuidem-els-ocells-dels-nostres-jardins","status":"publish","type":"post","link":"https:\/\/agora.xtec.cat\/iesvila-seca\/portada\/cuidem-els-ocells-dels-nostres-jardins\/","title":{"rendered":"Cuidem els ocells dels nostres jardins"},"content":{"rendered":"<p style=\"text-align: center;\">\r\n\t<div class=\"slideshow_container slideshow_container_style-light\" style=\"height: 500px; \" data-slideshow-id=\"12906\" data-style-name=\"style-light\" data-style-version=\"2.3.1\" >\r\n\r\n\t\t\t\t\t<div class=\"slideshow_loading_icon\"><\/div>\r\n\t\t\r\n\t\t<div class=\"slideshow_content\" style=\"display: none;\">\r\n\r\n\t\t\t<div class=\"slideshow_view\">\r\n\t\t\t\t<div class=\"slideshow_slide slideshow_slide_image\">\r\n\t\t\t\t\t\t\t\t\t\t\t<img src=\"https:\/\/agora.xtec.cat\/iesvila-seca\/wp-content\/uploads\/usu475\/2026\/01\/20251016_091541.jpg\" alt=\"20251016_091541\" width=\"900\" height=\"675\" \/>\r\n\t\t\t\t\t\t\t\t\t\t<div class=\"slideshow_description_box slideshow_transparent\">\r\n\t\t\t\t\t\t<div class=\"slideshow_title\">20251016_091541<\/div>\t\t\t\t\t\t\t\t\t\t\t<\/div>\r\n\t\t\t\t<\/div>\r\n\r\n\t\t\t\t\t\t<div style=\"clear: both;\"><\/div><\/div><div class=\"slideshow_view\">\r\n\t\t\t\t<div class=\"slideshow_slide slideshow_slide_image\">\r\n\t\t\t\t\t\t\t\t\t\t\t<img src=\"https:\/\/agora.xtec.cat\/iesvila-seca\/wp-content\/uploads\/usu475\/2026\/01\/20251016_091551.jpg\" alt=\"20251016_091551\" width=\"900\" height=\"675\" \/>\r\n\t\t\t\t\t\t\t\t\t\t<div class=\"slideshow_description_box slideshow_transparent\">\r\n\t\t\t\t\t\t<div class=\"slideshow_title\">20251016_091551<\/div>\t\t\t\t\t\t\t\t\t\t\t<\/div>\r\n\t\t\t\t<\/div>\r\n\r\n\t\t\t\t\t\t<div style=\"clear: both;\"><\/div><\/div><div class=\"slideshow_view\">\r\n\t\t\t\t<div class=\"slideshow_slide slideshow_slide_image\">\r\n\t\t\t\t\t\t\t\t\t\t\t<img src=\"https:\/\/agora.xtec.cat\/iesvila-seca\/wp-content\/uploads\/usu475\/2026\/01\/20251016_091554.jpg\" alt=\"20251016_091554\" width=\"900\" height=\"675\" \/>\r\n\t\t\t\t\t\t\t\t\t\t<div class=\"slideshow_description_box slideshow_transparent\">\r\n\t\t\t\t\t\t<div class=\"slideshow_title\">20251016_091554<\/div>\t\t\t\t\t\t\t\t\t\t\t<\/div>\r\n\t\t\t\t<\/div>\r\n\r\n\t\t\t\t\t\t<div style=\"clear: both;\"><\/div><\/div><div class=\"slideshow_view\">\r\n\t\t\t\t<div class=\"slideshow_slide slideshow_slide_image\">\r\n\t\t\t\t\t\t\t\t\t\t\t<img src=\"https:\/\/agora.xtec.cat\/iesvila-seca\/wp-content\/uploads\/usu475\/2026\/01\/1000041642.jpg\" alt=\"1000041642\" width=\"900\" height=\"675\" \/>\r\n\t\t\t\t\t\t\t\t\t\t<div class=\"slideshow_description_box slideshow_transparent\">\r\n\t\t\t\t\t\t<div class=\"slideshow_title\">1000041642<\/div>\t\t\t\t\t\t\t\t\t\t\t<\/div>\r\n\t\t\t\t<\/div>\r\n\r\n\t\t\t\t\t\t<div style=\"clear: both;\"><\/div><\/div><div class=\"slideshow_view\">\r\n\t\t\t\t<div class=\"slideshow_slide slideshow_slide_image\">\r\n\t\t\t\t\t\t\t\t\t\t\t<img src=\"https:\/\/agora.xtec.cat\/iesvila-seca\/wp-content\/uploads\/usu475\/2026\/01\/1000041643.jpg\" alt=\"1000041643\" width=\"900\" height=\"1200\" \/>\r\n\t\t\t\t\t\t\t\t\t\t<div class=\"slideshow_description_box slideshow_transparent\">\r\n\t\t\t\t\t\t<div class=\"slideshow_title\">1000041643<\/div>\t\t\t\t\t\t\t\t\t\t\t<\/div>\r\n\t\t\t\t<\/div>\r\n\r\n\t\t\t\t\t\t<div style=\"clear: both;\"><\/div><\/div><div class=\"slideshow_view\">\r\n\t\t\t\t<div class=\"slideshow_slide slideshow_slide_image\">\r\n\t\t\t\t\t\t\t\t\t\t\t<img src=\"https:\/\/agora.xtec.cat\/iesvila-seca\/wp-content\/uploads\/usu475\/2026\/01\/1000041646.jpg\" alt=\"1000041646\" width=\"900\" height=\"1200\" \/>\r\n\t\t\t\t\t\t\t\t\t\t<div class=\"slideshow_description_box slideshow_transparent\">\r\n\t\t\t\t\t\t<div class=\"slideshow_title\">1000041646<\/div>\t\t\t\t\t\t\t\t\t\t\t<\/div>\r\n\t\t\t\t<\/div>\r\n\r\n\t\t\t\t\t\t<div style=\"clear: both;\"><\/div><\/div><div class=\"slideshow_view\">\r\n\t\t\t\t<div class=\"slideshow_slide slideshow_slide_image\">\r\n\t\t\t\t\t\t\t\t\t\t\t<img src=\"https:\/\/agora.xtec.cat\/iesvila-seca\/wp-content\/uploads\/usu475\/2026\/01\/IMG-20251016-WA0004.jpeg\" alt=\"IMG-20251016-WA0004\" width=\"900\" height=\"1600\" \/>\r\n\t\t\t\t\t\t\t\t\t\t<div class=\"slideshow_description_box slideshow_transparent\">\r\n\t\t\t\t\t\t<div class=\"slideshow_title\">IMG-20251016-WA0004<\/div>\t\t\t\t\t\t\t\t\t\t\t<\/div>\r\n\t\t\t\t<\/div>\r\n\r\n\t\t\t\t\t\t<div style=\"clear: both;\"><\/div><\/div>\r\n\t\t<\/div>\r\n\r\n\t\t<div class=\"slideshow_controlPanel slideshow_transparent\" style=\"display: none;\"><ul><li class=\"slideshow_togglePlay\" data-play-text=\"Visualitza\" data-pause-text=\"Pausa\"><\/li><\/ul><\/div>\r\n\r\n\t\t<div class=\"slideshow_button slideshow_previous slideshow_transparent\" role=\"button\" data-previous-text=\"Anterior\" style=\"display: none;\"><\/div>\r\n\t\t<div class=\"slideshow_button slideshow_next slideshow_transparent\" role=\"button\" data-next-text=\"Seg\u00fcent\" style=\"display: none;\"><\/div>\r\n\r\n\t\t<div class=\"slideshow_pagination\" style=\"display: none;\" data-go-to-text=\"V\u00e9s a la diapositiva\"><div class=\"slideshow_pagination_center\"><\/div><\/div>\r\n\r\n\t\t<!-- WordPress Slideshow Version 2.3.1 -->\r\n\r\n\t\t\t<\/div>\r\n\r\n<\/p>\n<p style=\"text-align: justify;\">A l\u2019optativa MEDI AMBIENT de 2n ESO estem estudiant els ocells i el seu h\u00e0bitat. Per aquest motiu hem recollit informaci\u00f3 sobre aquestes esp\u00e8cies i, al taller hem constru\u00eft caixes-niu.<\/p>\n<p style=\"text-align: justify;\">Segons diversos estudis, es pot observar que les poblacions d\u2019ocells estan disminuint, tant a Espanya com a la resta d\u2019Europa. Els principals motius d\u2019aquest descens al nostre pa\u00eds s\u00f3n:<\/p>\n<ul style=\"text-align: justify;\">\n<li>MOTIU 1. Disminueix la pres\u00e8ncia d&#8217;aus hivernant al delta de l&#8217;Ebre a causa de les alteracions del riu i del canvi clim\u00e0tic.<\/li>\n<li>MOTIU 2: L\u2019agricultura fa cada vegada m\u00e9s \u00fas de fertilitzants i pesticides, productes que eliminen els insectes i altres invertebrats del s\u00f2l. Aquests animals s\u00f3n un aliment essencial de molts ocells, especialment en l\u2019\u00e8poca de cria quan els pollets necessiten molta prote\u00efna. Aquests productes tamb\u00e9 contaminen les llavors i, si els ocells les ingereixen, les subst\u00e0ncies t\u00f2xiques poden arribar a provocar-los la mort.<\/li>\n<\/ul>\n<p style=\"text-align: justify;\">En nom\u00e9s dotze anys, les poblacions d&#8217;ocells d&#8217;alta muntanya han disminu\u00eft un 10% a Europa i un 21% a la pen\u00ednsula Ib\u00e8rica. Aix\u00ed ho revela un estudi publicat a la revista. El percentatge \u00e9s superior a la disminuci\u00f3 experimentada pels ocells m\u00e9s comuns de la terra baixa, que \u00e9s del 7%.<\/p>\n<p style=\"text-align: justify;\">A Vila-seca tenim un entorn ideal pels ocells, especialment per les esp\u00e8cies migrat\u00f2ries com \u00e9s la Torre d\u2019en Dol\u00e7a. Si protegim i cuidem aquest ecosistema, afavorim aquestes esp\u00e8cies i podem col\u00b7laborar amb la seva recuperaci\u00f3. Aquesta \u00e9s una tasca que correspon a l\u2019Ajuntament de Vila-seca per\u00f2 en el qual tots podem col\u00b7laborar mantenint l\u2019espai net i evitant molestar els seus habitants.<\/p>\n<p style=\"text-align: justify;\">PER\u00d2 CADASC\u00da DE NOSALTRES, PODEM FER M\u00c9S!<\/p>\n<p style=\"text-align: justify;\">A casa nostra (si tenim pati o terrassa), podem ajudar els ocells instal\u00b7lant una caixa-niu o un abeurador. Hem de saber que no tots els ocells fan servir el mateix model de caixa per nidificar.<\/p>\n<p style=\"text-align: justify;\">La caixa-niu que vam construir al taller \u00e9s ideal per al pardal com\u00fa, el cargolet i el papamosques forrellat.<\/p>\n<p style=\"text-align: justify;\">Per fer la caixa-niu, hem necessitat aquestes eines i materials: Fusta (de 10 mm de gruixut), pinzells, serres, vern\u00eds (no t\u00f2xic), sergent, tornav\u00eds, martell, trepant de columna, ulleres, claus, cola i frontisses.<\/p>\n<p style=\"text-align: justify;\">A les imatges us mostrem com van quedar les nostres caixes-niu. En tenim 5. On us agradaria que les col\u00b7loquem?<\/p>\n<p style=\"text-align: justify;\">Tot i que no en vam construir cap, vam buscar informaci\u00f3 sobre abeuradors. Aquests s\u00f3n molt importants quan els ocells no tenen aigua disponible, com en els mesos d\u2019estiu que fa molt\u00edssima calor i no plou. N\u2019hi ha de diferents models, per\u00f2 un simple plat amb aigua pot salvar alguns d\u2019aquests petits \u00e9ssers.<\/p>\n<p style=\"text-align: justify;\">ALUMNES QUE HAN COL\u00b7LABORAT AMB AQUEST TEXT:<\/p>\n<p style=\"text-align: justify;\">Cristina Castillo, Sol Clavillo, Almudena Dominguez, Alejandra Franco, Samantha Giron, Elsa Refet<\/p>\n<p style=\"text-align: justify;\">Andrea Guiu<\/p>\n<p style=\"text-align: justify;\">Isabel Mendes<\/p>\n<p style=\"text-align: justify;\">Professores de l\u2019optativa Medi Ambient<\/p>\n<p style=\"text-align: justify;\">Projecte Escoles Verdes<\/p>\n","protected":false},"excerpt":{"rendered":"<p>A l\u2019optativa MEDI AMBIENT de 2n ESO estem estudiant els ocells i el seu h\u00e0bitat. Per aquest motiu hem recollit informaci\u00f3 sobre aquestes esp\u00e8cies i, al taller hem constru\u00eft caixes-niu<\/p>\n","protected":false},"author":1,"featured_media":12911,"comment_status":"closed","ping_status":"open","sticky":false,"template":"","format":"standard","meta":{"_bbp_topic_count":0,"_bbp_reply_count":0,"_bbp_total_topic_count":0,"_bbp_total_reply_count":0,"_bbp_voice_count":0,"_bbp_anonymous_reply_count":0,"_bbp_topic_count_hidden":0,"_bbp_reply_count_hidden":0,"_bbp_forum_subforum_count":0,"site-sidebar-layout":"default","site-content-layout":"","ast-site-content-layout":"","site-content-style":"default","site-sidebar-style":"default","ast-global-header-display":"","ast-banner-title-visibility":"","ast-main-header-display":"","ast-hfb-above-header-display":"","ast-hfb-below-header-display":"","ast-hfb-mobile-header-display":"","site-post-title":"","ast-breadcrumbs-content":"","ast-featured-img":"","footer-sml-layout":"","theme-transparent-header-meta":"","adv-header-id-meta":"","stick-header-meta":"","header-above-stick-meta":"","header-main-stick-meta":"","header-below-stick-meta":"","astra-migrate-meta-layouts":"default","ast-page-background-enabled":"default","ast-page-background-meta":{"desktop":{"background-color":"var(--ast-global-color-4)","background-image":"","background-repeat":"repeat","background-position":"center center","background-size":"auto","background-attachment":"scroll","background-type":"","background-media":"","overlay-type":"","overlay-color":"","overlay-opacity":"","overlay-gradient":""},"tablet":{"background-color":"","background-image":"","background-repeat":"repeat","background-position":"center center","background-size":"auto","background-attachment":"scroll","background-type":"","background-media":"","overlay-type":"","overlay-color":"","overlay-opacity":"","overlay-gradient":""},"mobile":{"background-color":"","background-image":"","background-repeat":"repeat","background-position":"center center","background-size":"auto","background-attachment":"scroll","background-type":"","background-media":"","overlay-type":"","overlay-color":"","overlay-opacity":"","overlay-gradient":""}},"ast-content-background-meta":{"desktop":{"background-color":"var(--ast-global-color-5)","background-image":"","background-repeat":"repeat","background-position":"center center","background-size":"auto","background-attachment":"scroll","background-type":"","background-media":"","overlay-type":"","overlay-color":"","overlay-opacity":"","overlay-gradient":""},"tablet":{"background-color":"var(--ast-global-color-5)","background-image":"","background-repeat":"repeat","background-position":"center center","background-size":"auto","background-attachment":"scroll","background-type":"","background-media":"","overlay-type":"","overlay-color":"","overlay-opacity":"","overlay-gradient":""},"mobile":{"background-color":"var(--ast-global-color-5)","background-image":"","background-repeat":"repeat","background-position":"center center","background-size":"auto","background-attachment":"scroll","background-type":"","background-media":"","overlay-type":"","overlay-color":"","overlay-opacity":"","overlay-gradient":""}},"footnotes":""},"categories":[29],"tags":[],"class_list":["post-12914","post","type-post","status-publish","format-standard","has-post-thumbnail","hentry","category-portada"],"post_mailing_queue_ids":[],"_links":{"self":[{"href":"https:\/\/agora.xtec.cat\/iesvila-seca\/wp-json\/wp\/v2\/posts\/12914","targetHints":{"allow":["GET"]}}],"collection":[{"href":"https:\/\/agora.xtec.cat\/iesvila-seca\/wp-json\/wp\/v2\/posts"}],"about":[{"href":"https:\/\/agora.xtec.cat\/iesvila-seca\/wp-json\/wp\/v2\/types\/post"}],"author":[{"embeddable":true,"href":"https:\/\/agora.xtec.cat\/iesvila-seca\/wp-json\/wp\/v2\/users\/1"}],"replies":[{"embeddable":true,"href":"https:\/\/agora.xtec.cat\/iesvila-seca\/wp-json\/wp\/v2\/comments?post=12914"}],"version-history":[{"count":1,"href":"https:\/\/agora.xtec.cat\/iesvila-seca\/wp-json\/wp\/v2\/posts\/12914\/revisions"}],"predecessor-version":[{"id":12915,"href":"https:\/\/agora.xtec.cat\/iesvila-seca\/wp-json\/wp\/v2\/posts\/12914\/revisions\/12915"}],"wp:featuredmedia":[{"embeddable":true,"href":"https:\/\/agora.xtec.cat\/iesvila-seca\/wp-json\/wp\/v2\/media\/12911"}],"wp:attachment":[{"href":"https:\/\/agora.xtec.cat\/iesvila-seca\/wp-json\/wp\/v2\/media?parent=12914"}],"wp:term":[{"taxonomy":"category","embeddable":true,"href":"https:\/\/agora.xtec.cat\/iesvila-seca\/wp-json\/wp\/v2\/categories?post=12914"},{"taxonomy":"post_tag","embeddable":true,"href":"https:\/\/agora.xtec.cat\/iesvila-seca\/wp-json\/wp\/v2\/tags?post=12914"}],"curies":[{"name":"wp","href":"https:\/\/api.w.org\/{rel}","templated":true}]}}