{"id":12858,"date":"2025-12-04T08:58:28","date_gmt":"2025-12-04T07:58:28","guid":{"rendered":"https:\/\/agora.xtec.cat\/iesvila-seca\/?p=12858"},"modified":"2025-12-08T15:57:32","modified_gmt":"2025-12-08T14:57:32","slug":"piano-al-conservatori-de-musica-de-vila-seca","status":"publish","type":"post","link":"https:\/\/agora.xtec.cat\/iesvila-seca\/portada\/piano-al-conservatori-de-musica-de-vila-seca\/","title":{"rendered":"Alumnes de 1r al Conservatori de M\u00fasica de Vila-seca"},"content":{"rendered":"<p>&nbsp;<\/p>\n<p style=\"text-align: center;\"><a href=\"https:\/\/youtu.be\/i2YshIo2ywc?si=2vcFOxoQUbhUx_5l\"><img decoding=\"async\" class=\"aligncenter wp-image-12860 size-full\" title=\"Clica per veure el v\u00eddeo\" src=\"https:\/\/agora.xtec.cat\/iesvila-seca\/wp-content\/uploads\/usu475\/2025\/12\/IMG_7009.heic\" alt=\"\" \/><\/a><\/p>\n<p style=\"text-align: justify;\">El passat dimecres 26 de Novembre els nostres alumnes de 1er ESO que, a m\u00e9s de cursar estudis al nostre centre, estudien Piano al Conservatori de M\u00fasica de Vila-seca, van interpretar algunes peces en el piano que amb motiu del Concurs maria Canals es va instal\u00b7lar a la resid\u00e8ncia de Vila-seca.<\/p>\n<p style=\"text-align: justify;\">Amb motiu del citat concurs la Associaci\u00f3 Maria Canals acostuma a instal\u00b7lar pianos en llocs p\u00fablics per tal de que les persones que ho desitgen puguin tocar un piano de cua. Normalment aix\u00f2 s\u2019ha dut a terme en Barcelona, per\u00f2 aquest anys ho hem pogut gaudir a Vila-seca, Tarragona, Granollers, Mollet, Val\u00e8ncia, a m\u00e9s de Barcelona, juntament amb altres concerts i actes diversos.<\/p>\n<p style=\"text-align: justify;\">El concurs pr\u00f2piament es dur\u00e0 a terme entre el 15 i el 26 de mar\u00e7 del 2026. Esperem que d\u2019aqu\u00ed uns anys algun d&#8217;aquests alumnes que van tocar a la resid\u00e8ncia puguin participar en aquest concurs i pot ser fins i tot guanyar-lo, \u00e0nims\u00a1\u00a1<\/p>\n","protected":false},"excerpt":{"rendered":"<p>&nbsp; El passat dimecres 26 de Novembre els nostres alumnes de 1er ESO que, a m\u00e9s de cursar estudis al nostre centre, estudien Piano al Conservatori de M\u00fasica de Vila-seca, van interpretar algunes peces en el piano que amb motiu del Concurs maria Canals es va instal\u00b7lar a la resid\u00e8ncia de Vila-seca. Amb motiu del [&hellip;]<\/p>\n","protected":false},"author":1,"featured_media":12860,"comment_status":"closed","ping_status":"closed","sticky":false,"template":"","format":"standard","meta":{"_bbp_topic_count":0,"_bbp_reply_count":0,"_bbp_total_topic_count":0,"_bbp_total_reply_count":0,"_bbp_voice_count":0,"_bbp_anonymous_reply_count":0,"_bbp_topic_count_hidden":0,"_bbp_reply_count_hidden":0,"_bbp_forum_subforum_count":0,"site-sidebar-layout":"default","site-content-layout":"","ast-site-content-layout":"","site-content-style":"default","site-sidebar-style":"default","ast-global-header-display":"","ast-banner-title-visibility":"","ast-main-header-display":"","ast-hfb-above-header-display":"","ast-hfb-below-header-display":"","ast-hfb-mobile-header-display":"","site-post-title":"","ast-breadcrumbs-content":"","ast-featured-img":"","footer-sml-layout":"","theme-transparent-header-meta":"","adv-header-id-meta":"","stick-header-meta":"","header-above-stick-meta":"","header-main-stick-meta":"","header-below-stick-meta":"","astra-migrate-meta-layouts":"default","ast-page-background-enabled":"default","ast-page-background-meta":{"desktop":{"background-color":"var(--ast-global-color-4)","background-image":"","background-repeat":"repeat","background-position":"center center","background-size":"auto","background-attachment":"scroll","background-type":"","background-media":"","overlay-type":"","overlay-color":"","overlay-opacity":"","overlay-gradient":""},"tablet":{"background-color":"","background-image":"","background-repeat":"repeat","background-position":"center center","background-size":"auto","background-attachment":"scroll","background-type":"","background-media":"","overlay-type":"","overlay-color":"","overlay-opacity":"","overlay-gradient":""},"mobile":{"background-color":"","background-image":"","background-repeat":"repeat","background-position":"center center","background-size":"auto","background-attachment":"scroll","background-type":"","background-media":"","overlay-type":"","overlay-color":"","overlay-opacity":"","overlay-gradient":""}},"ast-content-background-meta":{"desktop":{"background-color":"var(--ast-global-color-5)","background-image":"","background-repeat":"repeat","background-position":"center center","background-size":"auto","background-attachment":"scroll","background-type":"","background-media":"","overlay-type":"","overlay-color":"","overlay-opacity":"","overlay-gradient":""},"tablet":{"background-color":"var(--ast-global-color-5)","background-image":"","background-repeat":"repeat","background-position":"center center","background-size":"auto","background-attachment":"scroll","background-type":"","background-media":"","overlay-type":"","overlay-color":"","overlay-opacity":"","overlay-gradient":""},"mobile":{"background-color":"var(--ast-global-color-5)","background-image":"","background-repeat":"repeat","background-position":"center center","background-size":"auto","background-attachment":"scroll","background-type":"","background-media":"","overlay-type":"","overlay-color":"","overlay-opacity":"","overlay-gradient":""}},"footnotes":""},"categories":[29],"tags":[],"class_list":["post-12858","post","type-post","status-publish","format-standard","has-post-thumbnail","hentry","category-portada"],"post_mailing_queue_ids":[],"_links":{"self":[{"href":"https:\/\/agora.xtec.cat\/iesvila-seca\/wp-json\/wp\/v2\/posts\/12858","targetHints":{"allow":["GET"]}}],"collection":[{"href":"https:\/\/agora.xtec.cat\/iesvila-seca\/wp-json\/wp\/v2\/posts"}],"about":[{"href":"https:\/\/agora.xtec.cat\/iesvila-seca\/wp-json\/wp\/v2\/types\/post"}],"author":[{"embeddable":true,"href":"https:\/\/agora.xtec.cat\/iesvila-seca\/wp-json\/wp\/v2\/users\/1"}],"replies":[{"embeddable":true,"href":"https:\/\/agora.xtec.cat\/iesvila-seca\/wp-json\/wp\/v2\/comments?post=12858"}],"version-history":[{"count":6,"href":"https:\/\/agora.xtec.cat\/iesvila-seca\/wp-json\/wp\/v2\/posts\/12858\/revisions"}],"predecessor-version":[{"id":12895,"href":"https:\/\/agora.xtec.cat\/iesvila-seca\/wp-json\/wp\/v2\/posts\/12858\/revisions\/12895"}],"wp:featuredmedia":[{"embeddable":true,"href":"https:\/\/agora.xtec.cat\/iesvila-seca\/wp-json\/wp\/v2\/media\/12860"}],"wp:attachment":[{"href":"https:\/\/agora.xtec.cat\/iesvila-seca\/wp-json\/wp\/v2\/media?parent=12858"}],"wp:term":[{"taxonomy":"category","embeddable":true,"href":"https:\/\/agora.xtec.cat\/iesvila-seca\/wp-json\/wp\/v2\/categories?post=12858"},{"taxonomy":"post_tag","embeddable":true,"href":"https:\/\/agora.xtec.cat\/iesvila-seca\/wp-json\/wp\/v2\/tags?post=12858"}],"curies":[{"name":"wp","href":"https:\/\/api.w.org\/{rel}","templated":true}]}}