{"id":12352,"date":"2025-03-27T12:31:10","date_gmt":"2025-03-27T11:31:10","guid":{"rendered":"https:\/\/agora.xtec.cat\/iesvila-seca\/?p=12352"},"modified":"2025-03-27T12:31:31","modified_gmt":"2025-03-27T11:31:31","slug":"dia-internacional-de-la-poesia","status":"publish","type":"post","link":"https:\/\/agora.xtec.cat\/iesvila-seca\/portada\/dia-internacional-de-la-poesia\/","title":{"rendered":"Dia internacional de la poesia"},"content":{"rendered":"<p><a href=\"https:\/\/agora.xtec.cat\/iesvila-seca\/wp-content\/uploads\/usu475\/2025\/03\/FOTO.png\"><img loading=\"lazy\" decoding=\"async\" class=\"alignnone size-large wp-image-12353\" src=\"https:\/\/agora.xtec.cat\/iesvila-seca\/wp-content\/uploads\/usu475\/2025\/03\/FOTO-1024x582.png\" alt=\"\" width=\"1024\" height=\"582\" srcset=\"https:\/\/agora.xtec.cat\/iesvila-seca\/wp-content\/uploads\/usu475\/2025\/03\/FOTO-1024x582.png 1024w, https:\/\/agora.xtec.cat\/iesvila-seca\/wp-content\/uploads\/usu475\/2025\/03\/FOTO-300x170.png 300w, https:\/\/agora.xtec.cat\/iesvila-seca\/wp-content\/uploads\/usu475\/2025\/03\/FOTO-768x436.png 768w, https:\/\/agora.xtec.cat\/iesvila-seca\/wp-content\/uploads\/usu475\/2025\/03\/FOTO.png 1072w\" sizes=\"auto, (max-width: 1024px) 100vw, 1024px\" \/><\/a><\/p>\n<p style=\"text-align: justify;\">El 21 de mar\u00e7 es commemora arreu del m\u00f3n el Dia Internacional de la Poesia. Com en d\u2019altres ocasions, el nostre centre ha volgut celebrar aquesta data tan especial.<\/p>\n<p style=\"text-align: justify;\">En l\u2019acte, que ha tingut lloc a la biblioteca, i despr\u00e9s de la lectura d\u2019un text de presentaci\u00f3 magn\u00edfic llegit per la professora Raquel Gancholas, els alumnes de l\u2019assignatura de Creaci\u00f3 Liter\u00e0ria Oumou Bah, Roc\u00edo Bes\u00f3s, Andrei Dumitrescu, Nil Parral i In\u00e9s Reyes \u00a0ens han llegit diverses composicions po\u00e8tiques elaborades per ells mateixos. Tots hem quedat fascinats per la gran qualitat dels seus escrits i per la magn\u00edfica manera de llegir-los.<\/p>\n<p style=\"text-align: justify;\">A continuaci\u00f3, els alumnes de la mat\u00e8ria de Literatura Catalana de segon de batxillerat, Roc\u00edo Delgado i Unai Gas, ens han fet un petit esb\u00f3s biogr\u00e0fic de tres dels autors que estudiem aquest curs a classe: Joan Salvat-Papasseit, Salvador Espriu i Maria Merc\u00e8 Mar\u00e7al. Els recitadors han llegit diversos poemes d\u2019aquests escriptors que ells mateixos havien escollit.<\/p>\n<p style=\"text-align: justify;\">D\u2019altres alumnes i professors tamb\u00e9 volgut participar en la lectura de poemes. La Pineda Nadal, de tercer d\u2019ESO, ha llegit en franc\u00e8s el poema L\u2019albatros, de Charles Baudelaire, i l\u2019Andrei Dumitrescu, de 1r de BAT, ha llegit en la seva llengua original un poema de l\u2019autor roman\u00e8s Mihail Eminescu. \u00a0Les professores Paula Alba Rodr\u00edguez i Ruth Segado tamb\u00e9 han recitat composicions de Maria Merc\u00e8 Mar\u00e7al, Josep Maria Llompart i Pol Guasch, mentre que la professora Raquel Gancholas ens ha sorpr\u00e8s amb la lectura d\u2019un poema de creaci\u00f3 pr\u00f2pia.<\/p>\n<p style=\"text-align: justify;\">L\u2019acte ha finalitzat amb la recitaci\u00f3 d\u2019una composici\u00f3 original de l\u2019alumna de 1r d\u2019ESO Laia Jardim, que ha emocionat tots els assistents.<\/p>\n<p style=\"text-align: justify;\">Esperem que tots h\u00e0giu gaudit d\u2019aquesta hora de poesia i que l\u2019inter\u00e8s per aquesta disciplina art\u00edstica no sigui nom\u00e9s cosa d\u2019un dia. Ens retrobem l\u2019any vinent!<\/p>\n<p style=\"text-align: justify;\">Ruth Segado Professora de Llengua Catalana i Literatura<\/p>\n","protected":false},"excerpt":{"rendered":"<p>El 21 de mar\u00e7 es commemora arreu del m\u00f3n el Dia Internacional de la Poesia<\/p>\n","protected":false},"author":1,"featured_media":12353,"comment_status":"closed","ping_status":"closed","sticky":false,"template":"","format":"standard","meta":{"_bbp_topic_count":0,"_bbp_reply_count":0,"_bbp_total_topic_count":0,"_bbp_total_reply_count":0,"_bbp_voice_count":0,"_bbp_anonymous_reply_count":0,"_bbp_topic_count_hidden":0,"_bbp_reply_count_hidden":0,"_bbp_forum_subforum_count":0,"site-sidebar-layout":"default","site-content-layout":"","ast-site-content-layout":"","site-content-style":"default","site-sidebar-style":"default","ast-global-header-display":"","ast-banner-title-visibility":"","ast-main-header-display":"","ast-hfb-above-header-display":"","ast-hfb-below-header-display":"","ast-hfb-mobile-header-display":"","site-post-title":"","ast-breadcrumbs-content":"","ast-featured-img":"","footer-sml-layout":"","theme-transparent-header-meta":"","adv-header-id-meta":"","stick-header-meta":"","header-above-stick-meta":"","header-main-stick-meta":"","header-below-stick-meta":"","astra-migrate-meta-layouts":"default","ast-page-background-enabled":"default","ast-page-background-meta":{"desktop":{"background-color":"var(--ast-global-color-4)","background-image":"","background-repeat":"repeat","background-position":"center center","background-size":"auto","background-attachment":"scroll","background-type":"","background-media":"","overlay-type":"","overlay-color":"","overlay-opacity":"","overlay-gradient":""},"tablet":{"background-color":"","background-image":"","background-repeat":"repeat","background-position":"center center","background-size":"auto","background-attachment":"scroll","background-type":"","background-media":"","overlay-type":"","overlay-color":"","overlay-opacity":"","overlay-gradient":""},"mobile":{"background-color":"","background-image":"","background-repeat":"repeat","background-position":"center center","background-size":"auto","background-attachment":"scroll","background-type":"","background-media":"","overlay-type":"","overlay-color":"","overlay-opacity":"","overlay-gradient":""}},"ast-content-background-meta":{"desktop":{"background-color":"var(--ast-global-color-5)","background-image":"","background-repeat":"repeat","background-position":"center center","background-size":"auto","background-attachment":"scroll","background-type":"","background-media":"","overlay-type":"","overlay-color":"","overlay-opacity":"","overlay-gradient":""},"tablet":{"background-color":"var(--ast-global-color-5)","background-image":"","background-repeat":"repeat","background-position":"center center","background-size":"auto","background-attachment":"scroll","background-type":"","background-media":"","overlay-type":"","overlay-color":"","overlay-opacity":"","overlay-gradient":""},"mobile":{"background-color":"var(--ast-global-color-5)","background-image":"","background-repeat":"repeat","background-position":"center center","background-size":"auto","background-attachment":"scroll","background-type":"","background-media":"","overlay-type":"","overlay-color":"","overlay-opacity":"","overlay-gradient":""}},"footnotes":""},"categories":[29],"tags":[],"class_list":["post-12352","post","type-post","status-publish","format-standard","has-post-thumbnail","hentry","category-portada"],"post_mailing_queue_ids":[],"_links":{"self":[{"href":"https:\/\/agora.xtec.cat\/iesvila-seca\/wp-json\/wp\/v2\/posts\/12352","targetHints":{"allow":["GET"]}}],"collection":[{"href":"https:\/\/agora.xtec.cat\/iesvila-seca\/wp-json\/wp\/v2\/posts"}],"about":[{"href":"https:\/\/agora.xtec.cat\/iesvila-seca\/wp-json\/wp\/v2\/types\/post"}],"author":[{"embeddable":true,"href":"https:\/\/agora.xtec.cat\/iesvila-seca\/wp-json\/wp\/v2\/users\/1"}],"replies":[{"embeddable":true,"href":"https:\/\/agora.xtec.cat\/iesvila-seca\/wp-json\/wp\/v2\/comments?post=12352"}],"version-history":[{"count":2,"href":"https:\/\/agora.xtec.cat\/iesvila-seca\/wp-json\/wp\/v2\/posts\/12352\/revisions"}],"predecessor-version":[{"id":12355,"href":"https:\/\/agora.xtec.cat\/iesvila-seca\/wp-json\/wp\/v2\/posts\/12352\/revisions\/12355"}],"wp:featuredmedia":[{"embeddable":true,"href":"https:\/\/agora.xtec.cat\/iesvila-seca\/wp-json\/wp\/v2\/media\/12353"}],"wp:attachment":[{"href":"https:\/\/agora.xtec.cat\/iesvila-seca\/wp-json\/wp\/v2\/media?parent=12352"}],"wp:term":[{"taxonomy":"category","embeddable":true,"href":"https:\/\/agora.xtec.cat\/iesvila-seca\/wp-json\/wp\/v2\/categories?post=12352"},{"taxonomy":"post_tag","embeddable":true,"href":"https:\/\/agora.xtec.cat\/iesvila-seca\/wp-json\/wp\/v2\/tags?post=12352"}],"curies":[{"name":"wp","href":"https:\/\/api.w.org\/{rel}","templated":true}]}}