{"id":11434,"date":"2024-05-08T12:28:37","date_gmt":"2024-05-08T10:28:37","guid":{"rendered":"https:\/\/agora.xtec.cat\/iesvila-seca\/?p=11434"},"modified":"2024-05-08T12:28:37","modified_gmt":"2024-05-08T10:28:37","slug":"festival-de-sant-jordi","status":"publish","type":"post","link":"https:\/\/agora.xtec.cat\/iesvila-seca\/portada\/festival-de-sant-jordi\/","title":{"rendered":"Festival de Sant Jordi"},"content":{"rendered":"<p style=\"text-align: center;\">\r\n\t<div class=\"slideshow_container slideshow_container_style-light\" style=\"height: 500px; \" data-slideshow-id=\"11419\" data-style-name=\"style-light\" data-style-version=\"2.3.1\" >\r\n\r\n\t\t\t\t\t<div class=\"slideshow_loading_icon\"><\/div>\r\n\t\t\r\n\t\t<div class=\"slideshow_content\" style=\"display: none;\">\r\n\r\n\t\t\t<div class=\"slideshow_view\">\r\n\t\t\t\t<div class=\"slideshow_slide slideshow_slide_image\">\r\n\t\t\t\t\t\t\t\t\t\t\t<img src=\"https:\/\/agora.xtec.cat\/iesvila-seca\/wp-content\/uploads\/usu475\/2024\/05\/Captura-de-pantalla-2024-05-08-a-las-11.36.42.png\" alt=\"Captura de pantalla 2024-05-08 a las 11.36.42\" width=\"541\" height=\"401\" \/>\r\n\t\t\t\t\t\t\t\t\t\t<div class=\"slideshow_description_box slideshow_transparent\">\r\n\t\t\t\t\t\t<div class=\"slideshow_title\">Captura de pantalla 2024-05-08 a las 11.36.42<\/div>\t\t\t\t\t\t\t\t\t\t\t<\/div>\r\n\t\t\t\t<\/div>\r\n\r\n\t\t\t\t\t\t<div style=\"clear: both;\"><\/div><\/div><div class=\"slideshow_view\">\r\n\t\t\t\t<div class=\"slideshow_slide slideshow_slide_image\">\r\n\t\t\t\t\t\t\t\t\t\t\t<img src=\"https:\/\/agora.xtec.cat\/iesvila-seca\/wp-content\/uploads\/usu475\/2024\/05\/Captura-de-pantalla-2024-05-08-a-las-11.36.24.png\" alt=\"Captura de pantalla 2024-05-08 a las 11.36.24\" width=\"542\" height=\"410\" \/>\r\n\t\t\t\t\t\t\t\t\t\t<div class=\"slideshow_description_box slideshow_transparent\">\r\n\t\t\t\t\t\t<div class=\"slideshow_title\">Captura de pantalla 2024-05-08 a las 11.36.24<\/div>\t\t\t\t\t\t\t\t\t\t\t<\/div>\r\n\t\t\t\t<\/div>\r\n\r\n\t\t\t\t\t\t<div style=\"clear: both;\"><\/div><\/div><div class=\"slideshow_view\">\r\n\t\t\t\t<div class=\"slideshow_slide slideshow_slide_image\">\r\n\t\t\t\t\t\t\t\t\t\t\t<img src=\"https:\/\/agora.xtec.cat\/iesvila-seca\/wp-content\/uploads\/usu475\/2024\/05\/Captura-de-pantalla-2024-05-08-a-las-11.36.11.png\" alt=\"Captura de pantalla 2024-05-08 a las 11.36.11\" width=\"542\" height=\"410\" \/>\r\n\t\t\t\t\t\t\t\t\t\t<div class=\"slideshow_description_box slideshow_transparent\">\r\n\t\t\t\t\t\t<div class=\"slideshow_title\">Captura de pantalla 2024-05-08 a las 11.36.11<\/div>\t\t\t\t\t\t\t\t\t\t\t<\/div>\r\n\t\t\t\t<\/div>\r\n\r\n\t\t\t\t\t\t<div style=\"clear: both;\"><\/div><\/div><div class=\"slideshow_view\">\r\n\t\t\t\t<div class=\"slideshow_slide slideshow_slide_image\">\r\n\t\t\t\t\t\t\t\t\t\t\t<img src=\"https:\/\/agora.xtec.cat\/iesvila-seca\/wp-content\/uploads\/usu475\/2024\/05\/Captura-de-pantalla-2024-05-08-a-las-11.35.52-e1715237647261.png\" alt=\"Captura de pantalla 2024-05-08 a las 11.35.52\" width=\"540\" height=\"464\" \/>\r\n\t\t\t\t\t\t\t\t\t\t<div class=\"slideshow_description_box slideshow_transparent\">\r\n\t\t\t\t\t\t<div class=\"slideshow_title\">Captura de pantalla 2024-05-08 a las 11.35.52<\/div>\t\t\t\t\t\t\t\t\t\t\t<\/div>\r\n\t\t\t\t<\/div>\r\n\r\n\t\t\t\t\t\t<div style=\"clear: both;\"><\/div><\/div><div class=\"slideshow_view\">\r\n\t\t\t\t<div class=\"slideshow_slide slideshow_slide_image\">\r\n\t\t\t\t\t\t\t\t\t\t\t<img src=\"https:\/\/agora.xtec.cat\/iesvila-seca\/wp-content\/uploads\/usu475\/2024\/05\/Captura-de-pantalla-2024-05-08-a-las-11.35.03.png\" alt=\"Captura de pantalla 2024-05-08 a las 11.35.03\" width=\"854\" height=\"556\" \/>\r\n\t\t\t\t\t\t\t\t\t\t<div class=\"slideshow_description_box slideshow_transparent\">\r\n\t\t\t\t\t\t<div class=\"slideshow_title\">Captura de pantalla 2024-05-08 a las 11.35.03<\/div>\t\t\t\t\t\t\t\t\t\t\t<\/div>\r\n\t\t\t\t<\/div>\r\n\r\n\t\t\t\t\t\t<div style=\"clear: both;\"><\/div><\/div><div class=\"slideshow_view\">\r\n\t\t\t\t<div class=\"slideshow_slide slideshow_slide_image\">\r\n\t\t\t\t\t\t\t\t\t\t\t<img src=\"https:\/\/agora.xtec.cat\/iesvila-seca\/wp-content\/uploads\/usu475\/2024\/05\/Captura-de-pantalla-2024-05-08-a-las-11.34.47-e1715237344375.png\" alt=\"Captura de pantalla 2024-05-08 a las 11.34.47\" width=\"564\" height=\"372\" \/>\r\n\t\t\t\t\t\t\t\t\t\t<div class=\"slideshow_description_box slideshow_transparent\">\r\n\t\t\t\t\t\t<div class=\"slideshow_title\">Captura de pantalla 2024-05-08 a las 11.34.47<\/div>\t\t\t\t\t\t\t\t\t\t\t<\/div>\r\n\t\t\t\t<\/div>\r\n\r\n\t\t\t\t\t\t<div style=\"clear: both;\"><\/div><\/div><div class=\"slideshow_view\">\r\n\t\t\t\t<div class=\"slideshow_slide slideshow_slide_image\">\r\n\t\t\t\t\t\t\t\t\t\t\t<img src=\"https:\/\/agora.xtec.cat\/iesvila-seca\/wp-content\/uploads\/usu475\/2024\/05\/Captura-de-pantalla-2024-05-08-a-las-11.34.24.png\" alt=\"Captura de pantalla 2024-05-08 a las 11.34.24\" width=\"1017\" height=\"556\" \/>\r\n\t\t\t\t\t\t\t\t\t\t<div class=\"slideshow_description_box slideshow_transparent\">\r\n\t\t\t\t\t\t<div class=\"slideshow_title\">Captura de pantalla 2024-05-08 a las 11.34.24<\/div>\t\t\t\t\t\t\t\t\t\t\t<\/div>\r\n\t\t\t\t<\/div>\r\n\r\n\t\t\t\t\t\t<div style=\"clear: both;\"><\/div><\/div><div class=\"slideshow_view\">\r\n\t\t\t\t<div class=\"slideshow_slide slideshow_slide_image\">\r\n\t\t\t\t\t\t\t\t\t\t\t<img src=\"https:\/\/agora.xtec.cat\/iesvila-seca\/wp-content\/uploads\/usu475\/2024\/05\/Captura-de-pantalla-2024-05-08-a-las-11.33.54-e1715237445464.png\" alt=\"Captura de pantalla 2024-05-08 a las 11.33.54\" width=\"794\" height=\"483\" \/>\r\n\t\t\t\t\t\t\t\t\t\t<div class=\"slideshow_description_box slideshow_transparent\">\r\n\t\t\t\t\t\t<div class=\"slideshow_title\">Captura de pantalla 2024-05-08 a las 11.33.54<\/div>\t\t\t\t\t\t\t\t\t\t\t<\/div>\r\n\t\t\t\t<\/div>\r\n\r\n\t\t\t\t\t\t<div style=\"clear: both;\"><\/div><\/div><div class=\"slideshow_view\">\r\n\t\t\t\t<div class=\"slideshow_slide slideshow_slide_image\">\r\n\t\t\t\t\t\t\t\t\t\t\t<img src=\"https:\/\/agora.xtec.cat\/iesvila-seca\/wp-content\/uploads\/usu475\/2024\/05\/Captura-de-pantalla-2024-05-08-a-las-11.33.35-e1715237408202.png\" alt=\"Captura de pantalla 2024-05-08 a las 11.33.35\" width=\"529\" height=\"354\" \/>\r\n\t\t\t\t\t\t\t\t\t\t<div class=\"slideshow_description_box slideshow_transparent\">\r\n\t\t\t\t\t\t<div class=\"slideshow_title\">Captura de pantalla 2024-05-08 a las 11.33.35<\/div>\t\t\t\t\t\t\t\t\t\t\t<\/div>\r\n\t\t\t\t<\/div>\r\n\r\n\t\t\t\t\t\t<div style=\"clear: both;\"><\/div><\/div><div class=\"slideshow_view\">\r\n\t\t\t\t<div class=\"slideshow_slide slideshow_slide_image\">\r\n\t\t\t\t\t\t\t\t\t\t\t<img src=\"https:\/\/agora.xtec.cat\/iesvila-seca\/wp-content\/uploads\/usu475\/2024\/05\/Captura-de-pantalla-2024-05-08-a-las-11.33.15-e1715237480395.png\" alt=\"Captura de pantalla 2024-05-08 a las 11.33.15\" width=\"553\" height=\"392\" \/>\r\n\t\t\t\t\t\t\t\t\t\t<div class=\"slideshow_description_box slideshow_transparent\">\r\n\t\t\t\t\t\t<div class=\"slideshow_title\">Captura de pantalla 2024-05-08 a las 11.33.15<\/div>\t\t\t\t\t\t\t\t\t\t\t<\/div>\r\n\t\t\t\t<\/div>\r\n\r\n\t\t\t\t\t\t<div style=\"clear: both;\"><\/div><\/div><div class=\"slideshow_view\">\r\n\t\t\t\t<div class=\"slideshow_slide slideshow_slide_image\">\r\n\t\t\t\t\t\t\t\t\t\t\t<img src=\"https:\/\/agora.xtec.cat\/iesvila-seca\/wp-content\/uploads\/usu475\/2024\/05\/Captura-de-pantalla-2024-05-08-a-las-11.32.42-e1715237507991.png\" alt=\"Captura de pantalla 2024-05-08 a las 11.32.42\" width=\"554\" height=\"369\" \/>\r\n\t\t\t\t\t\t\t\t\t\t<div class=\"slideshow_description_box slideshow_transparent\">\r\n\t\t\t\t\t\t<div class=\"slideshow_title\">Captura de pantalla 2024-05-08 a las 11.32.42<\/div>\t\t\t\t\t\t\t\t\t\t\t<\/div>\r\n\t\t\t\t<\/div>\r\n\r\n\t\t\t\t\t\t<div style=\"clear: both;\"><\/div><\/div><div class=\"slideshow_view\">\r\n\t\t\t\t<div class=\"slideshow_slide slideshow_slide_image\">\r\n\t\t\t\t\t\t\t\t\t\t\t<img src=\"https:\/\/agora.xtec.cat\/iesvila-seca\/wp-content\/uploads\/usu475\/2024\/05\/Captura-de-pantalla-2024-05-08-a-las-11.32.31.png\" alt=\"Captura de pantalla 2024-05-08 a las 11.32.31\" width=\"833\" height=\"543\" \/>\r\n\t\t\t\t\t\t\t\t\t\t<div class=\"slideshow_description_box slideshow_transparent\">\r\n\t\t\t\t\t\t<div class=\"slideshow_title\">Captura de pantalla 2024-05-08 a las 11.32.31<\/div>\t\t\t\t\t\t\t\t\t\t\t<\/div>\r\n\t\t\t\t<\/div>\r\n\r\n\t\t\t\t\t\t<div style=\"clear: both;\"><\/div><\/div><div class=\"slideshow_view\">\r\n\t\t\t\t<div class=\"slideshow_slide slideshow_slide_image\">\r\n\t\t\t\t\t\t\t\t\t\t\t<img src=\"https:\/\/agora.xtec.cat\/iesvila-seca\/wp-content\/uploads\/usu475\/2024\/05\/Captura-de-pantalla-2024-05-08-a-las-11.32.21-e1715237546394.png\" alt=\"Captura de pantalla 2024-05-08 a las 11.32.21\" width=\"930\" height=\"546\" \/>\r\n\t\t\t\t\t\t\t\t\t\t<div class=\"slideshow_description_box slideshow_transparent\">\r\n\t\t\t\t\t\t<div class=\"slideshow_title\">Captura de pantalla 2024-05-08 a las 11.32.21<\/div>\t\t\t\t\t\t\t\t\t\t\t<\/div>\r\n\t\t\t\t<\/div>\r\n\r\n\t\t\t\t\t\t<div style=\"clear: both;\"><\/div><\/div><div class=\"slideshow_view\">\r\n\t\t\t\t<div class=\"slideshow_slide slideshow_slide_image\">\r\n\t\t\t\t\t\t\t\t\t\t\t<img src=\"https:\/\/agora.xtec.cat\/iesvila-seca\/wp-content\/uploads\/usu475\/2024\/05\/Captura-de-pantalla-2024-05-08-a-las-11.32.11-e1715237563205.png\" alt=\"Captura de pantalla 2024-05-08 a las 11.32.11\" width=\"564\" height=\"384\" \/>\r\n\t\t\t\t\t\t\t\t\t\t<div class=\"slideshow_description_box slideshow_transparent\">\r\n\t\t\t\t\t\t<div class=\"slideshow_title\">Captura de pantalla 2024-05-08 a las 11.32.11<\/div>\t\t\t\t\t\t\t\t\t\t\t<\/div>\r\n\t\t\t\t<\/div>\r\n\r\n\t\t\t\t\t\t<div style=\"clear: both;\"><\/div><\/div>\r\n\t\t<\/div>\r\n\r\n\t\t<div class=\"slideshow_controlPanel slideshow_transparent\" style=\"display: none;\"><ul><li class=\"slideshow_togglePlay\" data-play-text=\"Visualitza\" data-pause-text=\"Pausa\"><\/li><\/ul><\/div>\r\n\r\n\t\t<div class=\"slideshow_button slideshow_previous slideshow_transparent\" role=\"button\" data-previous-text=\"Anterior\" style=\"display: none;\"><\/div>\r\n\t\t<div class=\"slideshow_button slideshow_next slideshow_transparent\" role=\"button\" data-next-text=\"Seg\u00fcent\" style=\"display: none;\"><\/div>\r\n\r\n\t\t<div class=\"slideshow_pagination\" style=\"display: none;\" data-go-to-text=\"V\u00e9s a la diapositiva\"><div class=\"slideshow_pagination_center\"><\/div><\/div>\r\n\r\n\t\t<!-- WordPress Slideshow Version 2.3.1 -->\r\n\r\n\t\t\t<\/div>\r\n\r\n<\/p>\n<p style=\"text-align: justify;\">Un any m\u00e9s, el nostre centre ha celebrat la diada de Sant Jordi. Hem aprofitat aquesta cita amb la cultura i la literatura per organitzar un festival on l\u2019entrega de premis dels diversos departaments ha estat l\u2019eix conductor.<\/p>\n<p style=\"text-align: justify;\">Federico Henriques i Joan Mu\u00f1oz, alumnes de segon de batxillerat, han estat els fant\u00e0stics presentadors de l\u2019acte.<\/p>\n<p style=\"text-align: justify;\">El festival ha acabat amb la lectura en setze idiomes de fragments de El Quijote, organitzada per Raquel Gancholas i el Departament de Llengua Castellana. Ha estat una oportunitat excel\u00b7lent per gaudir de la diversitat ling\u00fc\u00edstica del nostre institut. Hem pogut sentir l\u2019obra de Cervantes en castell\u00e0, catal\u00e0, holand\u00e8s, angl\u00e8s, roman\u00e8s, franc\u00e8s, portugu\u00e8s, rus, itali\u00e0, alemany, ucra\u00efn\u00e8s, polon\u00e8s, bosni\u00e0, \u00e0rab, darija, wolof i espanyol de Vene\u00e7uela.<\/p>\n<p style=\"text-align: justify;\">Volem destacar la participaci\u00f3 en tots els cert\u00e0mens convocats, aix\u00ed com la qualitat de les propostes presentades en tots els \u00e0mbits. Un cop m\u00e9s, l\u2019alumnat del centre ha demostrat el seu talent i capacitat de treball. Us animem a continuar aix\u00ed!<\/p>\n<p style=\"text-align: justify;\">Us oferim a continuaci\u00f3 la llista dels guardonats. Enhorabona a tots, guanyadors i participants!<\/p>\n<p style=\"text-align: justify;\"><strong>PREMIS MATEM\u00c0TIQUES<\/strong><\/p>\n<p style=\"text-align: justify; padding-left: 40px;\">Cal\u00b7lidocicles\u00a0 (2n d\u2019ESO)<\/p>\n<p style=\"text-align: justify; padding-left: 80px;\">1r premi: Leire Garcia<\/p>\n<p style=\"text-align: justify; padding-left: 80px;\">2n premi: Sara Sanabria<\/p>\n<p style=\"text-align: justify; padding-left: 80px;\">3r premi: Adri\u00e1n Agudo<\/p>\n<p style=\"text-align: justify; padding-left: 40px;\">Il\u00b7lusions \u00f2ptiques (3r d\u2019ESO)<\/p>\n<p style=\"text-align: justify; padding-left: 80px;\">1r premi: Joel Guti\u00e9rrez<\/p>\n<p style=\"text-align: justify; padding-left: 80px;\">2n premi: Eric Plaza i Alejandra S\u00e1nchez<\/p>\n<p style=\"text-align: justify;\"><strong>PREMIS TECNOLOGIA (CONCURS DE L\u2019OU)<\/strong><\/p>\n<p style=\"text-align: justify; padding-left: 80px;\">Dos premis atorgats a Jana Borremans i Paula Fructosa (2n A) i Sara Sanabria (2n A)<\/p>\n<p style=\"text-align: justify;\">Sis acc\u00e8ssits:<\/p>\n<p style=\"text-align: justify; padding-left: 80px;\">Lara Llamas i Victoria Vorobkanych (2n A)<\/p>\n<p style=\"text-align: justify; padding-left: 80px;\">Iker Mendoza (2n E) i Miguel Morillo (2n B)<\/p>\n<p style=\"text-align: justify; padding-left: 80px;\">Hugo Mart\u00ednez i Oriol Montserrat (2n B)<\/p>\n<p style=\"text-align: justify; padding-left: 80px;\">Amaya Blanco (2n B)<\/p>\n<p style=\"text-align: justify; padding-left: 80px;\">Edgar del Castillo i Miguel Ros (2n D)<\/p>\n<p style=\"text-align: justify; padding-left: 80px;\">Ivet Garc\u00eda i Ariadna Toquero (3r B)<\/p>\n<p style=\"text-align: justify;\"><strong>PREMIS DE FOTOGRAFIA VIATGE A FRAN\u00c7A PRIMER DE BATXILLERAT<\/strong><\/p>\n<p style=\"text-align: justify; padding-left: 80px;\">1r premi: Sara Espinosa<\/p>\n<p style=\"text-align: justify; padding-left: 80px;\">2n premi: Candela Cervera<\/p>\n<p style=\"text-align: justify; padding-left: 80px;\">3r premi: Carlos Lafont i Ayman Mokrini<\/p>\n<p style=\"text-align: justify;\"><strong>PREMIS DE FOTOGRAFIA SORTIDA DE 4t\u00a0<\/strong><\/p>\n<p style=\"text-align: justify; padding-left: 80px;\">1r premi: Mikael Matos<\/p>\n<p style=\"text-align: justify; padding-left: 80px;\">2n premi: Yasmin Ben Adbessalam<\/p>\n<p style=\"text-align: justify; padding-left: 80px;\">3r prermi: Sameilys Miquilena<\/p>\n<p style=\"text-align: justify;\"><strong>PREMIS DE FOTOGRAFIA VILA-SECA PRESS PHOTO<\/strong><\/p>\n<p style=\"text-align: justify; padding-left: 80px;\">Guanyadors: Aleix Jardim Vega (4t E) i Oskar Borodawko (4t D)<\/p>\n<p style=\"text-align: justify; padding-left: 80px;\">Finalistes: Laia Montserrat (4t E) i Natalia Galv\u00e1n (4t D)<\/p>\n<p style=\"text-align: justify;\"><strong>PREMIS LLENGUA CASTELLANA ( VERDE QUE TE QUIERO VERDE)<\/strong><\/p>\n<p style=\"text-align: justify; padding-left: 80px;\">Narrativa: Hugo Montero (3r B) i Jana Borremans (2n A)<\/p>\n<p style=\"text-align: justify; padding-left: 80px;\">Poesia: Luc\u00eda Mart\u00ednez (3r B) i Naiara Roda (1r B)<\/p>\n<p style=\"text-align: justify; padding-left: 80px;\">Assaig: Joel Guti\u00e9rrez (3r A) i Leire Garc\u00eda (2n A)<\/p>\n<p style=\"text-align: justify;\"><strong>PREMIS DEL CONCURS LITERARI DE LLENGUA CATALANA<\/strong><\/p>\n<p style=\"text-align: justify; padding-left: 40px;\">1r d\u2019ESO:<\/p>\n<p style=\"text-align: justify; padding-left: 80px;\">1r premi: Hugo Valenzuela i Aissa Bah<\/p>\n<p style=\"text-align: justify; padding-left: 80px;\">2n premi: Zoe Gancholas<\/p>\n<p style=\"text-align: justify; padding-left: 40px;\">2n d\u2019ESO:<\/p>\n<p style=\"text-align: justify; padding-left: 80px;\">1r premi: Marta Ventura<\/p>\n<p style=\"text-align: justify; padding-left: 80px;\">2n premi: Noa Verdejo<\/p>\n<p style=\"text-align: justify; padding-left: 40px;\">3r d\u2019ESO:<\/p>\n<p style=\"text-align: justify; padding-left: 80px;\">1r premi: Omaima Taidouch<\/p>\n<p style=\"text-align: justify; padding-left: 80px;\">2n premi: Joel Guti\u00e9rrez<\/p>\n<p style=\"text-align: justify; padding-left: 40px;\">4t d\u2019ESO: 1<\/p>\n<p style=\"text-align: justify; padding-left: 80px;\">r premi: Giulia Roggerio<\/p>\n<p style=\"text-align: justify; padding-left: 80px;\">2n premi: Atahualpa Barros<\/p>\n<p style=\"text-align: justify;\"><strong>PREMIS DEL CONCURS LITERARI DEL PROFESSORAT I PAS<\/strong><\/p>\n<p style=\"text-align: justify; padding-left: 80px;\">1r premi:\u00a0 Ester Ca\u00f1ete<\/p>\n<p style=\"text-align: justify; padding-left: 80px;\">Premi especial al text m\u00e9s divertit: Albert Nadal<\/p>\n<p style=\"text-align: justify;\">Podreu trobar alguns dels textos premiats en aquesta revista. Esperem que us agradin!<\/p>\n<p style=\"text-align: justify;\">Ruth Segado, departament de llengua catalana<\/p>\n","protected":false},"excerpt":{"rendered":"<p>Un any m\u00e9s, el nostre centre ha celebrat la diada de Sant Jordi. Hem aprofitat aquesta cita amb la cultura i la literatura per organitzar un festival<\/p>\n","protected":false},"author":1,"featured_media":11433,"comment_status":"closed","ping_status":"closed","sticky":false,"template":"","format":"standard","meta":{"_bbp_topic_count":0,"_bbp_reply_count":0,"_bbp_total_topic_count":0,"_bbp_total_reply_count":0,"_bbp_voice_count":0,"_bbp_anonymous_reply_count":0,"_bbp_topic_count_hidden":0,"_bbp_reply_count_hidden":0,"_bbp_forum_subforum_count":0,"site-sidebar-layout":"default","site-content-layout":"","ast-site-content-layout":"","site-content-style":"default","site-sidebar-style":"default","ast-global-header-display":"","ast-banner-title-visibility":"","ast-main-header-display":"","ast-hfb-above-header-display":"","ast-hfb-below-header-display":"","ast-hfb-mobile-header-display":"","site-post-title":"","ast-breadcrumbs-content":"","ast-featured-img":"","footer-sml-layout":"","theme-transparent-header-meta":"","adv-header-id-meta":"","stick-header-meta":"","header-above-stick-meta":"","header-main-stick-meta":"","header-below-stick-meta":"","astra-migrate-meta-layouts":"default","ast-page-background-enabled":"default","ast-page-background-meta":{"desktop":{"background-color":"var(--ast-global-color-4)","background-image":"","background-repeat":"repeat","background-position":"center center","background-size":"auto","background-attachment":"scroll","background-type":"","background-media":"","overlay-type":"","overlay-color":"","overlay-opacity":"","overlay-gradient":""},"tablet":{"background-color":"","background-image":"","background-repeat":"repeat","background-position":"center center","background-size":"auto","background-attachment":"scroll","background-type":"","background-media":"","overlay-type":"","overlay-color":"","overlay-opacity":"","overlay-gradient":""},"mobile":{"background-color":"","background-image":"","background-repeat":"repeat","background-position":"center center","background-size":"auto","background-attachment":"scroll","background-type":"","background-media":"","overlay-type":"","overlay-color":"","overlay-opacity":"","overlay-gradient":""}},"ast-content-background-meta":{"desktop":{"background-color":"var(--ast-global-color-5)","background-image":"","background-repeat":"repeat","background-position":"center center","background-size":"auto","background-attachment":"scroll","background-type":"","background-media":"","overlay-type":"","overlay-color":"","overlay-opacity":"","overlay-gradient":""},"tablet":{"background-color":"var(--ast-global-color-5)","background-image":"","background-repeat":"repeat","background-position":"center center","background-size":"auto","background-attachment":"scroll","background-type":"","background-media":"","overlay-type":"","overlay-color":"","overlay-opacity":"","overlay-gradient":""},"mobile":{"background-color":"var(--ast-global-color-5)","background-image":"","background-repeat":"repeat","background-position":"center center","background-size":"auto","background-attachment":"scroll","background-type":"","background-media":"","overlay-type":"","overlay-color":"","overlay-opacity":"","overlay-gradient":""}},"footnotes":""},"categories":[29],"tags":[],"class_list":["post-11434","post","type-post","status-publish","format-standard","has-post-thumbnail","hentry","category-portada"],"post_mailing_queue_ids":[],"_links":{"self":[{"href":"https:\/\/agora.xtec.cat\/iesvila-seca\/wp-json\/wp\/v2\/posts\/11434","targetHints":{"allow":["GET"]}}],"collection":[{"href":"https:\/\/agora.xtec.cat\/iesvila-seca\/wp-json\/wp\/v2\/posts"}],"about":[{"href":"https:\/\/agora.xtec.cat\/iesvila-seca\/wp-json\/wp\/v2\/types\/post"}],"author":[{"embeddable":true,"href":"https:\/\/agora.xtec.cat\/iesvila-seca\/wp-json\/wp\/v2\/users\/1"}],"replies":[{"embeddable":true,"href":"https:\/\/agora.xtec.cat\/iesvila-seca\/wp-json\/wp\/v2\/comments?post=11434"}],"version-history":[{"count":1,"href":"https:\/\/agora.xtec.cat\/iesvila-seca\/wp-json\/wp\/v2\/posts\/11434\/revisions"}],"predecessor-version":[{"id":11435,"href":"https:\/\/agora.xtec.cat\/iesvila-seca\/wp-json\/wp\/v2\/posts\/11434\/revisions\/11435"}],"wp:featuredmedia":[{"embeddable":true,"href":"https:\/\/agora.xtec.cat\/iesvila-seca\/wp-json\/wp\/v2\/media\/11433"}],"wp:attachment":[{"href":"https:\/\/agora.xtec.cat\/iesvila-seca\/wp-json\/wp\/v2\/media?parent=11434"}],"wp:term":[{"taxonomy":"category","embeddable":true,"href":"https:\/\/agora.xtec.cat\/iesvila-seca\/wp-json\/wp\/v2\/categories?post=11434"},{"taxonomy":"post_tag","embeddable":true,"href":"https:\/\/agora.xtec.cat\/iesvila-seca\/wp-json\/wp\/v2\/tags?post=11434"}],"curies":[{"name":"wp","href":"https:\/\/api.w.org\/{rel}","templated":true}]}}