{"id":7688,"date":"2022-03-02T19:57:12","date_gmt":"2022-03-02T18:57:12","guid":{"rendered":"https:\/\/agora.xtec.cat\/iesverdaguer\/?p=7688"},"modified":"2022-03-02T19:57:38","modified_gmt":"2022-03-02T18:57:38","slug":"celebrem-la-fira-medieval","status":"publish","type":"post","link":"https:\/\/agora.xtec.cat\/iesverdaguer\/blogs\/eso\/celebrem-la-fira-medieval\/","title":{"rendered":"Celebrem la Fira Medieval<p><\/p>"},"content":{"rendered":"<p>L&#8217;alumnat de 2n d&#8217;ESO ha estat estudiant com es vivia a l&#8217;Edat Mitjana. Per aix\u00f2 han fet recerca sobre diferents temes, com ara:<\/p>\n<ul>\n<li>La composici\u00f3 de la societat: els diferents estaments.<\/li>\n<li>El paper de l&#8217;Esgl\u00e9sia.<\/li>\n<li>L&#8217;acc\u00e9s a la cultura i l&#8217;educaci\u00f3.<\/li>\n<li>L&#8217;alimentaci\u00f3.<\/li>\n<li>Els diferents gremis.<\/li>\n<li>Els jocs i les danses de l&#8217;\u00e8poca.<\/li>\n<li>L&#8217;escriptura medieval: qu\u00e8 era l&#8217;<em>script\u00f2rium<\/em>?<\/li>\n<\/ul>\n<p>Tot aquest treball ha finalitzat amb la presentaci\u00f3 del producte final d&#8217;aquest projecte: l&#8217;organitzaci\u00f3 d&#8217;una fira medieval al pati de l&#8217;institut.<\/p>\n<p>Aix\u00ed, i coincidint amb el dia de Carnestoltes, l&#8217;alumnat de 2n d&#8217;ESO, vestit per l&#8217;ocasi\u00f3, ha organitzat una fira amb diferents parades on han mostrat als companys de 1r curs tot el que han apr\u00e8s. Hi havia parades diverses on l&#8217;alumnat podia participar en activitats relacionades amb la vida medieval, com escriure el seu nom en lletra g\u00f2tica amb ploma i tinta, fer el puzle d&#8217;un pantocr\u00e0tor, jugar al d\u00f2mino dels instruments musicals medievals o al <em>memory<\/em> sobre les principals herbes remeieres que s&#8217;utilitzaven per guarir malalties.<\/p>\n<p>Posant-se en la pell dels habitants medievals, els nois i noies han\u00a0explorat de forma vivencial i competencial aquesta \u00e8poca hist\u00f2rica.<\/p>\n<p>A m\u00e9s a m\u00e9s, en aquest projecte tamb\u00e9 han millorat el treball en equip, la creativitat, l&#8217;autonomia personal i el respecte entre companys, entre d&#8217;altres.<\/p>\n<pre>Sara Gr\u00e0cia<\/pre>\n<hr \/>\n<div id='gallery-1' class='gallery galleryid-7688 gallery-columns-2 gallery-size-medium'><figure class='gallery-item'>\n\t\t\t<div class='gallery-icon portrait'>\n\t\t\t\t<a href='https:\/\/agora.xtec.cat\/iesverdaguer\/blogs\/eso\/celebrem-la-fira-medieval\/attachment\/img_1841\/'><img loading=\"lazy\" decoding=\"async\" width=\"225\" height=\"300\" src=\"https:\/\/agora.xtec.cat\/iesverdaguer\/wp-content\/uploads\/usu1342\/2022\/03\/IMG_1841-225x300.jpg\" class=\"attachment-medium size-medium\" alt=\"\" srcset=\"https:\/\/agora.xtec.cat\/iesverdaguer\/wp-content\/uploads\/usu1342\/2022\/03\/IMG_1841-225x300.jpg 225w, https:\/\/agora.xtec.cat\/iesverdaguer\/wp-content\/uploads\/usu1342\/2022\/03\/IMG_1841-rotated.jpg 480w\" sizes=\"auto, (max-width: 225px) 100vw, 225px\" \/><\/a>\n\t\t\t<\/div><\/figure><figure class='gallery-item'>\n\t\t\t<div class='gallery-icon landscape'>\n\t\t\t\t<a href='https:\/\/agora.xtec.cat\/iesverdaguer\/blogs\/eso\/celebrem-la-fira-medieval\/attachment\/img_1838\/'><img loading=\"lazy\" decoding=\"async\" width=\"300\" height=\"225\" src=\"https:\/\/agora.xtec.cat\/iesverdaguer\/wp-content\/uploads\/usu1342\/2022\/03\/IMG_1838-300x225.jpg\" class=\"attachment-medium size-medium\" alt=\"\" srcset=\"https:\/\/agora.xtec.cat\/iesverdaguer\/wp-content\/uploads\/usu1342\/2022\/03\/IMG_1838-300x225.jpg 300w, https:\/\/agora.xtec.cat\/iesverdaguer\/wp-content\/uploads\/usu1342\/2022\/03\/IMG_1838-200x150.jpg 200w, https:\/\/agora.xtec.cat\/iesverdaguer\/wp-content\/uploads\/usu1342\/2022\/03\/IMG_1838.jpg 640w\" sizes=\"auto, (max-width: 300px) 100vw, 300px\" \/><\/a>\n\t\t\t<\/div><\/figure><figure class='gallery-item'>\n\t\t\t<div class='gallery-icon landscape'>\n\t\t\t\t<a href='https:\/\/agora.xtec.cat\/iesverdaguer\/blogs\/eso\/celebrem-la-fira-medieval\/attachment\/img_1839\/'><img loading=\"lazy\" decoding=\"async\" width=\"300\" height=\"225\" src=\"https:\/\/agora.xtec.cat\/iesverdaguer\/wp-content\/uploads\/usu1342\/2022\/03\/IMG_1839-300x225.jpg\" class=\"attachment-medium size-medium\" alt=\"\" srcset=\"https:\/\/agora.xtec.cat\/iesverdaguer\/wp-content\/uploads\/usu1342\/2022\/03\/IMG_1839-300x225.jpg 300w, https:\/\/agora.xtec.cat\/iesverdaguer\/wp-content\/uploads\/usu1342\/2022\/03\/IMG_1839-200x150.jpg 200w, https:\/\/agora.xtec.cat\/iesverdaguer\/wp-content\/uploads\/usu1342\/2022\/03\/IMG_1839.jpg 640w\" sizes=\"auto, (max-width: 300px) 100vw, 300px\" \/><\/a>\n\t\t\t<\/div><\/figure><figure class='gallery-item'>\n\t\t\t<div class='gallery-icon portrait'>\n\t\t\t\t<a href='https:\/\/agora.xtec.cat\/iesverdaguer\/blogs\/eso\/celebrem-la-fira-medieval\/attachment\/img_1844\/'><img loading=\"lazy\" decoding=\"async\" width=\"225\" height=\"300\" src=\"https:\/\/agora.xtec.cat\/iesverdaguer\/wp-content\/uploads\/usu1342\/2022\/03\/IMG_1844-225x300.jpg\" class=\"attachment-medium size-medium\" alt=\"\" srcset=\"https:\/\/agora.xtec.cat\/iesverdaguer\/wp-content\/uploads\/usu1342\/2022\/03\/IMG_1844-225x300.jpg 225w, https:\/\/agora.xtec.cat\/iesverdaguer\/wp-content\/uploads\/usu1342\/2022\/03\/IMG_1844-rotated.jpg 480w\" sizes=\"auto, (max-width: 225px) 100vw, 225px\" \/><\/a>\n\t\t\t<\/div><\/figure><figure class='gallery-item'>\n\t\t\t<div class='gallery-icon portrait'>\n\t\t\t\t<a href='https:\/\/agora.xtec.cat\/iesverdaguer\/blogs\/eso\/celebrem-la-fira-medieval\/attachment\/photo-2022-03-02-18-43-53\/'><img loading=\"lazy\" decoding=\"async\" width=\"225\" height=\"300\" src=\"https:\/\/agora.xtec.cat\/iesverdaguer\/wp-content\/uploads\/usu1342\/2022\/03\/PHOTO-2022-03-02-18-43-53-225x300.jpg\" class=\"attachment-medium size-medium\" alt=\"\" srcset=\"https:\/\/agora.xtec.cat\/iesverdaguer\/wp-content\/uploads\/usu1342\/2022\/03\/PHOTO-2022-03-02-18-43-53-225x300.jpg 225w, https:\/\/agora.xtec.cat\/iesverdaguer\/wp-content\/uploads\/usu1342\/2022\/03\/PHOTO-2022-03-02-18-43-53-768x1024.jpg 768w, https:\/\/agora.xtec.cat\/iesverdaguer\/wp-content\/uploads\/usu1342\/2022\/03\/PHOTO-2022-03-02-18-43-53-1152x1536.jpg 1152w, https:\/\/agora.xtec.cat\/iesverdaguer\/wp-content\/uploads\/usu1342\/2022\/03\/PHOTO-2022-03-02-18-43-53.jpg 1536w\" sizes=\"auto, (max-width: 225px) 100vw, 225px\" \/><\/a>\n\t\t\t<\/div><\/figure><figure class='gallery-item'>\n\t\t\t<div class='gallery-icon portrait'>\n\t\t\t\t<a href='https:\/\/agora.xtec.cat\/iesverdaguer\/blogs\/eso\/celebrem-la-fira-medieval\/attachment\/img_1846\/'><img loading=\"lazy\" decoding=\"async\" width=\"225\" height=\"300\" src=\"https:\/\/agora.xtec.cat\/iesverdaguer\/wp-content\/uploads\/usu1342\/2022\/03\/IMG_1846-225x300.jpg\" class=\"attachment-medium size-medium\" alt=\"\" srcset=\"https:\/\/agora.xtec.cat\/iesverdaguer\/wp-content\/uploads\/usu1342\/2022\/03\/IMG_1846-225x300.jpg 225w, https:\/\/agora.xtec.cat\/iesverdaguer\/wp-content\/uploads\/usu1342\/2022\/03\/IMG_1846-rotated.jpg 480w\" sizes=\"auto, (max-width: 225px) 100vw, 225px\" \/><\/a>\n\t\t\t<\/div><\/figure><figure class='gallery-item'>\n\t\t\t<div class='gallery-icon landscape'>\n\t\t\t\t<a href='https:\/\/agora.xtec.cat\/iesverdaguer\/blogs\/eso\/celebrem-la-fira-medieval\/attachment\/img_2951\/'><img loading=\"lazy\" decoding=\"async\" width=\"300\" height=\"225\" src=\"https:\/\/agora.xtec.cat\/iesverdaguer\/wp-content\/uploads\/usu1342\/2022\/03\/IMG_2951-300x225.jpg\" class=\"attachment-medium size-medium\" alt=\"\" srcset=\"https:\/\/agora.xtec.cat\/iesverdaguer\/wp-content\/uploads\/usu1342\/2022\/03\/IMG_2951-300x225.jpg 300w, https:\/\/agora.xtec.cat\/iesverdaguer\/wp-content\/uploads\/usu1342\/2022\/03\/IMG_2951-200x150.jpg 200w, https:\/\/agora.xtec.cat\/iesverdaguer\/wp-content\/uploads\/usu1342\/2022\/03\/IMG_2951.jpg 640w\" sizes=\"auto, (max-width: 300px) 100vw, 300px\" \/><\/a>\n\t\t\t<\/div><\/figure><figure class='gallery-item'>\n\t\t\t<div class='gallery-icon portrait'>\n\t\t\t\t<a href='https:\/\/agora.xtec.cat\/iesverdaguer\/blogs\/eso\/celebrem-la-fira-medieval\/attachment\/photo-2022-03-02-18-43-54-8\/'><img loading=\"lazy\" decoding=\"async\" width=\"225\" height=\"300\" src=\"https:\/\/agora.xtec.cat\/iesverdaguer\/wp-content\/uploads\/usu1342\/2022\/03\/PHOTO-2022-03-02-18-43-54-8-225x300.jpg\" class=\"attachment-medium size-medium\" alt=\"\" srcset=\"https:\/\/agora.xtec.cat\/iesverdaguer\/wp-content\/uploads\/usu1342\/2022\/03\/PHOTO-2022-03-02-18-43-54-8-225x300.jpg 225w, https:\/\/agora.xtec.cat\/iesverdaguer\/wp-content\/uploads\/usu1342\/2022\/03\/PHOTO-2022-03-02-18-43-54-8-768x1024.jpg 768w, https:\/\/agora.xtec.cat\/iesverdaguer\/wp-content\/uploads\/usu1342\/2022\/03\/PHOTO-2022-03-02-18-43-54-8-1152x1536.jpg 1152w, https:\/\/agora.xtec.cat\/iesverdaguer\/wp-content\/uploads\/usu1342\/2022\/03\/PHOTO-2022-03-02-18-43-54-8.jpg 1536w\" sizes=\"auto, (max-width: 225px) 100vw, 225px\" \/><\/a>\n\t\t\t<\/div><\/figure><figure class='gallery-item'>\n\t\t\t<div class='gallery-icon portrait'>\n\t\t\t\t<a href='https:\/\/agora.xtec.cat\/iesverdaguer\/blogs\/eso\/celebrem-la-fira-medieval\/attachment\/img_1856\/'><img loading=\"lazy\" decoding=\"async\" width=\"225\" height=\"300\" src=\"https:\/\/agora.xtec.cat\/iesverdaguer\/wp-content\/uploads\/usu1342\/2022\/03\/IMG_1856-225x300.jpg\" class=\"attachment-medium size-medium\" alt=\"\" srcset=\"https:\/\/agora.xtec.cat\/iesverdaguer\/wp-content\/uploads\/usu1342\/2022\/03\/IMG_1856-225x300.jpg 225w, https:\/\/agora.xtec.cat\/iesverdaguer\/wp-content\/uploads\/usu1342\/2022\/03\/IMG_1856-rotated.jpg 480w\" sizes=\"auto, (max-width: 225px) 100vw, 225px\" \/><\/a>\n\t\t\t<\/div><\/figure><figure class='gallery-item'>\n\t\t\t<div class='gallery-icon landscape'>\n\t\t\t\t<a href='https:\/\/agora.xtec.cat\/iesverdaguer\/blogs\/eso\/celebrem-la-fira-medieval\/attachment\/photo-2022-03-02-18-43-55-2\/'><img loading=\"lazy\" decoding=\"async\" width=\"300\" height=\"225\" src=\"https:\/\/agora.xtec.cat\/iesverdaguer\/wp-content\/uploads\/usu1342\/2022\/03\/PHOTO-2022-03-02-18-43-55-2-300x225.jpg\" class=\"attachment-medium size-medium\" alt=\"\" srcset=\"https:\/\/agora.xtec.cat\/iesverdaguer\/wp-content\/uploads\/usu1342\/2022\/03\/PHOTO-2022-03-02-18-43-55-2-300x225.jpg 300w, https:\/\/agora.xtec.cat\/iesverdaguer\/wp-content\/uploads\/usu1342\/2022\/03\/PHOTO-2022-03-02-18-43-55-2-1024x768.jpg 1024w, https:\/\/agora.xtec.cat\/iesverdaguer\/wp-content\/uploads\/usu1342\/2022\/03\/PHOTO-2022-03-02-18-43-55-2-768x576.jpg 768w, https:\/\/agora.xtec.cat\/iesverdaguer\/wp-content\/uploads\/usu1342\/2022\/03\/PHOTO-2022-03-02-18-43-55-2-1536x1152.jpg 1536w, https:\/\/agora.xtec.cat\/iesverdaguer\/wp-content\/uploads\/usu1342\/2022\/03\/PHOTO-2022-03-02-18-43-55-2-200x150.jpg 200w, https:\/\/agora.xtec.cat\/iesverdaguer\/wp-content\/uploads\/usu1342\/2022\/03\/PHOTO-2022-03-02-18-43-55-2.jpg 2048w\" sizes=\"auto, (max-width: 300px) 100vw, 300px\" \/><\/a>\n\t\t\t<\/div><\/figure><figure class='gallery-item'>\n\t\t\t<div class='gallery-icon landscape'>\n\t\t\t\t<a href='https:\/\/agora.xtec.cat\/iesverdaguer\/blogs\/eso\/celebrem-la-fira-medieval\/attachment\/img_2948\/'><img loading=\"lazy\" decoding=\"async\" width=\"300\" height=\"225\" src=\"https:\/\/agora.xtec.cat\/iesverdaguer\/wp-content\/uploads\/usu1342\/2022\/03\/IMG_2948-300x225.jpg\" class=\"attachment-medium size-medium\" alt=\"\" srcset=\"https:\/\/agora.xtec.cat\/iesverdaguer\/wp-content\/uploads\/usu1342\/2022\/03\/IMG_2948-300x225.jpg 300w, https:\/\/agora.xtec.cat\/iesverdaguer\/wp-content\/uploads\/usu1342\/2022\/03\/IMG_2948-200x150.jpg 200w, https:\/\/agora.xtec.cat\/iesverdaguer\/wp-content\/uploads\/usu1342\/2022\/03\/IMG_2948.jpg 640w\" sizes=\"auto, (max-width: 300px) 100vw, 300px\" \/><\/a>\n\t\t\t<\/div><\/figure><figure class='gallery-item'>\n\t\t\t<div class='gallery-icon landscape'>\n\t\t\t\t<a href='https:\/\/agora.xtec.cat\/iesverdaguer\/blogs\/eso\/celebrem-la-fira-medieval\/attachment\/img_2946\/'><img loading=\"lazy\" decoding=\"async\" width=\"300\" height=\"225\" src=\"https:\/\/agora.xtec.cat\/iesverdaguer\/wp-content\/uploads\/usu1342\/2022\/03\/IMG_2946-300x225.jpg\" class=\"attachment-medium size-medium\" alt=\"\" srcset=\"https:\/\/agora.xtec.cat\/iesverdaguer\/wp-content\/uploads\/usu1342\/2022\/03\/IMG_2946-300x225.jpg 300w, https:\/\/agora.xtec.cat\/iesverdaguer\/wp-content\/uploads\/usu1342\/2022\/03\/IMG_2946-200x150.jpg 200w, https:\/\/agora.xtec.cat\/iesverdaguer\/wp-content\/uploads\/usu1342\/2022\/03\/IMG_2946.jpg 640w\" sizes=\"auto, (max-width: 300px) 100vw, 300px\" \/><\/a>\n\t\t\t<\/div><\/figure><figure class='gallery-item'>\n\t\t\t<div class='gallery-icon portrait'>\n\t\t\t\t<a href='https:\/\/agora.xtec.cat\/iesverdaguer\/blogs\/eso\/celebrem-la-fira-medieval\/attachment\/photo-2022-03-02-18-43-55-1\/'><img loading=\"lazy\" decoding=\"async\" width=\"225\" height=\"300\" src=\"https:\/\/agora.xtec.cat\/iesverdaguer\/wp-content\/uploads\/usu1342\/2022\/03\/PHOTO-2022-03-02-18-43-55-1-225x300.jpg\" class=\"attachment-medium size-medium\" alt=\"\" srcset=\"https:\/\/agora.xtec.cat\/iesverdaguer\/wp-content\/uploads\/usu1342\/2022\/03\/PHOTO-2022-03-02-18-43-55-1-225x300.jpg 225w, https:\/\/agora.xtec.cat\/iesverdaguer\/wp-content\/uploads\/usu1342\/2022\/03\/PHOTO-2022-03-02-18-43-55-1-768x1024.jpg 768w, https:\/\/agora.xtec.cat\/iesverdaguer\/wp-content\/uploads\/usu1342\/2022\/03\/PHOTO-2022-03-02-18-43-55-1-1152x1536.jpg 1152w, https:\/\/agora.xtec.cat\/iesverdaguer\/wp-content\/uploads\/usu1342\/2022\/03\/PHOTO-2022-03-02-18-43-55-1.jpg 1536w\" sizes=\"auto, (max-width: 225px) 100vw, 225px\" \/><\/a>\n\t\t\t<\/div><\/figure><figure class='gallery-item'>\n\t\t\t<div class='gallery-icon portrait'>\n\t\t\t\t<a href='https:\/\/agora.xtec.cat\/iesverdaguer\/blogs\/eso\/celebrem-la-fira-medieval\/attachment\/photo-2022-03-02-18-43-55\/'><img loading=\"lazy\" decoding=\"async\" width=\"225\" height=\"300\" src=\"https:\/\/agora.xtec.cat\/iesverdaguer\/wp-content\/uploads\/usu1342\/2022\/03\/PHOTO-2022-03-02-18-43-55-225x300.jpg\" class=\"attachment-medium size-medium\" alt=\"\" srcset=\"https:\/\/agora.xtec.cat\/iesverdaguer\/wp-content\/uploads\/usu1342\/2022\/03\/PHOTO-2022-03-02-18-43-55-225x300.jpg 225w, https:\/\/agora.xtec.cat\/iesverdaguer\/wp-content\/uploads\/usu1342\/2022\/03\/PHOTO-2022-03-02-18-43-55-768x1024.jpg 768w, https:\/\/agora.xtec.cat\/iesverdaguer\/wp-content\/uploads\/usu1342\/2022\/03\/PHOTO-2022-03-02-18-43-55-1152x1536.jpg 1152w, https:\/\/agora.xtec.cat\/iesverdaguer\/wp-content\/uploads\/usu1342\/2022\/03\/PHOTO-2022-03-02-18-43-55.jpg 1536w\" sizes=\"auto, (max-width: 225px) 100vw, 225px\" \/><\/a>\n\t\t\t<\/div><\/figure><figure class='gallery-item'>\n\t\t\t<div class='gallery-icon portrait'>\n\t\t\t\t<a href='https:\/\/agora.xtec.cat\/iesverdaguer\/blogs\/eso\/celebrem-la-fira-medieval\/attachment\/photo-2022-03-02-18-43-54-4\/'><img loading=\"lazy\" decoding=\"async\" width=\"225\" height=\"300\" src=\"https:\/\/agora.xtec.cat\/iesverdaguer\/wp-content\/uploads\/usu1342\/2022\/03\/PHOTO-2022-03-02-18-43-54-4-225x300.jpg\" class=\"attachment-medium size-medium\" alt=\"\" srcset=\"https:\/\/agora.xtec.cat\/iesverdaguer\/wp-content\/uploads\/usu1342\/2022\/03\/PHOTO-2022-03-02-18-43-54-4-225x300.jpg 225w, https:\/\/agora.xtec.cat\/iesverdaguer\/wp-content\/uploads\/usu1342\/2022\/03\/PHOTO-2022-03-02-18-43-54-4-768x1024.jpg 768w, https:\/\/agora.xtec.cat\/iesverdaguer\/wp-content\/uploads\/usu1342\/2022\/03\/PHOTO-2022-03-02-18-43-54-4-1152x1536.jpg 1152w, https:\/\/agora.xtec.cat\/iesverdaguer\/wp-content\/uploads\/usu1342\/2022\/03\/PHOTO-2022-03-02-18-43-54-4.jpg 1536w\" sizes=\"auto, (max-width: 225px) 100vw, 225px\" \/><\/a>\n\t\t\t<\/div><\/figure><figure class='gallery-item'>\n\t\t\t<div class='gallery-icon landscape'>\n\t\t\t\t<a href='https:\/\/agora.xtec.cat\/iesverdaguer\/blogs\/eso\/celebrem-la-fira-medieval\/attachment\/img_2949\/'><img loading=\"lazy\" decoding=\"async\" width=\"300\" height=\"225\" src=\"https:\/\/agora.xtec.cat\/iesverdaguer\/wp-content\/uploads\/usu1342\/2022\/03\/IMG_2949-300x225.jpg\" class=\"attachment-medium size-medium\" alt=\"\" srcset=\"https:\/\/agora.xtec.cat\/iesverdaguer\/wp-content\/uploads\/usu1342\/2022\/03\/IMG_2949-300x225.jpg 300w, https:\/\/agora.xtec.cat\/iesverdaguer\/wp-content\/uploads\/usu1342\/2022\/03\/IMG_2949-200x150.jpg 200w, https:\/\/agora.xtec.cat\/iesverdaguer\/wp-content\/uploads\/usu1342\/2022\/03\/IMG_2949.jpg 640w\" sizes=\"auto, (max-width: 300px) 100vw, 300px\" \/><\/a>\n\t\t\t<\/div><\/figure><figure class='gallery-item'>\n\t\t\t<div class='gallery-icon landscape'>\n\t\t\t\t<a href='https:\/\/agora.xtec.cat\/iesverdaguer\/blogs\/eso\/celebrem-la-fira-medieval\/attachment\/img_2935\/'><img loading=\"lazy\" decoding=\"async\" width=\"300\" height=\"225\" src=\"https:\/\/agora.xtec.cat\/iesverdaguer\/wp-content\/uploads\/usu1342\/2022\/03\/IMG_2935-300x225.jpg\" class=\"attachment-medium size-medium\" alt=\"\" srcset=\"https:\/\/agora.xtec.cat\/iesverdaguer\/wp-content\/uploads\/usu1342\/2022\/03\/IMG_2935-300x225.jpg 300w, https:\/\/agora.xtec.cat\/iesverdaguer\/wp-content\/uploads\/usu1342\/2022\/03\/IMG_2935-200x150.jpg 200w, https:\/\/agora.xtec.cat\/iesverdaguer\/wp-content\/uploads\/usu1342\/2022\/03\/IMG_2935.jpg 640w\" sizes=\"auto, (max-width: 300px) 100vw, 300px\" \/><\/a>\n\t\t\t<\/div><\/figure><figure class='gallery-item'>\n\t\t\t<div class='gallery-icon landscape'>\n\t\t\t\t<a href='https:\/\/agora.xtec.cat\/iesverdaguer\/blogs\/eso\/celebrem-la-fira-medieval\/attachment\/photo-2022-03-02-18-43-54-7\/'><img loading=\"lazy\" decoding=\"async\" width=\"300\" height=\"225\" src=\"https:\/\/agora.xtec.cat\/iesverdaguer\/wp-content\/uploads\/usu1342\/2022\/03\/PHOTO-2022-03-02-18-43-54-7-300x225.jpg\" class=\"attachment-medium size-medium\" alt=\"\" srcset=\"https:\/\/agora.xtec.cat\/iesverdaguer\/wp-content\/uploads\/usu1342\/2022\/03\/PHOTO-2022-03-02-18-43-54-7-300x225.jpg 300w, https:\/\/agora.xtec.cat\/iesverdaguer\/wp-content\/uploads\/usu1342\/2022\/03\/PHOTO-2022-03-02-18-43-54-7-1024x768.jpg 1024w, https:\/\/agora.xtec.cat\/iesverdaguer\/wp-content\/uploads\/usu1342\/2022\/03\/PHOTO-2022-03-02-18-43-54-7-768x576.jpg 768w, https:\/\/agora.xtec.cat\/iesverdaguer\/wp-content\/uploads\/usu1342\/2022\/03\/PHOTO-2022-03-02-18-43-54-7-1536x1152.jpg 1536w, https:\/\/agora.xtec.cat\/iesverdaguer\/wp-content\/uploads\/usu1342\/2022\/03\/PHOTO-2022-03-02-18-43-54-7-200x150.jpg 200w, https:\/\/agora.xtec.cat\/iesverdaguer\/wp-content\/uploads\/usu1342\/2022\/03\/PHOTO-2022-03-02-18-43-54-7.jpg 2048w\" sizes=\"auto, (max-width: 300px) 100vw, 300px\" \/><\/a>\n\t\t\t<\/div><\/figure><figure class='gallery-item'>\n\t\t\t<div class='gallery-icon landscape'>\n\t\t\t\t<a href='https:\/\/agora.xtec.cat\/iesverdaguer\/blogs\/eso\/celebrem-la-fira-medieval\/attachment\/photo-2022-03-02-18-43-54-6\/'><img loading=\"lazy\" decoding=\"async\" width=\"300\" height=\"225\" src=\"https:\/\/agora.xtec.cat\/iesverdaguer\/wp-content\/uploads\/usu1342\/2022\/03\/PHOTO-2022-03-02-18-43-54-6-300x225.jpg\" class=\"attachment-medium size-medium\" alt=\"\" srcset=\"https:\/\/agora.xtec.cat\/iesverdaguer\/wp-content\/uploads\/usu1342\/2022\/03\/PHOTO-2022-03-02-18-43-54-6-300x225.jpg 300w, https:\/\/agora.xtec.cat\/iesverdaguer\/wp-content\/uploads\/usu1342\/2022\/03\/PHOTO-2022-03-02-18-43-54-6-1024x768.jpg 1024w, https:\/\/agora.xtec.cat\/iesverdaguer\/wp-content\/uploads\/usu1342\/2022\/03\/PHOTO-2022-03-02-18-43-54-6-768x576.jpg 768w, https:\/\/agora.xtec.cat\/iesverdaguer\/wp-content\/uploads\/usu1342\/2022\/03\/PHOTO-2022-03-02-18-43-54-6-1536x1152.jpg 1536w, https:\/\/agora.xtec.cat\/iesverdaguer\/wp-content\/uploads\/usu1342\/2022\/03\/PHOTO-2022-03-02-18-43-54-6-200x150.jpg 200w, https:\/\/agora.xtec.cat\/iesverdaguer\/wp-content\/uploads\/usu1342\/2022\/03\/PHOTO-2022-03-02-18-43-54-6.jpg 2048w\" sizes=\"auto, (max-width: 300px) 100vw, 300px\" \/><\/a>\n\t\t\t<\/div><\/figure><figure class='gallery-item'>\n\t\t\t<div class='gallery-icon portrait'>\n\t\t\t\t<a href='https:\/\/agora.xtec.cat\/iesverdaguer\/blogs\/eso\/celebrem-la-fira-medieval\/attachment\/photo-2022-03-02-18-43-54-3\/'><img loading=\"lazy\" decoding=\"async\" width=\"225\" height=\"300\" src=\"https:\/\/agora.xtec.cat\/iesverdaguer\/wp-content\/uploads\/usu1342\/2022\/03\/PHOTO-2022-03-02-18-43-54-3-225x300.jpg\" class=\"attachment-medium size-medium\" alt=\"\" srcset=\"https:\/\/agora.xtec.cat\/iesverdaguer\/wp-content\/uploads\/usu1342\/2022\/03\/PHOTO-2022-03-02-18-43-54-3-225x300.jpg 225w, https:\/\/agora.xtec.cat\/iesverdaguer\/wp-content\/uploads\/usu1342\/2022\/03\/PHOTO-2022-03-02-18-43-54-3-768x1024.jpg 768w, https:\/\/agora.xtec.cat\/iesverdaguer\/wp-content\/uploads\/usu1342\/2022\/03\/PHOTO-2022-03-02-18-43-54-3-1152x1536.jpg 1152w, https:\/\/agora.xtec.cat\/iesverdaguer\/wp-content\/uploads\/usu1342\/2022\/03\/PHOTO-2022-03-02-18-43-54-3.jpg 1536w\" sizes=\"auto, (max-width: 225px) 100vw, 225px\" \/><\/a>\n\t\t\t<\/div><\/figure><figure class='gallery-item'>\n\t\t\t<div class='gallery-icon landscape'>\n\t\t\t\t<a href='https:\/\/agora.xtec.cat\/iesverdaguer\/blogs\/eso\/celebrem-la-fira-medieval\/attachment\/img_2940\/'><img loading=\"lazy\" decoding=\"async\" width=\"300\" height=\"225\" src=\"https:\/\/agora.xtec.cat\/iesverdaguer\/wp-content\/uploads\/usu1342\/2022\/03\/IMG_2940-300x225.jpg\" class=\"attachment-medium size-medium\" alt=\"\" srcset=\"https:\/\/agora.xtec.cat\/iesverdaguer\/wp-content\/uploads\/usu1342\/2022\/03\/IMG_2940-300x225.jpg 300w, https:\/\/agora.xtec.cat\/iesverdaguer\/wp-content\/uploads\/usu1342\/2022\/03\/IMG_2940-200x150.jpg 200w, https:\/\/agora.xtec.cat\/iesverdaguer\/wp-content\/uploads\/usu1342\/2022\/03\/IMG_2940.jpg 640w\" sizes=\"auto, (max-width: 300px) 100vw, 300px\" \/><\/a>\n\t\t\t<\/div><\/figure><figure class='gallery-item'>\n\t\t\t<div class='gallery-icon portrait'>\n\t\t\t\t<a href='https:\/\/agora.xtec.cat\/iesverdaguer\/blogs\/eso\/celebrem-la-fira-medieval\/attachment\/photo-2022-03-02-18-43-54-1\/'><img loading=\"lazy\" decoding=\"async\" width=\"225\" height=\"300\" src=\"https:\/\/agora.xtec.cat\/iesverdaguer\/wp-content\/uploads\/usu1342\/2022\/03\/PHOTO-2022-03-02-18-43-54-1-225x300.jpg\" class=\"attachment-medium size-medium\" alt=\"\" srcset=\"https:\/\/agora.xtec.cat\/iesverdaguer\/wp-content\/uploads\/usu1342\/2022\/03\/PHOTO-2022-03-02-18-43-54-1-225x300.jpg 225w, https:\/\/agora.xtec.cat\/iesverdaguer\/wp-content\/uploads\/usu1342\/2022\/03\/PHOTO-2022-03-02-18-43-54-1-768x1024.jpg 768w, https:\/\/agora.xtec.cat\/iesverdaguer\/wp-content\/uploads\/usu1342\/2022\/03\/PHOTO-2022-03-02-18-43-54-1-1152x1536.jpg 1152w, https:\/\/agora.xtec.cat\/iesverdaguer\/wp-content\/uploads\/usu1342\/2022\/03\/PHOTO-2022-03-02-18-43-54-1.jpg 1536w\" sizes=\"auto, (max-width: 225px) 100vw, 225px\" \/><\/a>\n\t\t\t<\/div><\/figure><figure class='gallery-item'>\n\t\t\t<div class='gallery-icon portrait'>\n\t\t\t\t<a href='https:\/\/agora.xtec.cat\/iesverdaguer\/blogs\/eso\/celebrem-la-fira-medieval\/attachment\/img_1849\/'><img loading=\"lazy\" decoding=\"async\" width=\"225\" height=\"300\" src=\"https:\/\/agora.xtec.cat\/iesverdaguer\/wp-content\/uploads\/usu1342\/2022\/03\/IMG_1849-225x300.jpg\" class=\"attachment-medium size-medium\" alt=\"\" srcset=\"https:\/\/agora.xtec.cat\/iesverdaguer\/wp-content\/uploads\/usu1342\/2022\/03\/IMG_1849-225x300.jpg 225w, https:\/\/agora.xtec.cat\/iesverdaguer\/wp-content\/uploads\/usu1342\/2022\/03\/IMG_1849-rotated.jpg 480w\" sizes=\"auto, (max-width: 225px) 100vw, 225px\" \/><\/a>\n\t\t\t<\/div><\/figure><figure class='gallery-item'>\n\t\t\t<div class='gallery-icon landscape'>\n\t\t\t\t<a href='https:\/\/agora.xtec.cat\/iesverdaguer\/blogs\/eso\/celebrem-la-fira-medieval\/attachment\/img_2944\/'><img loading=\"lazy\" decoding=\"async\" width=\"300\" height=\"225\" src=\"https:\/\/agora.xtec.cat\/iesverdaguer\/wp-content\/uploads\/usu1342\/2022\/03\/IMG_2944-300x225.jpg\" class=\"attachment-medium size-medium\" alt=\"\" srcset=\"https:\/\/agora.xtec.cat\/iesverdaguer\/wp-content\/uploads\/usu1342\/2022\/03\/IMG_2944-300x225.jpg 300w, https:\/\/agora.xtec.cat\/iesverdaguer\/wp-content\/uploads\/usu1342\/2022\/03\/IMG_2944-200x150.jpg 200w, https:\/\/agora.xtec.cat\/iesverdaguer\/wp-content\/uploads\/usu1342\/2022\/03\/IMG_2944.jpg 640w\" sizes=\"auto, (max-width: 300px) 100vw, 300px\" \/><\/a>\n\t\t\t<\/div><\/figure><figure class='gallery-item'>\n\t\t\t<div class='gallery-icon portrait'>\n\t\t\t\t<a href='https:\/\/agora.xtec.cat\/iesverdaguer\/blogs\/eso\/celebrem-la-fira-medieval\/attachment\/photo-2022-03-02-18-43-54-2\/'><img loading=\"lazy\" decoding=\"async\" width=\"225\" height=\"300\" src=\"https:\/\/agora.xtec.cat\/iesverdaguer\/wp-content\/uploads\/usu1342\/2022\/03\/PHOTO-2022-03-02-18-43-54-2-225x300.jpg\" class=\"attachment-medium size-medium\" alt=\"\" srcset=\"https:\/\/agora.xtec.cat\/iesverdaguer\/wp-content\/uploads\/usu1342\/2022\/03\/PHOTO-2022-03-02-18-43-54-2-225x300.jpg 225w, https:\/\/agora.xtec.cat\/iesverdaguer\/wp-content\/uploads\/usu1342\/2022\/03\/PHOTO-2022-03-02-18-43-54-2-768x1024.jpg 768w, https:\/\/agora.xtec.cat\/iesverdaguer\/wp-content\/uploads\/usu1342\/2022\/03\/PHOTO-2022-03-02-18-43-54-2-1152x1536.jpg 1152w, https:\/\/agora.xtec.cat\/iesverdaguer\/wp-content\/uploads\/usu1342\/2022\/03\/PHOTO-2022-03-02-18-43-54-2.jpg 1536w\" sizes=\"auto, (max-width: 225px) 100vw, 225px\" \/><\/a>\n\t\t\t<\/div><\/figure><figure class='gallery-item'>\n\t\t\t<div class='gallery-icon portrait'>\n\t\t\t\t<a href='https:\/\/agora.xtec.cat\/iesverdaguer\/blogs\/eso\/celebrem-la-fira-medieval\/attachment\/img_1859\/'><img loading=\"lazy\" decoding=\"async\" width=\"225\" height=\"300\" src=\"https:\/\/agora.xtec.cat\/iesverdaguer\/wp-content\/uploads\/usu1342\/2022\/03\/IMG_1859-225x300.jpg\" class=\"attachment-medium size-medium\" alt=\"\" srcset=\"https:\/\/agora.xtec.cat\/iesverdaguer\/wp-content\/uploads\/usu1342\/2022\/03\/IMG_1859-225x300.jpg 225w, https:\/\/agora.xtec.cat\/iesverdaguer\/wp-content\/uploads\/usu1342\/2022\/03\/IMG_1859-rotated.jpg 480w\" sizes=\"auto, (max-width: 225px) 100vw, 225px\" \/><\/a>\n\t\t\t<\/div><\/figure><figure class='gallery-item'>\n\t\t\t<div class='gallery-icon portrait'>\n\t\t\t\t<a href='https:\/\/agora.xtec.cat\/iesverdaguer\/blogs\/eso\/celebrem-la-fira-medieval\/attachment\/img_1853\/'><img loading=\"lazy\" decoding=\"async\" width=\"225\" height=\"300\" src=\"https:\/\/agora.xtec.cat\/iesverdaguer\/wp-content\/uploads\/usu1342\/2022\/03\/IMG_1853-225x300.jpg\" class=\"attachment-medium size-medium\" alt=\"\" srcset=\"https:\/\/agora.xtec.cat\/iesverdaguer\/wp-content\/uploads\/usu1342\/2022\/03\/IMG_1853-225x300.jpg 225w, https:\/\/agora.xtec.cat\/iesverdaguer\/wp-content\/uploads\/usu1342\/2022\/03\/IMG_1853-rotated.jpg 480w\" sizes=\"auto, (max-width: 225px) 100vw, 225px\" \/><\/a>\n\t\t\t<\/div><\/figure><figure class='gallery-item'>\n\t\t\t<div class='gallery-icon landscape'>\n\t\t\t\t<a href='https:\/\/agora.xtec.cat\/iesverdaguer\/blogs\/eso\/celebrem-la-fira-medieval\/attachment\/img_2943\/'><img loading=\"lazy\" decoding=\"async\" width=\"300\" height=\"225\" src=\"https:\/\/agora.xtec.cat\/iesverdaguer\/wp-content\/uploads\/usu1342\/2022\/03\/IMG_2943-300x225.jpg\" class=\"attachment-medium size-medium\" alt=\"\" srcset=\"https:\/\/agora.xtec.cat\/iesverdaguer\/wp-content\/uploads\/usu1342\/2022\/03\/IMG_2943-300x225.jpg 300w, https:\/\/agora.xtec.cat\/iesverdaguer\/wp-content\/uploads\/usu1342\/2022\/03\/IMG_2943-200x150.jpg 200w, https:\/\/agora.xtec.cat\/iesverdaguer\/wp-content\/uploads\/usu1342\/2022\/03\/IMG_2943.jpg 640w\" sizes=\"auto, (max-width: 300px) 100vw, 300px\" \/><\/a>\n\t\t\t<\/div><\/figure><figure class='gallery-item'>\n\t\t\t<div class='gallery-icon portrait'>\n\t\t\t\t<a href='https:\/\/agora.xtec.cat\/iesverdaguer\/blogs\/eso\/celebrem-la-fira-medieval\/attachment\/img_1851\/'><img loading=\"lazy\" decoding=\"async\" width=\"225\" height=\"300\" src=\"https:\/\/agora.xtec.cat\/iesverdaguer\/wp-content\/uploads\/usu1342\/2022\/03\/IMG_1851-225x300.jpg\" class=\"attachment-medium size-medium\" alt=\"\" srcset=\"https:\/\/agora.xtec.cat\/iesverdaguer\/wp-content\/uploads\/usu1342\/2022\/03\/IMG_1851-225x300.jpg 225w, https:\/\/agora.xtec.cat\/iesverdaguer\/wp-content\/uploads\/usu1342\/2022\/03\/IMG_1851-rotated.jpg 480w\" sizes=\"auto, (max-width: 225px) 100vw, 225px\" \/><\/a>\n\t\t\t<\/div><\/figure><figure class='gallery-item'>\n\t\t\t<div class='gallery-icon landscape'>\n\t\t\t\t<a href='https:\/\/agora.xtec.cat\/iesverdaguer\/blogs\/eso\/celebrem-la-fira-medieval\/attachment\/img_2941\/'><img loading=\"lazy\" decoding=\"async\" width=\"300\" height=\"225\" src=\"https:\/\/agora.xtec.cat\/iesverdaguer\/wp-content\/uploads\/usu1342\/2022\/03\/IMG_2941-300x225.jpg\" class=\"attachment-medium size-medium\" alt=\"\" srcset=\"https:\/\/agora.xtec.cat\/iesverdaguer\/wp-content\/uploads\/usu1342\/2022\/03\/IMG_2941-300x225.jpg 300w, https:\/\/agora.xtec.cat\/iesverdaguer\/wp-content\/uploads\/usu1342\/2022\/03\/IMG_2941-200x150.jpg 200w, https:\/\/agora.xtec.cat\/iesverdaguer\/wp-content\/uploads\/usu1342\/2022\/03\/IMG_2941.jpg 640w\" sizes=\"auto, (max-width: 300px) 100vw, 300px\" \/><\/a>\n\t\t\t<\/div><\/figure><figure class='gallery-item'>\n\t\t\t<div class='gallery-icon portrait'>\n\t\t\t\t<a href='https:\/\/agora.xtec.cat\/iesverdaguer\/blogs\/eso\/celebrem-la-fira-medieval\/attachment\/img_1857\/'><img loading=\"lazy\" decoding=\"async\" width=\"225\" height=\"300\" src=\"https:\/\/agora.xtec.cat\/iesverdaguer\/wp-content\/uploads\/usu1342\/2022\/03\/IMG_1857-225x300.jpg\" class=\"attachment-medium size-medium\" alt=\"\" srcset=\"https:\/\/agora.xtec.cat\/iesverdaguer\/wp-content\/uploads\/usu1342\/2022\/03\/IMG_1857-225x300.jpg 225w, https:\/\/agora.xtec.cat\/iesverdaguer\/wp-content\/uploads\/usu1342\/2022\/03\/IMG_1857-rotated.jpg 480w\" sizes=\"auto, (max-width: 225px) 100vw, 225px\" \/><\/a>\n\t\t\t<\/div><\/figure><figure class='gallery-item'>\n\t\t\t<div class='gallery-icon portrait'>\n\t\t\t\t<a href='https:\/\/agora.xtec.cat\/iesverdaguer\/blogs\/eso\/celebrem-la-fira-medieval\/attachment\/img_1858\/'><img loading=\"lazy\" decoding=\"async\" width=\"225\" height=\"300\" src=\"https:\/\/agora.xtec.cat\/iesverdaguer\/wp-content\/uploads\/usu1342\/2022\/03\/IMG_1858-225x300.jpg\" class=\"attachment-medium size-medium\" alt=\"\" srcset=\"https:\/\/agora.xtec.cat\/iesverdaguer\/wp-content\/uploads\/usu1342\/2022\/03\/IMG_1858-225x300.jpg 225w, https:\/\/agora.xtec.cat\/iesverdaguer\/wp-content\/uploads\/usu1342\/2022\/03\/IMG_1858-rotated.jpg 480w\" sizes=\"auto, (max-width: 225px) 100vw, 225px\" \/><\/a>\n\t\t\t<\/div><\/figure>\n\t\t<\/div>\n\n","protected":false},"excerpt":{"rendered":"<p>L&#8217;alumnat de 2n d&#8217;ESO ha estat estudiant com es vivia a l&#8217;Edat Mitjana. Per aix\u00f2 han fet recerca sobre diferents temes, com ara: La composici\u00f3 de la societat: els diferents estaments. El paper de l&#8217;Esgl\u00e9sia. L&#8217;acc\u00e9s a la cultura i l&#8217;educaci\u00f3. L&#8217;alimentaci\u00f3. Els diferents gremis. Els jocs i les danses de l&#8217;\u00e8poca. L&#8217;escriptura medieval: qu\u00e8 [&hellip;]<\/p>\n","protected":false},"author":1,"featured_media":7723,"comment_status":"open","ping_status":"closed","sticky":false,"template":"","format":"standard","meta":{"_bbp_topic_count":0,"_bbp_reply_count":0,"_bbp_total_topic_count":0,"_bbp_total_reply_count":0,"_bbp_voice_count":0,"_bbp_anonymous_reply_count":0,"_bbp_topic_count_hidden":0,"_bbp_reply_count_hidden":0,"_bbp_forum_subforum_count":0,"site-sidebar-layout":"default","site-content-layout":"","ast-site-content-layout":"","site-content-style":"default","site-sidebar-style":"default","ast-global-header-display":"","ast-banner-title-visibility":"","ast-main-header-display":"","ast-hfb-above-header-display":"","ast-hfb-below-header-display":"","ast-hfb-mobile-header-display":"","site-post-title":"","ast-breadcrumbs-content":"","ast-featured-img":"","footer-sml-layout":"","theme-transparent-header-meta":"","adv-header-id-meta":"","stick-header-meta":"","header-above-stick-meta":"","header-main-stick-meta":"","header-below-stick-meta":"","astra-migrate-meta-layouts":"default","ast-page-background-enabled":"default","ast-page-background-meta":{"desktop":{"background-color":"var(--ast-global-color-4)","background-image":"","background-repeat":"repeat","background-position":"center center","background-size":"auto","background-attachment":"scroll","background-type":"","background-media":"","overlay-type":"","overlay-color":"","overlay-opacity":"","overlay-gradient":""},"tablet":{"background-color":"","background-image":"","background-repeat":"repeat","background-position":"center center","background-size":"auto","background-attachment":"scroll","background-type":"","background-media":"","overlay-type":"","overlay-color":"","overlay-opacity":"","overlay-gradient":""},"mobile":{"background-color":"","background-image":"","background-repeat":"repeat","background-position":"center center","background-size":"auto","background-attachment":"scroll","background-type":"","background-media":"","overlay-type":"","overlay-color":"","overlay-opacity":"","overlay-gradient":""}},"ast-content-background-meta":{"desktop":{"background-color":"var(--ast-global-color-5)","background-image":"","background-repeat":"repeat","background-position":"center center","background-size":"auto","background-attachment":"scroll","background-type":"","background-media":"","overlay-type":"","overlay-color":"","overlay-opacity":"","overlay-gradient":""},"tablet":{"background-color":"var(--ast-global-color-5)","background-image":"","background-repeat":"repeat","background-position":"center center","background-size":"auto","background-attachment":"scroll","background-type":"","background-media":"","overlay-type":"","overlay-color":"","overlay-opacity":"","overlay-gradient":""},"mobile":{"background-color":"var(--ast-global-color-5)","background-image":"","background-repeat":"repeat","background-position":"center center","background-size":"auto","background-attachment":"scroll","background-type":"","background-media":"","overlay-type":"","overlay-color":"","overlay-opacity":"","overlay-gradient":""}},"footnotes":""},"categories":[3,5,14,15,29],"tags":[],"class_list":["post-7688","post","type-post","status-publish","format-standard","has-post-thumbnail","hentry","category-eso","category-eso-2","category-eso-2a","category-eso-2b","category-portada"],"post_mailing_queue_ids":[],"_links":{"self":[{"href":"https:\/\/agora.xtec.cat\/iesverdaguer\/wp-json\/wp\/v2\/posts\/7688","targetHints":{"allow":["GET"]}}],"collection":[{"href":"https:\/\/agora.xtec.cat\/iesverdaguer\/wp-json\/wp\/v2\/posts"}],"about":[{"href":"https:\/\/agora.xtec.cat\/iesverdaguer\/wp-json\/wp\/v2\/types\/post"}],"author":[{"embeddable":true,"href":"https:\/\/agora.xtec.cat\/iesverdaguer\/wp-json\/wp\/v2\/users\/1"}],"replies":[{"embeddable":true,"href":"https:\/\/agora.xtec.cat\/iesverdaguer\/wp-json\/wp\/v2\/comments?post=7688"}],"version-history":[{"count":3,"href":"https:\/\/agora.xtec.cat\/iesverdaguer\/wp-json\/wp\/v2\/posts\/7688\/revisions"}],"predecessor-version":[{"id":7741,"href":"https:\/\/agora.xtec.cat\/iesverdaguer\/wp-json\/wp\/v2\/posts\/7688\/revisions\/7741"}],"wp:featuredmedia":[{"embeddable":true,"href":"https:\/\/agora.xtec.cat\/iesverdaguer\/wp-json\/wp\/v2\/media\/7723"}],"wp:attachment":[{"href":"https:\/\/agora.xtec.cat\/iesverdaguer\/wp-json\/wp\/v2\/media?parent=7688"}],"wp:term":[{"taxonomy":"category","embeddable":true,"href":"https:\/\/agora.xtec.cat\/iesverdaguer\/wp-json\/wp\/v2\/categories?post=7688"},{"taxonomy":"post_tag","embeddable":true,"href":"https:\/\/agora.xtec.cat\/iesverdaguer\/wp-json\/wp\/v2\/tags?post=7688"}],"curies":[{"name":"wp","href":"https:\/\/api.w.org\/{rel}","templated":true}]}}