{"id":7633,"date":"2022-02-25T00:05:26","date_gmt":"2022-02-24T23:05:26","guid":{"rendered":"https:\/\/agora.xtec.cat\/iesverdaguer\/?p=7633"},"modified":"2022-02-24T19:00:39","modified_gmt":"2022-02-24T18:00:39","slug":"visita-al-parlament-de-catalunya","status":"publish","type":"post","link":"https:\/\/agora.xtec.cat\/iesverdaguer\/blogs\/eso\/visita-al-parlament-de-catalunya\/","title":{"rendered":"Visita al Parlament de Catalunya<p><\/p>"},"content":{"rendered":"<p>El passat dimecres dia 23 l&#8217;alumnat de 3r d&#8217;ESO A i B va anar al Parlament de Catalunya,\u00a0des de\u00a0la mat\u00e8ria de Socials,\u00a0va treballar qu\u00e8 \u00e9s el Parlament,\u00a0qui s\u00f3n els diputats\/es, els drets i deures que\u00a0hi han\u00a0de\u00a0complir\u00a0una vegada es converteixen en membres del Parlament. Tamb\u00e9 es va realitzar el taller\u00a0&#8220;<span class=\"hiddenGrammarError\" style=\"padding-bottom: 2px; background-image: url('..\/..\/..\/..\/..\/images\/squiggle.png'); background-repeat: repeat-x; background-position: left bottom; cursor: default; color: #000000; font-family: 'Open Sans', Helvetica, Arial, sans-serif; font-size: 16px; font-style: normal; font-variant-ligatures: normal; font-variant-caps: normal; font-weight: 300; letter-spacing: normal; orphans: 2; text-align: start; text-indent: 0px; text-transform: none; white-space: normal; widows: 2; word-spacing: 0px; -webkit-text-stroke-width: 0px; text-decoration-thickness: initial; text-decoration-style: initial; text-decoration-color: initial;\">S\u00f3c<\/span> diputat\/da&#8221;. Entre ells i elles van viure l&#8217;elecci\u00f3 del Molt Honorable president de la Generalitat i la Molt Honorable presidenta del Parlament elaborant un programa electoral amb les prioritats pol\u00edtiques de cadascun dels grups parlamentaris: Comprom\u00eds, Llibertat, Ecologia i Tradici\u00f3. En aquesta ocasi\u00f3, l&#8217;Iker \u00c1lvarez va sortir com a president de la Generalitat i la Chama Zankike, com la presidenta del Parlament.<\/p>\n<p>Aquesta activitat contribueix a l&#8217;adquisici\u00f3 de la compet\u00e8ncia personal i interpersonal,\u00a0per la qual es pot valorar els acords per un model de societat plural, democr\u00e0tica i solid\u00e0ria.<\/p>\n<p>Aqu\u00ed podem veure alguns dels moments del taller: la presentaci\u00f3,\u00a0els acords, el president escollit. Una bona experi\u00e8ncia i una bona feina realitzada!<\/p>\n<pre><span class=\"hiddenSpellError\">Silvia Lozano<\/span>\u00a0i\u00a0<span class=\"hiddenSpellError\">Marcela Lamas<\/span><\/pre>\n<hr \/>\n<div class=\"ast-oembed-container \" style=\"height: 100%;\"><iframe loading=\"lazy\" title=\"Sortida al Parlament de Catalunya - 3r d&#039;ESO\" width=\"500\" height=\"281\" src=\"https:\/\/www.youtube.com\/embed\/ogtNmO_Lddw?feature=oembed\" frameborder=\"0\" allow=\"accelerometer; autoplay; clipboard-write; encrypted-media; gyroscope; picture-in-picture; web-share\" referrerpolicy=\"strict-origin-when-cross-origin\" allowfullscreen><\/iframe><\/div>\n<div class=\"h5p-content\" data-content-id=\"113\"><\/div>\n<p>&nbsp;<\/p>\n","protected":false},"excerpt":{"rendered":"<p>El passat dimecres dia 23 l&#8217;alumnat de 3r d&#8217;ESO A i B va anar al Parlament de Catalunya,\u00a0des de\u00a0la mat\u00e8ria de Socials,\u00a0va treballar qu\u00e8 \u00e9s el Parlament,\u00a0qui s\u00f3n els diputats\/es, els drets i deures que\u00a0hi han\u00a0de\u00a0complir\u00a0una vegada es converteixen en membres del Parlament. Tamb\u00e9 es va realitzar el taller\u00a0&#8220;S\u00f3c diputat\/da&#8221;. Entre ells i elles van [&hellip;]<\/p>\n","protected":false},"author":1,"featured_media":7635,"comment_status":"open","ping_status":"closed","sticky":false,"template":"","format":"standard","meta":{"_bbp_topic_count":0,"_bbp_reply_count":0,"_bbp_total_topic_count":0,"_bbp_total_reply_count":0,"_bbp_voice_count":0,"_bbp_anonymous_reply_count":0,"_bbp_topic_count_hidden":0,"_bbp_reply_count_hidden":0,"_bbp_forum_subforum_count":0,"site-sidebar-layout":"default","site-content-layout":"","ast-site-content-layout":"","site-content-style":"default","site-sidebar-style":"default","ast-global-header-display":"","ast-banner-title-visibility":"","ast-main-header-display":"","ast-hfb-above-header-display":"","ast-hfb-below-header-display":"","ast-hfb-mobile-header-display":"","site-post-title":"","ast-breadcrumbs-content":"","ast-featured-img":"","footer-sml-layout":"","theme-transparent-header-meta":"","adv-header-id-meta":"","stick-header-meta":"","header-above-stick-meta":"","header-main-stick-meta":"","header-below-stick-meta":"","astra-migrate-meta-layouts":"default","ast-page-background-enabled":"default","ast-page-background-meta":{"desktop":{"background-color":"var(--ast-global-color-4)","background-image":"","background-repeat":"repeat","background-position":"center center","background-size":"auto","background-attachment":"scroll","background-type":"","background-media":"","overlay-type":"","overlay-color":"","overlay-opacity":"","overlay-gradient":""},"tablet":{"background-color":"","background-image":"","background-repeat":"repeat","background-position":"center center","background-size":"auto","background-attachment":"scroll","background-type":"","background-media":"","overlay-type":"","overlay-color":"","overlay-opacity":"","overlay-gradient":""},"mobile":{"background-color":"","background-image":"","background-repeat":"repeat","background-position":"center center","background-size":"auto","background-attachment":"scroll","background-type":"","background-media":"","overlay-type":"","overlay-color":"","overlay-opacity":"","overlay-gradient":""}},"ast-content-background-meta":{"desktop":{"background-color":"var(--ast-global-color-5)","background-image":"","background-repeat":"repeat","background-position":"center center","background-size":"auto","background-attachment":"scroll","background-type":"","background-media":"","overlay-type":"","overlay-color":"","overlay-opacity":"","overlay-gradient":""},"tablet":{"background-color":"var(--ast-global-color-5)","background-image":"","background-repeat":"repeat","background-position":"center center","background-size":"auto","background-attachment":"scroll","background-type":"","background-media":"","overlay-type":"","overlay-color":"","overlay-opacity":"","overlay-gradient":""},"mobile":{"background-color":"var(--ast-global-color-5)","background-image":"","background-repeat":"repeat","background-position":"center center","background-size":"auto","background-attachment":"scroll","background-type":"","background-media":"","overlay-type":"","overlay-color":"","overlay-opacity":"","overlay-gradient":""}},"footnotes":""},"categories":[3,6,19,20,29],"tags":[],"class_list":["post-7633","post","type-post","status-publish","format-standard","has-post-thumbnail","hentry","category-eso","category-eso-3","category-eso-3a","category-eso-3b","category-portada"],"post_mailing_queue_ids":[],"_links":{"self":[{"href":"https:\/\/agora.xtec.cat\/iesverdaguer\/wp-json\/wp\/v2\/posts\/7633","targetHints":{"allow":["GET"]}}],"collection":[{"href":"https:\/\/agora.xtec.cat\/iesverdaguer\/wp-json\/wp\/v2\/posts"}],"about":[{"href":"https:\/\/agora.xtec.cat\/iesverdaguer\/wp-json\/wp\/v2\/types\/post"}],"author":[{"embeddable":true,"href":"https:\/\/agora.xtec.cat\/iesverdaguer\/wp-json\/wp\/v2\/users\/1"}],"replies":[{"embeddable":true,"href":"https:\/\/agora.xtec.cat\/iesverdaguer\/wp-json\/wp\/v2\/comments?post=7633"}],"version-history":[{"count":3,"href":"https:\/\/agora.xtec.cat\/iesverdaguer\/wp-json\/wp\/v2\/posts\/7633\/revisions"}],"predecessor-version":[{"id":7641,"href":"https:\/\/agora.xtec.cat\/iesverdaguer\/wp-json\/wp\/v2\/posts\/7633\/revisions\/7641"}],"wp:featuredmedia":[{"embeddable":true,"href":"https:\/\/agora.xtec.cat\/iesverdaguer\/wp-json\/wp\/v2\/media\/7635"}],"wp:attachment":[{"href":"https:\/\/agora.xtec.cat\/iesverdaguer\/wp-json\/wp\/v2\/media?parent=7633"}],"wp:term":[{"taxonomy":"category","embeddable":true,"href":"https:\/\/agora.xtec.cat\/iesverdaguer\/wp-json\/wp\/v2\/categories?post=7633"},{"taxonomy":"post_tag","embeddable":true,"href":"https:\/\/agora.xtec.cat\/iesverdaguer\/wp-json\/wp\/v2\/tags?post=7633"}],"curies":[{"name":"wp","href":"https:\/\/api.w.org\/{rel}","templated":true}]}}