{"id":7614,"date":"2022-02-24T18:00:14","date_gmt":"2022-02-24T17:00:14","guid":{"rendered":"https:\/\/agora.xtec.cat\/iesverdaguer\/?p=7614"},"modified":"2022-02-24T18:03:18","modified_gmt":"2022-02-24T17:03:18","slug":"sortida-al-mercat-de-santa-caterina","status":"publish","type":"post","link":"https:\/\/agora.xtec.cat\/iesverdaguer\/blogs\/eso\/sortida-al-mercat-de-santa-caterina\/","title":{"rendered":"Sortida al mercat de Santa Caterina<p><\/p>"},"content":{"rendered":"<p>En aquest segon trimestre l&#8217;alumnat de 4t d&#8217;ESO va comen\u00e7ar l&#8217;<span class=\"hiddenSpellError\">APS (<\/span>Aprenentatge i servei a la comunitat).<\/p>\n<blockquote><p>&#8220;\u00c9s una proposta educativa que combina processos d&#8217;aprenentatge i de servei a la comunitat en un sol projecte ben articulat en el que els participants es formen al treballar sobre necessitats reals de l&#8217;entorn amb l&#8217;objectiu de millorar<span class=\"hiddenGrammarError\">-lo<\/span>&#8221; <em>Josep Maria Puig<\/em><\/p><\/blockquote>\n<p>En la primera part de<span class=\"hiddenGrammarError\">l APS<\/span><span class=\"hiddenGrammarError\">,<\/span> es va realitzar la sortida al mercat de Santa Caterina, per recon\u00e8ixer les parades amb els aliments m\u00e9s a prop, de proximitat zero, i d&#8217;altres pa\u00efsos, el tractament m\u00e9s individual a l&#8217;hora d&#8217;anar a comprar i tots els avantatges que hi ha als mercats que tenim als nostres barris.<\/p>\n<p>Agra\u00efm a l&#8217;ajuntament de Barcelona i a totes les parades que han estat explicant els seus productes i donant respostes a les preguntes fetes del nostre alumnat. Aqu\u00ed us deixo unes imatges.<\/p>\n<pre>Marcela Lamas<\/pre>\n<hr \/>\n<div class=\"h5p-content\" data-content-id=\"111\"><\/div>\n","protected":false},"excerpt":{"rendered":"<p>En aquest segon trimestre l&#8217;alumnat de 4t d&#8217;ESO va comen\u00e7ar l&#8217;APS (Aprenentatge i servei a la comunitat). &#8220;\u00c9s una proposta educativa que combina processos d&#8217;aprenentatge i de servei a la comunitat en un sol projecte ben articulat en el que els participants es formen al treballar sobre necessitats reals de l&#8217;entorn amb l&#8217;objectiu de millorar-lo&#8221; [&hellip;]<\/p>\n","protected":false},"author":1,"featured_media":7615,"comment_status":"open","ping_status":"closed","sticky":false,"template":"","format":"standard","meta":{"_bbp_topic_count":0,"_bbp_reply_count":0,"_bbp_total_topic_count":0,"_bbp_total_reply_count":0,"_bbp_voice_count":0,"_bbp_anonymous_reply_count":0,"_bbp_topic_count_hidden":0,"_bbp_reply_count_hidden":0,"_bbp_forum_subforum_count":0,"site-sidebar-layout":"default","site-content-layout":"","ast-site-content-layout":"","site-content-style":"default","site-sidebar-style":"default","ast-global-header-display":"","ast-banner-title-visibility":"","ast-main-header-display":"","ast-hfb-above-header-display":"","ast-hfb-below-header-display":"","ast-hfb-mobile-header-display":"","site-post-title":"","ast-breadcrumbs-content":"","ast-featured-img":"","footer-sml-layout":"","theme-transparent-header-meta":"","adv-header-id-meta":"","stick-header-meta":"","header-above-stick-meta":"","header-main-stick-meta":"","header-below-stick-meta":"","astra-migrate-meta-layouts":"default","ast-page-background-enabled":"default","ast-page-background-meta":{"desktop":{"background-color":"var(--ast-global-color-4)","background-image":"","background-repeat":"repeat","background-position":"center center","background-size":"auto","background-attachment":"scroll","background-type":"","background-media":"","overlay-type":"","overlay-color":"","overlay-opacity":"","overlay-gradient":""},"tablet":{"background-color":"","background-image":"","background-repeat":"repeat","background-position":"center center","background-size":"auto","background-attachment":"scroll","background-type":"","background-media":"","overlay-type":"","overlay-color":"","overlay-opacity":"","overlay-gradient":""},"mobile":{"background-color":"","background-image":"","background-repeat":"repeat","background-position":"center center","background-size":"auto","background-attachment":"scroll","background-type":"","background-media":"","overlay-type":"","overlay-color":"","overlay-opacity":"","overlay-gradient":""}},"ast-content-background-meta":{"desktop":{"background-color":"var(--ast-global-color-5)","background-image":"","background-repeat":"repeat","background-position":"center center","background-size":"auto","background-attachment":"scroll","background-type":"","background-media":"","overlay-type":"","overlay-color":"","overlay-opacity":"","overlay-gradient":""},"tablet":{"background-color":"var(--ast-global-color-5)","background-image":"","background-repeat":"repeat","background-position":"center center","background-size":"auto","background-attachment":"scroll","background-type":"","background-media":"","overlay-type":"","overlay-color":"","overlay-opacity":"","overlay-gradient":""},"mobile":{"background-color":"var(--ast-global-color-5)","background-image":"","background-repeat":"repeat","background-position":"center center","background-size":"auto","background-attachment":"scroll","background-type":"","background-media":"","overlay-type":"","overlay-color":"","overlay-opacity":"","overlay-gradient":""}},"footnotes":""},"categories":[3,7,24,25,26,29],"tags":[174],"class_list":["post-7614","post","type-post","status-publish","format-standard","has-post-thumbnail","hentry","category-eso","category-eso-4","category-eso-4a","category-eso-4b","category-eso-4c","category-portada","tag-aps"],"post_mailing_queue_ids":[],"_links":{"self":[{"href":"https:\/\/agora.xtec.cat\/iesverdaguer\/wp-json\/wp\/v2\/posts\/7614","targetHints":{"allow":["GET"]}}],"collection":[{"href":"https:\/\/agora.xtec.cat\/iesverdaguer\/wp-json\/wp\/v2\/posts"}],"about":[{"href":"https:\/\/agora.xtec.cat\/iesverdaguer\/wp-json\/wp\/v2\/types\/post"}],"author":[{"embeddable":true,"href":"https:\/\/agora.xtec.cat\/iesverdaguer\/wp-json\/wp\/v2\/users\/1"}],"replies":[{"embeddable":true,"href":"https:\/\/agora.xtec.cat\/iesverdaguer\/wp-json\/wp\/v2\/comments?post=7614"}],"version-history":[{"count":3,"href":"https:\/\/agora.xtec.cat\/iesverdaguer\/wp-json\/wp\/v2\/posts\/7614\/revisions"}],"predecessor-version":[{"id":7627,"href":"https:\/\/agora.xtec.cat\/iesverdaguer\/wp-json\/wp\/v2\/posts\/7614\/revisions\/7627"}],"wp:featuredmedia":[{"embeddable":true,"href":"https:\/\/agora.xtec.cat\/iesverdaguer\/wp-json\/wp\/v2\/media\/7615"}],"wp:attachment":[{"href":"https:\/\/agora.xtec.cat\/iesverdaguer\/wp-json\/wp\/v2\/media?parent=7614"}],"wp:term":[{"taxonomy":"category","embeddable":true,"href":"https:\/\/agora.xtec.cat\/iesverdaguer\/wp-json\/wp\/v2\/categories?post=7614"},{"taxonomy":"post_tag","embeddable":true,"href":"https:\/\/agora.xtec.cat\/iesverdaguer\/wp-json\/wp\/v2\/tags?post=7614"}],"curies":[{"name":"wp","href":"https:\/\/api.w.org\/{rel}","templated":true}]}}