{"id":7253,"date":"2021-11-25T00:05:07","date_gmt":"2021-11-24T23:05:07","guid":{"rendered":"https:\/\/agora.xtec.cat\/iesverdaguer\/?p=7253"},"modified":"2021-12-10T20:04:42","modified_gmt":"2021-12-10T19:04:42","slug":"la-violencia-de-genere-ens-afecta-a-tots-es","status":"publish","type":"post","link":"https:\/\/agora.xtec.cat\/iesverdaguer\/blogs\/batx\/la-violencia-de-genere-ens-afecta-a-tots-es\/","title":{"rendered":"La viol\u00e8ncia de g\u00e8nere ens afecta a tots\/es<p><\/p>"},"content":{"rendered":"<p>El <a href=\"https:\/\/www.proyectoeduca.net\/concursofotografico.html\" target=\"_blank\" rel=\"noopener\">Concurs de Fotografia<\/a> que organitza la<a href=\"https:\/\/www.proyectoeduca.net\/\" target=\"_blank\" rel=\"noopener\"> Fundaci\u00f3 &#8220;Proyecto Educa&#8221;<\/a> sobre la viol\u00e8ncia de g\u00e8nere es va iniciar el dia 1 de setembre i finalitza avui, el dia 25 de novembre, coincidint amb el Dia Internacional de l&#8217;Eliminaci\u00f3 de la Viol\u00e8ncia contra la Dona.<\/p>\n<p>L&#8217;alumnat <span class=\"hiddenGrammarError\">de 1r<\/span>\u00a0i 2n de Batxillerat<span class=\"hiddenGrammarError\">,<\/span>\u00a0malgrat no haver guanyat el concurs, ha participat posant un granet de sorra a poder millorar la situaci\u00f3 en la conscienciaci\u00f3 i visualitzaci\u00f3 a trav\u00e9s de les seves frases i fotografies.<\/p>\n<p><em>Marcela Lamas<\/em><\/p>\n<p><a href=\"https:\/\/agora.xtec.cat\/iesverdaguer\/wp-content\/uploads\/usu1342\/2021\/11\/concurso-fotografo-fundaci-n-proyecto-educa_orig.gif\"><img loading=\"lazy\" decoding=\"async\" class=\"aligncenter wp-image-7264\" src=\"https:\/\/agora.xtec.cat\/iesverdaguer\/wp-content\/uploads\/usu1342\/2021\/11\/concurso-fotografo-fundaci-n-proyecto-educa_orig.gif\" alt=\"\" width=\"343\" height=\"293\" \/><\/a><\/p>\n<h6 style=\"text-align: center;\"><strong>\u00a0\u201cLa viol\u00e8ncia de g\u00e8nere ens afecta a tots\/es&#8221;<\/strong><\/h6>\n<p><span style=\"font-weight: 400;\">Aquestes imatges volen transmetre un crit de lluita , que representa un missatge clar. \u00c9s i s\u00f3n fotografies que desgraciadament simbolitza un punt d\u2019inflexi\u00f3 i de canvi.<\/span><\/p>\n<p><span style=\"font-weight: 400;\">Gr\u00e0cies als participants : <\/span><\/p>\n<ul>\n<li><span style=\"font-weight: 400;\">2n de Batxillerat:\u00a0 Camila, Laura, <\/span><\/li>\n<li><span style=\"font-weight: 400;\">1r de Batxillerat C-T: \u00a0 Yolayny, Igor, Aitor, Jun, Yong, Jep, On, Alex i Dounia.<\/span><\/li>\n<\/ul>\n<hr \/>\n<div id='gallery-1' class='gallery galleryid-7253 gallery-columns-2 gallery-size-medium'><figure class='gallery-item'>\n\t\t\t<div class='gallery-icon landscape'>\n\t\t\t\t<a href='https:\/\/agora.xtec.cat\/iesverdaguer\/blogs\/batx\/la-violencia-de-genere-ens-afecta-a-tots-es\/attachment\/image1-5\/'><img loading=\"lazy\" decoding=\"async\" width=\"300\" height=\"178\" src=\"https:\/\/agora.xtec.cat\/iesverdaguer\/wp-content\/uploads\/usu1342\/2021\/11\/image1-300x178.png\" class=\"attachment-medium size-medium\" alt=\"\" aria-describedby=\"gallery-1-7258\" srcset=\"https:\/\/agora.xtec.cat\/iesverdaguer\/wp-content\/uploads\/usu1342\/2021\/11\/image1-300x178.png 300w, https:\/\/agora.xtec.cat\/iesverdaguer\/wp-content\/uploads\/usu1342\/2021\/11\/image1-1024x609.png 1024w, https:\/\/agora.xtec.cat\/iesverdaguer\/wp-content\/uploads\/usu1342\/2021\/11\/image1-768x457.png 768w, https:\/\/agora.xtec.cat\/iesverdaguer\/wp-content\/uploads\/usu1342\/2021\/11\/image1.png 1296w\" sizes=\"auto, (max-width: 300px) 100vw, 300px\" \/><\/a>\n\t\t\t<\/div>\n\t\t\t\t<figcaption class='wp-caption-text gallery-caption' id='gallery-1-7258'>\n\t\t\t\tIgor i Yong\n\t\t\t\t<\/figcaption><\/figure><figure class='gallery-item'>\n\t\t\t<div class='gallery-icon landscape'>\n\t\t\t\t<a href='https:\/\/agora.xtec.cat\/iesverdaguer\/blogs\/batx\/la-violencia-de-genere-ens-afecta-a-tots-es\/attachment\/image2-4\/'><img loading=\"lazy\" decoding=\"async\" width=\"300\" height=\"273\" src=\"https:\/\/agora.xtec.cat\/iesverdaguer\/wp-content\/uploads\/usu1342\/2021\/11\/image2-300x273.jpg\" class=\"attachment-medium size-medium\" alt=\"\" aria-describedby=\"gallery-1-7259\" srcset=\"https:\/\/agora.xtec.cat\/iesverdaguer\/wp-content\/uploads\/usu1342\/2021\/11\/image2-300x273.jpg 300w, https:\/\/agora.xtec.cat\/iesverdaguer\/wp-content\/uploads\/usu1342\/2021\/11\/image2.jpg 527w\" sizes=\"auto, (max-width: 300px) 100vw, 300px\" \/><\/a>\n\t\t\t<\/div>\n\t\t\t\t<figcaption class='wp-caption-text gallery-caption' id='gallery-1-7259'>\n\t\t\t\tMarcela\n\t\t\t\t<\/figcaption><\/figure><figure class='gallery-item'>\n\t\t\t<div class='gallery-icon landscape'>\n\t\t\t\t<a href='https:\/\/agora.xtec.cat\/iesverdaguer\/blogs\/batx\/la-violencia-de-genere-ens-afecta-a-tots-es\/attachment\/image3-3\/'><img loading=\"lazy\" decoding=\"async\" width=\"300\" height=\"257\" src=\"https:\/\/agora.xtec.cat\/iesverdaguer\/wp-content\/uploads\/usu1342\/2021\/11\/image3-300x257.jpg\" class=\"attachment-medium size-medium\" alt=\"\" aria-describedby=\"gallery-1-7260\" srcset=\"https:\/\/agora.xtec.cat\/iesverdaguer\/wp-content\/uploads\/usu1342\/2021\/11\/image3-300x257.jpg 300w, https:\/\/agora.xtec.cat\/iesverdaguer\/wp-content\/uploads\/usu1342\/2021\/11\/image3.jpg 559w\" sizes=\"auto, (max-width: 300px) 100vw, 300px\" \/><\/a>\n\t\t\t<\/div>\n\t\t\t\t<figcaption class='wp-caption-text gallery-caption' id='gallery-1-7260'>\n\t\t\t\tCamila i Laura\n\t\t\t\t<\/figcaption><\/figure><figure class='gallery-item'>\n\t\t\t<div class='gallery-icon landscape'>\n\t\t\t\t<a href='https:\/\/agora.xtec.cat\/iesverdaguer\/blogs\/batx\/la-violencia-de-genere-ens-afecta-a-tots-es\/attachment\/image5-2\/'><img loading=\"lazy\" decoding=\"async\" width=\"300\" height=\"178\" src=\"https:\/\/agora.xtec.cat\/iesverdaguer\/wp-content\/uploads\/usu1342\/2021\/11\/image5-300x178.png\" class=\"attachment-medium size-medium\" alt=\"\" aria-describedby=\"gallery-1-7262\" srcset=\"https:\/\/agora.xtec.cat\/iesverdaguer\/wp-content\/uploads\/usu1342\/2021\/11\/image5-300x178.png 300w, https:\/\/agora.xtec.cat\/iesverdaguer\/wp-content\/uploads\/usu1342\/2021\/11\/image5-1024x609.png 1024w, https:\/\/agora.xtec.cat\/iesverdaguer\/wp-content\/uploads\/usu1342\/2021\/11\/image5-768x457.png 768w, https:\/\/agora.xtec.cat\/iesverdaguer\/wp-content\/uploads\/usu1342\/2021\/11\/image5.png 1296w\" sizes=\"auto, (max-width: 300px) 100vw, 300px\" \/><\/a>\n\t\t\t<\/div>\n\t\t\t\t<figcaption class='wp-caption-text gallery-caption' id='gallery-1-7262'>\n\t\t\t\tAitor i Jun\n\t\t\t\t<\/figcaption><\/figure>\n\t\t<\/div>\n\n<p>&nbsp;<\/p>\n<p><span style=\"font-weight: 400;\">\u00a0\u00a0\u00a0\u00a0\u00a0\u00a0\u00a0\u00a0\u00a0\u00a0\u00a0\u00a0\u00a0\u00a0\u00a0\u00a0\u00a0\u00a0\u00a0\u00a0\u00a0\u00a0\u00a0\u00a0\u00a0\u00a0\u00a0\u00a0\u00a0\u00a0\u00a0\u00a0\u00a0\u00a0\u00a0\u00a0<\/span><\/p>\n<div id='gallery-2' class='gallery galleryid-7253 gallery-columns-3 gallery-size-medium'><figure class='gallery-item'>\n\t\t\t<div class='gallery-icon portrait'>\n\t\t\t\t<a href='https:\/\/agora.xtec.cat\/iesverdaguer\/blogs\/batx\/la-violencia-de-genere-ens-afecta-a-tots-es\/attachment\/image4-2\/'><img loading=\"lazy\" decoding=\"async\" width=\"200\" height=\"300\" src=\"https:\/\/agora.xtec.cat\/iesverdaguer\/wp-content\/uploads\/usu1342\/2021\/11\/image4-200x300.jpg\" class=\"attachment-medium size-medium\" alt=\"\" aria-describedby=\"gallery-2-7261\" srcset=\"https:\/\/agora.xtec.cat\/iesverdaguer\/wp-content\/uploads\/usu1342\/2021\/11\/image4-200x300.jpg 200w, https:\/\/agora.xtec.cat\/iesverdaguer\/wp-content\/uploads\/usu1342\/2021\/11\/image4.jpg 364w\" sizes=\"auto, (max-width: 200px) 100vw, 200px\" \/><\/a>\n\t\t\t<\/div>\n\t\t\t\t<figcaption class='wp-caption-text gallery-caption' id='gallery-2-7261'>\n\t\t\t\tJolayny\n\t\t\t\t<\/figcaption><\/figure><figure class='gallery-item'>\n\t\t\t<div class='gallery-icon landscape'>\n\t\t\t\t<a href='https:\/\/agora.xtec.cat\/iesverdaguer\/blogs\/batx\/la-violencia-de-genere-ens-afecta-a-tots-es\/attachment\/image0-4\/'><img loading=\"lazy\" decoding=\"async\" width=\"300\" height=\"225\" src=\"https:\/\/agora.xtec.cat\/iesverdaguer\/wp-content\/uploads\/usu1342\/2021\/11\/image0-300x225.jpeg\" class=\"attachment-medium size-medium\" alt=\"\" aria-describedby=\"gallery-2-7256\" srcset=\"https:\/\/agora.xtec.cat\/iesverdaguer\/wp-content\/uploads\/usu1342\/2021\/11\/image0-300x225.jpeg 300w, https:\/\/agora.xtec.cat\/iesverdaguer\/wp-content\/uploads\/usu1342\/2021\/11\/image0-1024x768.jpeg 1024w, https:\/\/agora.xtec.cat\/iesverdaguer\/wp-content\/uploads\/usu1342\/2021\/11\/image0-768x576.jpeg 768w, https:\/\/agora.xtec.cat\/iesverdaguer\/wp-content\/uploads\/usu1342\/2021\/11\/image0-1536x1152.jpeg 1536w, https:\/\/agora.xtec.cat\/iesverdaguer\/wp-content\/uploads\/usu1342\/2021\/11\/image0-200x150.jpeg 200w, https:\/\/agora.xtec.cat\/iesverdaguer\/wp-content\/uploads\/usu1342\/2021\/11\/image0.jpeg 1600w\" sizes=\"auto, (max-width: 300px) 100vw, 300px\" \/><\/a>\n\t\t\t<\/div>\n\t\t\t\t<figcaption class='wp-caption-text gallery-caption' id='gallery-2-7256'>\n\t\t\t\t&#8220;STOP. Las palabras tambi\u00e9n rompen por dentro&#8221;. Dounia\n\t\t\t\t<\/figcaption><\/figure><figure class='gallery-item'>\n\t\t\t<div class='gallery-icon portrait'>\n\t\t\t\t<a href='https:\/\/agora.xtec.cat\/iesverdaguer\/blogs\/batx\/la-violencia-de-genere-ens-afecta-a-tots-es\/attachment\/image1-4\/'><img loading=\"lazy\" decoding=\"async\" width=\"225\" height=\"300\" src=\"https:\/\/agora.xtec.cat\/iesverdaguer\/wp-content\/uploads\/usu1342\/2021\/11\/image1-225x300.jpeg\" class=\"attachment-medium size-medium\" alt=\"\" aria-describedby=\"gallery-2-7257\" srcset=\"https:\/\/agora.xtec.cat\/iesverdaguer\/wp-content\/uploads\/usu1342\/2021\/11\/image1-225x300.jpeg 225w, https:\/\/agora.xtec.cat\/iesverdaguer\/wp-content\/uploads\/usu1342\/2021\/11\/image1-768x1024.jpeg 768w, https:\/\/agora.xtec.cat\/iesverdaguer\/wp-content\/uploads\/usu1342\/2021\/11\/image1-1152x1536.jpeg 1152w, https:\/\/agora.xtec.cat\/iesverdaguer\/wp-content\/uploads\/usu1342\/2021\/11\/image1.jpeg 1200w\" sizes=\"auto, (max-width: 225px) 100vw, 225px\" \/><\/a>\n\t\t\t<\/div>\n\t\t\t\t<figcaption class='wp-caption-text gallery-caption' id='gallery-2-7257'>\n\t\t\t\tJep, On i \u00c0lex\n\t\t\t\t<\/figcaption><\/figure>\n\t\t<\/div>\n\n<p><span style=\"font-weight: 400;\">\u00a0\u00a0\u00a0\u00a0\u00a0\u00a0\u00a0\u00a0\u00a0\u00a0\u201c&#8221;<\/span><\/p>\n","protected":false},"excerpt":{"rendered":"<p>El Concurs de Fotografia que organitza la Fundaci\u00f3 &#8220;Proyecto Educa&#8221; sobre la viol\u00e8ncia de g\u00e8nere es va iniciar el dia 1 de setembre i finalitza avui, el dia 25 de novembre, coincidint amb el Dia Internacional de l&#8217;Eliminaci\u00f3 de la Viol\u00e8ncia contra la Dona. L&#8217;alumnat de 1r\u00a0i 2n de Batxillerat,\u00a0malgrat no haver guanyat el concurs, [&hellip;]<\/p>\n","protected":false},"author":1,"featured_media":7269,"comment_status":"open","ping_status":"closed","sticky":false,"template":"","format":"standard","meta":{"_bbp_topic_count":0,"_bbp_reply_count":0,"_bbp_total_topic_count":0,"_bbp_total_reply_count":0,"_bbp_voice_count":0,"_bbp_anonymous_reply_count":0,"_bbp_topic_count_hidden":0,"_bbp_reply_count_hidden":0,"_bbp_forum_subforum_count":0,"site-sidebar-layout":"default","site-content-layout":"","ast-site-content-layout":"","site-content-style":"default","site-sidebar-style":"default","ast-global-header-display":"","ast-banner-title-visibility":"","ast-main-header-display":"","ast-hfb-above-header-display":"","ast-hfb-below-header-display":"","ast-hfb-mobile-header-display":"","site-post-title":"","ast-breadcrumbs-content":"","ast-featured-img":"","footer-sml-layout":"","theme-transparent-header-meta":"","adv-header-id-meta":"","stick-header-meta":"","header-above-stick-meta":"","header-main-stick-meta":"","header-below-stick-meta":"","astra-migrate-meta-layouts":"default","ast-page-background-enabled":"default","ast-page-background-meta":{"desktop":{"background-color":"var(--ast-global-color-4)","background-image":"","background-repeat":"repeat","background-position":"center center","background-size":"auto","background-attachment":"scroll","background-type":"","background-media":"","overlay-type":"","overlay-color":"","overlay-opacity":"","overlay-gradient":""},"tablet":{"background-color":"","background-image":"","background-repeat":"repeat","background-position":"center center","background-size":"auto","background-attachment":"scroll","background-type":"","background-media":"","overlay-type":"","overlay-color":"","overlay-opacity":"","overlay-gradient":""},"mobile":{"background-color":"","background-image":"","background-repeat":"repeat","background-position":"center center","background-size":"auto","background-attachment":"scroll","background-type":"","background-media":"","overlay-type":"","overlay-color":"","overlay-opacity":"","overlay-gradient":""}},"ast-content-background-meta":{"desktop":{"background-color":"var(--ast-global-color-5)","background-image":"","background-repeat":"repeat","background-position":"center center","background-size":"auto","background-attachment":"scroll","background-type":"","background-media":"","overlay-type":"","overlay-color":"","overlay-opacity":"","overlay-gradient":""},"tablet":{"background-color":"var(--ast-global-color-5)","background-image":"","background-repeat":"repeat","background-position":"center center","background-size":"auto","background-attachment":"scroll","background-type":"","background-media":"","overlay-type":"","overlay-color":"","overlay-opacity":"","overlay-gradient":""},"mobile":{"background-color":"var(--ast-global-color-5)","background-image":"","background-repeat":"repeat","background-position":"center center","background-size":"auto","background-attachment":"scroll","background-type":"","background-media":"","overlay-type":"","overlay-color":"","overlay-opacity":"","overlay-gradient":""}},"footnotes":""},"categories":[167,169,168,8,29],"tags":[],"class_list":["post-7253","post","type-post","status-publish","format-standard","has-post-thumbnail","hentry","category-batx-2","category-batx-1-c-t","category-batx-1-h-s","category-batx","category-portada"],"post_mailing_queue_ids":[],"_links":{"self":[{"href":"https:\/\/agora.xtec.cat\/iesverdaguer\/wp-json\/wp\/v2\/posts\/7253","targetHints":{"allow":["GET"]}}],"collection":[{"href":"https:\/\/agora.xtec.cat\/iesverdaguer\/wp-json\/wp\/v2\/posts"}],"about":[{"href":"https:\/\/agora.xtec.cat\/iesverdaguer\/wp-json\/wp\/v2\/types\/post"}],"author":[{"embeddable":true,"href":"https:\/\/agora.xtec.cat\/iesverdaguer\/wp-json\/wp\/v2\/users\/1"}],"replies":[{"embeddable":true,"href":"https:\/\/agora.xtec.cat\/iesverdaguer\/wp-json\/wp\/v2\/comments?post=7253"}],"version-history":[{"count":3,"href":"https:\/\/agora.xtec.cat\/iesverdaguer\/wp-json\/wp\/v2\/posts\/7253\/revisions"}],"predecessor-version":[{"id":7327,"href":"https:\/\/agora.xtec.cat\/iesverdaguer\/wp-json\/wp\/v2\/posts\/7253\/revisions\/7327"}],"wp:featuredmedia":[{"embeddable":true,"href":"https:\/\/agora.xtec.cat\/iesverdaguer\/wp-json\/wp\/v2\/media\/7269"}],"wp:attachment":[{"href":"https:\/\/agora.xtec.cat\/iesverdaguer\/wp-json\/wp\/v2\/media?parent=7253"}],"wp:term":[{"taxonomy":"category","embeddable":true,"href":"https:\/\/agora.xtec.cat\/iesverdaguer\/wp-json\/wp\/v2\/categories?post=7253"},{"taxonomy":"post_tag","embeddable":true,"href":"https:\/\/agora.xtec.cat\/iesverdaguer\/wp-json\/wp\/v2\/tags?post=7253"}],"curies":[{"name":"wp","href":"https:\/\/api.w.org\/{rel}","templated":true}]}}