{"id":883,"date":"2020-03-12T15:42:56","date_gmt":"2020-03-12T14:42:56","guid":{"rendered":"http:\/\/agora.xtec.cat\/iesventuragassol\/?p=883"},"modified":"2020-06-21T09:22:12","modified_gmt":"2020-06-21T07:22:12","slug":"suspensio-de-classes","status":"publish","type":"post","link":"https:\/\/agora.xtec.cat\/iesventuragassol\/general\/suspensio-de-classes\/","title":{"rendered":"Tancament del centre: confinament per COVID-19"},"content":{"rendered":"<p>El Departament d\u2019Educaci\u00f3, seguint instruccions del Departament de Salut i com a mesura excepcional per contenir el coronavirus, ha pres la decisi\u00f3 de tancar a partir del dia 13 de mar\u00e7 i fins al proper dia 27 mar\u00e7, ambd\u00f3s inclosos, tots els centres educatius del pa\u00eds i, per tant, han quedat suspeses les classes en horari lectiu.<\/p>\n<p>Per veure el comunicat cliqueu <a href=\"https:\/\/drive.google.com\/file\/d\/1aMKi7Olbg_oHVvwPGCtsNqHErKcOsLPJ\/view?usp=sharing\">aqu\u00ed<\/a><\/p>\n<p>Podeu veure la nota de premsa clicant <a href=\"http:\/\/ensenyament.gencat.cat\/ca\/inici\/nota-premsa\/?id=383884\">aqu\u00ed<\/a><\/p>\n","protected":false},"excerpt":{"rendered":"<p>El Departament d\u2019Educaci\u00f3, seguint instruccions del Departament de Salut i com a mesura excepcional per contenir el coronavirus, ha pres la decisi\u00f3 de tancar a partir del dia 13 de mar\u00e7 i fins al proper dia 27 mar\u00e7, ambd\u00f3s inclosos, tots els centres educatius del&hellip;  <a href=\"https:\/\/agora.xtec.cat\/iesventuragassol\/general\/suspensio-de-classes\/\" title=\"Read Tancament del centre: confinament per COVID-19\">Llegeix m\u00e9s\u00bb<\/a><\/p>\n","protected":false},"author":1,"featured_media":0,"comment_status":"closed","ping_status":"closed","sticky":false,"template":"","format":"standard","meta":{"_bbp_topic_count":0,"_bbp_reply_count":0,"_bbp_total_topic_count":0,"_bbp_total_reply_count":0,"_bbp_voice_count":0,"_bbp_anonymous_reply_count":0,"_bbp_topic_count_hidden":0,"_bbp_reply_count_hidden":0,"_bbp_forum_subforum_count":0,"footnotes":""},"categories":[1,29],"tags":[189,168,170,164,166,169,87,171,165,45],"class_list":["post-883","post","type-post","status-publish","format-standard","hentry","category-general","category-portada","tag-2019-20","tag-batxillerat","tag-comunicats-oficials","tag-comunitat-esducativa-acollida-informacio-families","tag-covid-19","tag-dept-educacio","tag-eso","tag-informacio-families","tag-pandemia","tag-salut"],"post_mailing_queue_ids":[],"_links":{"self":[{"href":"https:\/\/agora.xtec.cat\/iesventuragassol\/wp-json\/wp\/v2\/posts\/883","targetHints":{"allow":["GET"]}}],"collection":[{"href":"https:\/\/agora.xtec.cat\/iesventuragassol\/wp-json\/wp\/v2\/posts"}],"about":[{"href":"https:\/\/agora.xtec.cat\/iesventuragassol\/wp-json\/wp\/v2\/types\/post"}],"author":[{"embeddable":true,"href":"https:\/\/agora.xtec.cat\/iesventuragassol\/wp-json\/wp\/v2\/users\/1"}],"replies":[{"embeddable":true,"href":"https:\/\/agora.xtec.cat\/iesventuragassol\/wp-json\/wp\/v2\/comments?post=883"}],"version-history":[{"count":3,"href":"https:\/\/agora.xtec.cat\/iesventuragassol\/wp-json\/wp\/v2\/posts\/883\/revisions"}],"predecessor-version":[{"id":1956,"href":"https:\/\/agora.xtec.cat\/iesventuragassol\/wp-json\/wp\/v2\/posts\/883\/revisions\/1956"}],"wp:attachment":[{"href":"https:\/\/agora.xtec.cat\/iesventuragassol\/wp-json\/wp\/v2\/media?parent=883"}],"wp:term":[{"taxonomy":"category","embeddable":true,"href":"https:\/\/agora.xtec.cat\/iesventuragassol\/wp-json\/wp\/v2\/categories?post=883"},{"taxonomy":"post_tag","embeddable":true,"href":"https:\/\/agora.xtec.cat\/iesventuragassol\/wp-json\/wp\/v2\/tags?post=883"}],"curies":[{"name":"wp","href":"https:\/\/api.w.org\/{rel}","templated":true}]}}