{"id":856,"date":"2020-03-11T19:41:23","date_gmt":"2020-03-11T18:41:23","guid":{"rendered":"http:\/\/agora.xtec.cat\/iesventuragassol\/?p=856"},"modified":"2020-06-21T09:22:23","modified_gmt":"2020-06-21T07:22:23","slug":"comunicat-del-departament-deducacio-en-relacio-al-coronavirus","status":"publish","type":"post","link":"https:\/\/agora.xtec.cat\/iesventuragassol\/general\/comunicat-del-departament-deducacio-en-relacio-al-coronavirus\/","title":{"rendered":"Comunicat del Departament d&#8217;Educaci\u00f3 en relaci\u00f3 amb el coronavirus"},"content":{"rendered":"<p><strong>\u00a0<\/strong>Dimarts, 10 de mar\u00e7 de 2020<\/p>\n<p>En relaci\u00f3 al coronavirus, el Departament d\u2019Educaci\u00f3 fa saber als centres educatius noves mesures de prevenci\u00f3 amb la finalitat de contribuir a la seva contenci\u00f3:<\/p>\n<ul>\n<li>El Departament d\u2019Educaci\u00f3 insta a la suspensi\u00f3 de tota activitat que organitzin els centres educatius del Servei Educatiu de Catalunya o qualsevol \u00f2rgan del Departament\u00a0 que no sigui lectiva o curricular, que es faci fora del centre i que impliqui professorat, personal no docent o alumnat de diversos centres simult\u00e0niament. Les sortides lectives que impliquin un sol centre es poden mantenir. Aquesta mesura de suspensi\u00f3 t\u00e9 efectes sobre fires, trobades, cantades, cert\u00e0mens, etc.<\/li>\n<li>\u00a0En relaci\u00f3 amb el punt anterior, el Departament no participar\u00e0 a la propera edici\u00f3 del Sal\u00f3 de l\u2019Ensenyament, prevista entre 18 i el 22 de mar\u00e7. En aquest sentit, insta a les direccions dels centres educatius que anul\u00b7lin les visites d\u2019alumnat i professorat al Sal\u00f3 que tinguin organitzades.<\/li>\n<li>Com es va comunicar el passat 6 de mar\u00e7, les pr\u00e0ctiques en centres sanitaris i sociosanitaris dels alumnes que estan cursant formaci\u00f3 professional queden suspeses per tal de facilitar al m\u00e0xim l\u2019activitat assistencial del personal d\u2019aquests centres. Aquesta suspensi\u00f3 afecta tamb\u00e9 l\u2019activitat d\u2019alumnes d\u2019ESO i Batxillerat que fan plans de diversificaci\u00f3 curricular en hospitals o resid\u00e8ncies de gent gran, com els projectes singulars, els programes d\u2019aprenentatge i servei o de voluntariat.<\/li>\n<li>Se susp\u00e8n l\u2019activitat docent que s\u2019ofereix als centres hospitalaris per a infants amb ingressos perllongats, el que es coneix com a les aules hospital\u00e0ries, amb la finalitat de reduir al m\u00e0xim l\u2019entrada de persones for\u00e0nies als hospitals i hospitals de dia.<\/li>\n<li>Es mantenen les portes obertes que s\u2019estan duent a terme aquests dies, per\u00f2 es recomana als centres que es reforcin les mesures de prevenci\u00f3, com ara evitar aglomeracions de persones en espais redu\u00efts i situar les indicacions de prevenci\u00f3 de contagi ben visibles als centres.<\/li>\n<li>Els Serveis Territorials d\u2019Educaci\u00f3 i el Consorci d\u2019Educaci\u00f3 de Barcelona dotaran de personal substitut als centres davant de qualsevol incid\u00e8ncia que s\u2019hagi comunicat per part del Departament de Salut.<\/li>\n<li>Donada la import\u00e0ncia de l\u2019acci\u00f3 educativa en relaci\u00f3 a les mesures de protecci\u00f3, s\u2019insta els centres a formar els alumnes en les mesures recomanades pel Departament de Salut.<\/li>\n<li>Es recorda que davant de possibles casos, els centres han de posar-se en contacte amb el 061 Salut Respon tamb\u00e9 amb les direccions dels Serveis Territorials o del Consorci d\u2019Educaci\u00f3 de Barcelona. Des d\u2019aquests \u00f2rgans territorials, de la m\u00e0 del Departament de Salut, es far\u00e0 seguiment dels casos i de les consultes.<\/li>\n<li>Es mant\u00e9, com a principi general, la recomanaci\u00f3 de\u00a0<a href=\"http:\/\/canalsalut.gencat.cat\/ca\/salut-a-z\/c\/coronavirus-2019-ncov\/index.html#bloc6\">no viatjar als pa\u00efsos i a les regions afectades<\/a>, mentre les autoritats sanit\u00e0ries d\u2019aquests pa\u00efsos no aixequin les mesures de control que actualment estan duent a terme.<\/li>\n<\/ul>\n<p>Es recorda que el Departament de Salut ha elaborat tot de materials que estan disponibles al seg\u00fcent enlla\u00e7: <a href=\"http:\/\/canalsalut.gencat.cat\/coronavirus\">http:\/\/canalsalut.gencat.cat\/coronavirus<\/a><strong><em>\u00a0<\/em><\/strong><\/p>\n<p><strong><em>10 de mar\u00e7 de 2020<\/em><\/strong><\/p>\n","protected":false},"excerpt":{"rendered":"<p>\u00a0Dimarts, 10 de mar\u00e7 de 2020<br \/>\nEn relaci\u00f3 al coronavirus, el Departament d\u2019Educaci\u00f3 fa saber als centres educatius noves mesures de prevenci\u00f3 amb la finalitat de contribuir a la seva contenci\u00f3:<\/p>\n<ul>\n<li>El Departament d\u2019Educaci\u00f3 insta a la suspensi\u00f3 de tota activitat que organitzin els centres educatius del&hellip;  <a href=\"https:\/\/agora.xtec.cat\/iesventuragassol\/general\/comunicat-del-departament-deducacio-en-relacio-al-coronavirus\/\" title=\"Read Comunicat del Departament d&#8217;Educaci\u00f3 en relaci\u00f3 amb el coronavirus\">Llegeix m\u00e9s\u00bb<\/a><br \/>\n","protected":false},"author":1,"featured_media":0,"comment_status":"open","ping_status":"closed","sticky":false,"template":"","format":"standard","meta":{"_bbp_topic_count":0,"_bbp_reply_count":0,"_bbp_total_topic_count":0,"_bbp_total_reply_count":0,"_bbp_voice_count":0,"_bbp_anonymous_reply_count":0,"_bbp_topic_count_hidden":0,"_bbp_reply_count_hidden":0,"_bbp_forum_subforum_count":0,"footnotes":""},"categories":[1,29],"tags":[189,168,170,166,169,87,171,165,45],"class_list":["post-856","post","type-post","status-publish","format-standard","hentry","category-general","category-portada","tag-2019-20","tag-batxillerat","tag-comunicats-oficials","tag-covid-19","tag-dept-educacio","tag-eso","tag-informacio-families","tag-pandemia","tag-salut"],"post_mailing_queue_ids":[],"_links":{"self":[{"href":"https:\/\/agora.xtec.cat\/iesventuragassol\/wp-json\/wp\/v2\/posts\/856","targetHints":{"allow":["GET"]}}],"collection":[{"href":"https:\/\/agora.xtec.cat\/iesventuragassol\/wp-json\/wp\/v2\/posts"}],"about":[{"href":"https:\/\/agora.xtec.cat\/iesventuragassol\/wp-json\/wp\/v2\/types\/post"}],"author":[{"embeddable":true,"href":"https:\/\/agora.xtec.cat\/iesventuragassol\/wp-json\/wp\/v2\/users\/1"}],"replies":[{"embeddable":true,"href":"https:\/\/agora.xtec.cat\/iesventuragassol\/wp-json\/wp\/v2\/comments?post=856"}],"version-history":[{"count":3,"href":"https:\/\/agora.xtec.cat\/iesventuragassol\/wp-json\/wp\/v2\/posts\/856\/revisions"}],"predecessor-version":[{"id":1957,"href":"https:\/\/agora.xtec.cat\/iesventuragassol\/wp-json\/wp\/v2\/posts\/856\/revisions\/1957"}],"wp:attachment":[{"href":"https:\/\/agora.xtec.cat\/iesventuragassol\/wp-json\/wp\/v2\/media?parent=856"}],"wp:term":[{"taxonomy":"category","embeddable":true,"href":"https:\/\/agora.xtec.cat\/iesventuragassol\/wp-json\/wp\/v2\/categories?post=856"},{"taxonomy":"post_tag","embeddable":true,"href":"https:\/\/agora.xtec.cat\/iesventuragassol\/wp-json\/wp\/v2\/tags?post=856"}],"curies":[{"name":"wp","href":"https:\/\/api.w.org\/{rel}","templated":true}]}}