{"id":3851,"date":"2026-03-03T12:15:52","date_gmt":"2026-03-03T11:15:52","guid":{"rendered":"https:\/\/agora.xtec.cat\/iesventuragassol\/?p=3851"},"modified":"2026-03-03T12:32:35","modified_gmt":"2026-03-03T11:32:35","slug":"campanya-de-recollida-de-roba","status":"publish","type":"post","link":"https:\/\/agora.xtec.cat\/iesventuragassol\/general\/campanya-de-recollida-de-roba\/","title":{"rendered":"Campanya de recollida de roba"},"content":{"rendered":"<p style=\"text-align: center;\">\u201cLa moda \u00e9s el que compres, l\u2019estil \u00e9s el que fas amb ell.\u201d<\/p>\n<p>L\u2019alumnat de 4t d\u2019ESO D impulsa una <strong>campanya de recollida solid\u00e0ria de roba<\/strong> en col\u00b7laboraci\u00f3 amb la Fundaci\u00f3 Formaci\u00f3 i Treball, amb l\u2019objectiu de donar una nova vida a peces que ja no utilitzem i ajudar persones que ho necessiten.<\/p>\n<p>Convidem tota la comunitat educativa a participar-hi portant:<br \/>\n&#8211; Roba de vestir<br \/>\n&#8211; Roba de la llar<br \/>\n&#8211; Complements<\/p>\n<p>\ud83d\udcc5 Fins al 13 de mar\u00e7<br \/>\n\ud83d\udccd Vest\u00edbul de l\u2019Institut Ventura Gassol<\/p>\n<p>Entre tots podem fomentar el reciclatge t\u00e8xtil i contribuir a una causa solid\u00e0ria. Gr\u00e0cies per la vostra col\u00b7laboraci\u00f3!<\/p>\n<p><a href=\"https:\/\/agora.xtec.cat\/iesventuragassol\/general\/campanya-de-recollida-de-roba\/attachment\/captura-de-pantalla-2026-03-03-092412\/\" rel=\"attachment wp-att-3854\"><img loading=\"lazy\" decoding=\"async\" class=\"aligncenter wp-image-3854\" src=\"https:\/\/agora.xtec.cat\/iesventuragassol\/wp-content\/uploads\/usu1243\/2026\/03\/Captura-de-pantalla-2026-03-03-092412.jpg\" alt=\"\" width=\"205\" height=\"340\" srcset=\"https:\/\/agora.xtec.cat\/iesventuragassol\/wp-content\/uploads\/usu1243\/2026\/03\/Captura-de-pantalla-2026-03-03-092412.jpg 400w, https:\/\/agora.xtec.cat\/iesventuragassol\/wp-content\/uploads\/usu1243\/2026\/03\/Captura-de-pantalla-2026-03-03-092412-181x300.jpg 181w\" sizes=\"auto, (max-width: 205px) 100vw, 205px\" \/><\/a> <a href=\"https:\/\/agora.xtec.cat\/iesventuragassol\/general\/campanya-de-recollida-de-roba\/attachment\/captura-de-pantalla-2026-03-03-092444\/\" rel=\"attachment wp-att-3853\"><img loading=\"lazy\" decoding=\"async\" class=\"aligncenter wp-image-3853\" src=\"https:\/\/agora.xtec.cat\/iesventuragassol\/wp-content\/uploads\/usu1243\/2026\/03\/Captura-de-pantalla-2026-03-03-092444.jpg\" alt=\"\" width=\"208\" height=\"272\" srcset=\"https:\/\/agora.xtec.cat\/iesventuragassol\/wp-content\/uploads\/usu1243\/2026\/03\/Captura-de-pantalla-2026-03-03-092444.jpg 499w, https:\/\/agora.xtec.cat\/iesventuragassol\/wp-content\/uploads\/usu1243\/2026\/03\/Captura-de-pantalla-2026-03-03-092444-229x300.jpg 229w\" sizes=\"auto, (max-width: 208px) 100vw, 208px\" \/><\/a> <a href=\"https:\/\/agora.xtec.cat\/iesventuragassol\/general\/campanya-de-recollida-de-roba\/attachment\/captura-de-pantalla-2026-03-03-092538\/\" rel=\"attachment wp-att-3852\"><img loading=\"lazy\" decoding=\"async\" class=\"aligncenter wp-image-3852\" src=\"https:\/\/agora.xtec.cat\/iesventuragassol\/wp-content\/uploads\/usu1243\/2026\/03\/Captura-de-pantalla-2026-03-03-092538.jpg\" alt=\"\" width=\"464\" height=\"345\" srcset=\"https:\/\/agora.xtec.cat\/iesventuragassol\/wp-content\/uploads\/usu1243\/2026\/03\/Captura-de-pantalla-2026-03-03-092538.jpg 853w, https:\/\/agora.xtec.cat\/iesventuragassol\/wp-content\/uploads\/usu1243\/2026\/03\/Captura-de-pantalla-2026-03-03-092538-300x223.jpg 300w, https:\/\/agora.xtec.cat\/iesventuragassol\/wp-content\/uploads\/usu1243\/2026\/03\/Captura-de-pantalla-2026-03-03-092538-768x571.jpg 768w, https:\/\/agora.xtec.cat\/iesventuragassol\/wp-content\/uploads\/usu1243\/2026\/03\/Captura-de-pantalla-2026-03-03-092538-200x150.jpg 200w\" sizes=\"auto, (max-width: 464px) 100vw, 464px\" \/><\/a><\/p>\n<p>&nbsp;<\/p>\n<p><!--a=1--><\/p>\n<p><!----comment node----><!--a=1--><\/p>\n<p><!----comment node----><!--a=1--><\/p>\n<p><!--a=1--><\/p>\n<p><!--a=1--><\/p>\n","protected":false},"excerpt":{"rendered":"<p>\u201cLa moda \u00e9s el que compres, l\u2019estil \u00e9s el que fas amb ell.\u201d<br \/>\nL\u2019alumnat de 4t d\u2019ESO D impulsa una campanya de recollida solid\u00e0ria de roba en col\u00b7laboraci\u00f3 amb la Fundaci\u00f3 Formaci\u00f3 i Treball, amb l\u2019objectiu de donar una nova vida a peces que ja no&hellip;  <a href=\"https:\/\/agora.xtec.cat\/iesventuragassol\/general\/campanya-de-recollida-de-roba\/\" title=\"Read Campanya de recollida de roba\">Llegeix m\u00e9s\u00bb<\/a><\/p>\n","protected":false},"author":3,"featured_media":3863,"comment_status":"open","ping_status":"open","sticky":false,"template":"","format":"standard","meta":{"_bbp_topic_count":0,"_bbp_reply_count":0,"_bbp_total_topic_count":0,"_bbp_total_reply_count":0,"_bbp_voice_count":0,"_bbp_anonymous_reply_count":0,"_bbp_topic_count_hidden":0,"_bbp_reply_count_hidden":0,"_bbp_forum_subforum_count":0,"footnotes":""},"categories":[152,1],"tags":[],"class_list":["post-3851","post","type-post","status-publish","format-standard","has-post-thumbnail","hentry","category-4t-eso-d","category-general"],"post_mailing_queue_ids":[],"_links":{"self":[{"href":"https:\/\/agora.xtec.cat\/iesventuragassol\/wp-json\/wp\/v2\/posts\/3851","targetHints":{"allow":["GET"]}}],"collection":[{"href":"https:\/\/agora.xtec.cat\/iesventuragassol\/wp-json\/wp\/v2\/posts"}],"about":[{"href":"https:\/\/agora.xtec.cat\/iesventuragassol\/wp-json\/wp\/v2\/types\/post"}],"author":[{"embeddable":true,"href":"https:\/\/agora.xtec.cat\/iesventuragassol\/wp-json\/wp\/v2\/users\/3"}],"replies":[{"embeddable":true,"href":"https:\/\/agora.xtec.cat\/iesventuragassol\/wp-json\/wp\/v2\/comments?post=3851"}],"version-history":[{"count":6,"href":"https:\/\/agora.xtec.cat\/iesventuragassol\/wp-json\/wp\/v2\/posts\/3851\/revisions"}],"predecessor-version":[{"id":3864,"href":"https:\/\/agora.xtec.cat\/iesventuragassol\/wp-json\/wp\/v2\/posts\/3851\/revisions\/3864"}],"wp:featuredmedia":[{"embeddable":true,"href":"https:\/\/agora.xtec.cat\/iesventuragassol\/wp-json\/wp\/v2\/media\/3863"}],"wp:attachment":[{"href":"https:\/\/agora.xtec.cat\/iesventuragassol\/wp-json\/wp\/v2\/media?parent=3851"}],"wp:term":[{"taxonomy":"category","embeddable":true,"href":"https:\/\/agora.xtec.cat\/iesventuragassol\/wp-json\/wp\/v2\/categories?post=3851"},{"taxonomy":"post_tag","embeddable":true,"href":"https:\/\/agora.xtec.cat\/iesventuragassol\/wp-json\/wp\/v2\/tags?post=3851"}],"curies":[{"name":"wp","href":"https:\/\/api.w.org\/{rel}","templated":true}]}}