{"id":3810,"date":"2026-02-05T20:04:36","date_gmt":"2026-02-05T19:04:36","guid":{"rendered":"https:\/\/agora.xtec.cat\/iesventuragassol\/?p=3810"},"modified":"2026-02-05T20:04:37","modified_gmt":"2026-02-05T19:04:37","slug":"1r-deso-visita-el-cram","status":"publish","type":"post","link":"https:\/\/agora.xtec.cat\/iesventuragassol\/general\/1r-deso-visita-el-cram\/","title":{"rendered":"1r d\u2019ESO visita el CRAM"},"content":{"rendered":"<p>L\u2019alumnat de 1r d\u2019ESO ha visitat recentment el CRAM (Centre de Recuperaci\u00f3 d\u2019Animals Marins) en el marc del projecte <em>Mares de pl\u00e1stico<\/em>.<\/p>\n<p>Durant la sortida, han fet una visita guiada per les instal\u00b7lacions, on han conegut de prop els animals marins que s\u2019estan recuperant i les hist\u00f2ries que hi ha darrere de cada un. A m\u00e9s, han participat en un taller sobre la contaminaci\u00f3 marina, que els ha perm\u00e8s veure de primera m\u00e0 que les nostres platges no estan tan netes com haurien d\u2019estar.<\/p>\n<p>Aqu\u00ed us deixem un recull de fotografies de la sortida.<\/p>\n<p><a href=\"https:\/\/agora.xtec.cat\/iesventuragassol\/general\/1r-deso-visita-el-cram\/attachment\/cram4\/\" rel=\"attachment wp-att-3811\"><img loading=\"lazy\" decoding=\"async\" class=\"aligncenter size-full wp-image-3811\" src=\"https:\/\/agora.xtec.cat\/iesventuragassol\/wp-content\/uploads\/usu1243\/2026\/02\/CRAM4.jpg\" alt=\"\" width=\"507\" height=\"661\" srcset=\"https:\/\/agora.xtec.cat\/iesventuragassol\/wp-content\/uploads\/usu1243\/2026\/02\/CRAM4.jpg 507w, https:\/\/agora.xtec.cat\/iesventuragassol\/wp-content\/uploads\/usu1243\/2026\/02\/CRAM4-230x300.jpg 230w\" sizes=\"auto, (max-width: 507px) 100vw, 507px\" \/><\/a><\/p>\n<p><a href=\"https:\/\/agora.xtec.cat\/iesventuragassol\/general\/1r-deso-visita-el-cram\/attachment\/c5-2\/\" rel=\"attachment wp-att-3815\"><img loading=\"lazy\" decoding=\"async\" class=\"aligncenter size-full wp-image-3815\" src=\"https:\/\/agora.xtec.cat\/iesventuragassol\/wp-content\/uploads\/usu1243\/2026\/02\/C5.jpg\" alt=\"\" width=\"1137\" height=\"820\" srcset=\"https:\/\/agora.xtec.cat\/iesventuragassol\/wp-content\/uploads\/usu1243\/2026\/02\/C5.jpg 1137w, https:\/\/agora.xtec.cat\/iesventuragassol\/wp-content\/uploads\/usu1243\/2026\/02\/C5-300x216.jpg 300w, https:\/\/agora.xtec.cat\/iesventuragassol\/wp-content\/uploads\/usu1243\/2026\/02\/C5-1024x739.jpg 1024w, https:\/\/agora.xtec.cat\/iesventuragassol\/wp-content\/uploads\/usu1243\/2026\/02\/C5-768x554.jpg 768w\" sizes=\"auto, (max-width: 1137px) 100vw, 1137px\" \/><\/a> <a href=\"https:\/\/agora.xtec.cat\/iesventuragassol\/general\/1r-deso-visita-el-cram\/attachment\/c3-2\/\" rel=\"attachment wp-att-3816\"><img loading=\"lazy\" decoding=\"async\" class=\"aligncenter size-full wp-image-3816\" src=\"https:\/\/agora.xtec.cat\/iesventuragassol\/wp-content\/uploads\/usu1243\/2026\/02\/C3.jpg\" alt=\"\" width=\"1137\" height=\"733\" srcset=\"https:\/\/agora.xtec.cat\/iesventuragassol\/wp-content\/uploads\/usu1243\/2026\/02\/C3.jpg 1137w, https:\/\/agora.xtec.cat\/iesventuragassol\/wp-content\/uploads\/usu1243\/2026\/02\/C3-300x193.jpg 300w, https:\/\/agora.xtec.cat\/iesventuragassol\/wp-content\/uploads\/usu1243\/2026\/02\/C3-1024x660.jpg 1024w, https:\/\/agora.xtec.cat\/iesventuragassol\/wp-content\/uploads\/usu1243\/2026\/02\/C3-768x495.jpg 768w\" sizes=\"auto, (max-width: 1137px) 100vw, 1137px\" \/><\/a> <a href=\"https:\/\/agora.xtec.cat\/iesventuragassol\/general\/1r-deso-visita-el-cram\/attachment\/c2-2\/\" rel=\"attachment wp-att-3817\"><img loading=\"lazy\" decoding=\"async\" class=\"aligncenter size-full wp-image-3817\" src=\"https:\/\/agora.xtec.cat\/iesventuragassol\/wp-content\/uploads\/usu1243\/2026\/02\/C2.jpg\" alt=\"\" width=\"1138\" height=\"820\" srcset=\"https:\/\/agora.xtec.cat\/iesventuragassol\/wp-content\/uploads\/usu1243\/2026\/02\/C2.jpg 1138w, https:\/\/agora.xtec.cat\/iesventuragassol\/wp-content\/uploads\/usu1243\/2026\/02\/C2-300x216.jpg 300w, https:\/\/agora.xtec.cat\/iesventuragassol\/wp-content\/uploads\/usu1243\/2026\/02\/C2-1024x738.jpg 1024w, https:\/\/agora.xtec.cat\/iesventuragassol\/wp-content\/uploads\/usu1243\/2026\/02\/C2-768x553.jpg 768w\" sizes=\"auto, (max-width: 1138px) 100vw, 1138px\" \/><\/a> <a href=\"https:\/\/agora.xtec.cat\/iesventuragassol\/general\/1r-deso-visita-el-cram\/attachment\/c1-2\/\" rel=\"attachment wp-att-3818\"><img loading=\"lazy\" decoding=\"async\" class=\"aligncenter size-full wp-image-3818\" src=\"https:\/\/agora.xtec.cat\/iesventuragassol\/wp-content\/uploads\/usu1243\/2026\/02\/C1.jpg\" alt=\"\" width=\"1146\" height=\"828\" srcset=\"https:\/\/agora.xtec.cat\/iesventuragassol\/wp-content\/uploads\/usu1243\/2026\/02\/C1.jpg 1146w, https:\/\/agora.xtec.cat\/iesventuragassol\/wp-content\/uploads\/usu1243\/2026\/02\/C1-300x217.jpg 300w, https:\/\/agora.xtec.cat\/iesventuragassol\/wp-content\/uploads\/usu1243\/2026\/02\/C1-1024x740.jpg 1024w, https:\/\/agora.xtec.cat\/iesventuragassol\/wp-content\/uploads\/usu1243\/2026\/02\/C1-768x555.jpg 768w\" sizes=\"auto, (max-width: 1146px) 100vw, 1146px\" \/><\/a> <a href=\"https:\/\/agora.xtec.cat\/iesventuragassol\/general\/1r-deso-visita-el-cram\/attachment\/cram3-2\/\" rel=\"attachment wp-att-3812\"><img loading=\"lazy\" decoding=\"async\" class=\"aligncenter size-full wp-image-3812\" src=\"https:\/\/agora.xtec.cat\/iesventuragassol\/wp-content\/uploads\/usu1243\/2026\/02\/CRAM3.jpg\" alt=\"\" width=\"900\" height=\"681\" srcset=\"https:\/\/agora.xtec.cat\/iesventuragassol\/wp-content\/uploads\/usu1243\/2026\/02\/CRAM3.jpg 900w, https:\/\/agora.xtec.cat\/iesventuragassol\/wp-content\/uploads\/usu1243\/2026\/02\/CRAM3-300x227.jpg 300w, https:\/\/agora.xtec.cat\/iesventuragassol\/wp-content\/uploads\/usu1243\/2026\/02\/CRAM3-768x581.jpg 768w, https:\/\/agora.xtec.cat\/iesventuragassol\/wp-content\/uploads\/usu1243\/2026\/02\/CRAM3-200x150.jpg 200w\" sizes=\"auto, (max-width: 900px) 100vw, 900px\" \/><\/a> <a href=\"https:\/\/agora.xtec.cat\/iesventuragassol\/general\/1r-deso-visita-el-cram\/attachment\/cram2-2\/\" rel=\"attachment wp-att-3813\"><img loading=\"lazy\" decoding=\"async\" class=\"aligncenter size-full wp-image-3813\" src=\"https:\/\/agora.xtec.cat\/iesventuragassol\/wp-content\/uploads\/usu1243\/2026\/02\/CRAM2.jpg\" alt=\"\" width=\"469\" height=\"682\" srcset=\"https:\/\/agora.xtec.cat\/iesventuragassol\/wp-content\/uploads\/usu1243\/2026\/02\/CRAM2.jpg 469w, https:\/\/agora.xtec.cat\/iesventuragassol\/wp-content\/uploads\/usu1243\/2026\/02\/CRAM2-206x300.jpg 206w\" sizes=\"auto, (max-width: 469px) 100vw, 469px\" \/><\/a> <a href=\"https:\/\/agora.xtec.cat\/iesventuragassol\/general\/1r-deso-visita-el-cram\/attachment\/cram1-2\/\" rel=\"attachment wp-att-3814\"><img loading=\"lazy\" decoding=\"async\" class=\"aligncenter size-full wp-image-3814\" src=\"https:\/\/agora.xtec.cat\/iesventuragassol\/wp-content\/uploads\/usu1243\/2026\/02\/CRAM1.jpg\" alt=\"\" width=\"898\" height=\"673\" srcset=\"https:\/\/agora.xtec.cat\/iesventuragassol\/wp-content\/uploads\/usu1243\/2026\/02\/CRAM1.jpg 898w, https:\/\/agora.xtec.cat\/iesventuragassol\/wp-content\/uploads\/usu1243\/2026\/02\/CRAM1-300x225.jpg 300w, https:\/\/agora.xtec.cat\/iesventuragassol\/wp-content\/uploads\/usu1243\/2026\/02\/CRAM1-768x576.jpg 768w, https:\/\/agora.xtec.cat\/iesventuragassol\/wp-content\/uploads\/usu1243\/2026\/02\/CRAM1-200x150.jpg 200w\" sizes=\"auto, (max-width: 898px) 100vw, 898px\" \/><\/a><\/p>\n<p>&nbsp;<\/p>\n<p><!--a=1--><\/p>\n","protected":false},"excerpt":{"rendered":"<p>L\u2019alumnat de 1r d\u2019ESO ha visitat recentment el CRAM (Centre de Recuperaci\u00f3 d\u2019Animals Marins) en el marc del projecte Mares de pl\u00e1stico.<br \/>\nDurant la sortida, han fet una visita guiada per les instal\u00b7lacions, on han conegut de prop els animals marins que s\u2019estan recuperant i les&hellip;  <a href=\"https:\/\/agora.xtec.cat\/iesventuragassol\/general\/1r-deso-visita-el-cram\/\" title=\"Read 1r d\u2019ESO visita el CRAM\">Llegeix m\u00e9s\u00bb<\/a><\/p>\n","protected":false},"author":3,"featured_media":3813,"comment_status":"open","ping_status":"open","sticky":false,"template":"","format":"standard","meta":{"_bbp_topic_count":0,"_bbp_reply_count":0,"_bbp_total_topic_count":0,"_bbp_total_reply_count":0,"_bbp_voice_count":0,"_bbp_anonymous_reply_count":0,"_bbp_topic_count_hidden":0,"_bbp_reply_count_hidden":0,"_bbp_forum_subforum_count":0,"footnotes":""},"categories":[137,138,139,140,1,29],"tags":[],"class_list":["post-3810","post","type-post","status-publish","format-standard","has-post-thumbnail","hentry","category-1r-eso-a","category-1r-eso-b","category-1r-eso-c","category-1r-eso-d","category-general","category-portada"],"post_mailing_queue_ids":[],"_links":{"self":[{"href":"https:\/\/agora.xtec.cat\/iesventuragassol\/wp-json\/wp\/v2\/posts\/3810","targetHints":{"allow":["GET"]}}],"collection":[{"href":"https:\/\/agora.xtec.cat\/iesventuragassol\/wp-json\/wp\/v2\/posts"}],"about":[{"href":"https:\/\/agora.xtec.cat\/iesventuragassol\/wp-json\/wp\/v2\/types\/post"}],"author":[{"embeddable":true,"href":"https:\/\/agora.xtec.cat\/iesventuragassol\/wp-json\/wp\/v2\/users\/3"}],"replies":[{"embeddable":true,"href":"https:\/\/agora.xtec.cat\/iesventuragassol\/wp-json\/wp\/v2\/comments?post=3810"}],"version-history":[{"count":2,"href":"https:\/\/agora.xtec.cat\/iesventuragassol\/wp-json\/wp\/v2\/posts\/3810\/revisions"}],"predecessor-version":[{"id":3820,"href":"https:\/\/agora.xtec.cat\/iesventuragassol\/wp-json\/wp\/v2\/posts\/3810\/revisions\/3820"}],"wp:featuredmedia":[{"embeddable":true,"href":"https:\/\/agora.xtec.cat\/iesventuragassol\/wp-json\/wp\/v2\/media\/3813"}],"wp:attachment":[{"href":"https:\/\/agora.xtec.cat\/iesventuragassol\/wp-json\/wp\/v2\/media?parent=3810"}],"wp:term":[{"taxonomy":"category","embeddable":true,"href":"https:\/\/agora.xtec.cat\/iesventuragassol\/wp-json\/wp\/v2\/categories?post=3810"},{"taxonomy":"post_tag","embeddable":true,"href":"https:\/\/agora.xtec.cat\/iesventuragassol\/wp-json\/wp\/v2\/tags?post=3810"}],"curies":[{"name":"wp","href":"https:\/\/api.w.org\/{rel}","templated":true}]}}