{"id":3802,"date":"2026-01-23T13:57:25","date_gmt":"2026-01-23T12:57:25","guid":{"rendered":"https:\/\/agora.xtec.cat\/iesventuragassol\/?p=3802"},"modified":"2026-01-23T14:03:34","modified_gmt":"2026-01-23T13:03:34","slug":"portes-obertes-de-leso","status":"publish","type":"post","link":"https:\/\/agora.xtec.cat\/iesventuragassol\/general\/portes-obertes-de-leso\/","title":{"rendered":"Portes obertes de l&#8217;ESO"},"content":{"rendered":"<p>El pr\u00f2xim dia<strong> 24\u00a0de febrer a les 16:30 hores<\/strong>\u00a0es celebrar\u00e0 al nostre centre la\u00a0<strong>JORNADA DE PORTES OBERTES per a l\u2019ESO<\/strong>, a la qual hi s\u00f3n convidades totes les fam\u00edlies que ens vulguin con\u00e8ixer.<\/p>\n<p><a href=\"https:\/\/agora.xtec.cat\/iesventuragassol\/general\/portes-obertes-de-leso\/attachment\/pobertes-2026\/\" rel=\"attachment wp-att-3803\"><img loading=\"lazy\" decoding=\"async\" class=\"aligncenter size-full wp-image-3803\" src=\"https:\/\/agora.xtec.cat\/iesventuragassol\/wp-content\/uploads\/usu1243\/2026\/01\/PObertes-2026.jpg\" alt=\"\" width=\"511\" height=\"682\" srcset=\"https:\/\/agora.xtec.cat\/iesventuragassol\/wp-content\/uploads\/usu1243\/2026\/01\/PObertes-2026.jpg 511w, https:\/\/agora.xtec.cat\/iesventuragassol\/wp-content\/uploads\/usu1243\/2026\/01\/PObertes-2026-225x300.jpg 225w\" sizes=\"auto, (max-width: 511px) 100vw, 511px\" \/><\/a><\/p>\n<p><!--a=1--><\/p>\n<p><!--a=1--><\/p>\n<p><!--a=1--><\/p>\n","protected":false},"excerpt":{"rendered":"<p>El pr\u00f2xim dia 24\u00a0de febrer a les 16:30 hores\u00a0es celebrar\u00e0 al nostre centre la\u00a0JORNADA DE PORTES OBERTES per a l\u2019ESO, a la qual hi s\u00f3n convidades totes les fam\u00edlies que ens vulguin con\u00e8ixer.<br \/>\n<a href=\"https:\/\/agora.xtec.cat\/iesventuragassol\/general\/portes-obertes-de-leso\/attachment\/pobertes-2026\/\" rel=\"attachment wp-att-3803\"><\/a><\/p>\n","protected":false},"author":3,"featured_media":3808,"comment_status":"open","ping_status":"open","sticky":false,"template":"","format":"standard","meta":{"_bbp_topic_count":0,"_bbp_reply_count":0,"_bbp_total_topic_count":0,"_bbp_total_reply_count":0,"_bbp_voice_count":0,"_bbp_anonymous_reply_count":0,"_bbp_topic_count_hidden":0,"_bbp_reply_count_hidden":0,"_bbp_forum_subforum_count":0,"footnotes":""},"categories":[1,29],"tags":[],"class_list":["post-3802","post","type-post","status-publish","format-standard","has-post-thumbnail","hentry","category-general","category-portada"],"post_mailing_queue_ids":[],"_links":{"self":[{"href":"https:\/\/agora.xtec.cat\/iesventuragassol\/wp-json\/wp\/v2\/posts\/3802","targetHints":{"allow":["GET"]}}],"collection":[{"href":"https:\/\/agora.xtec.cat\/iesventuragassol\/wp-json\/wp\/v2\/posts"}],"about":[{"href":"https:\/\/agora.xtec.cat\/iesventuragassol\/wp-json\/wp\/v2\/types\/post"}],"author":[{"embeddable":true,"href":"https:\/\/agora.xtec.cat\/iesventuragassol\/wp-json\/wp\/v2\/users\/3"}],"replies":[{"embeddable":true,"href":"https:\/\/agora.xtec.cat\/iesventuragassol\/wp-json\/wp\/v2\/comments?post=3802"}],"version-history":[{"count":4,"href":"https:\/\/agora.xtec.cat\/iesventuragassol\/wp-json\/wp\/v2\/posts\/3802\/revisions"}],"predecessor-version":[{"id":3809,"href":"https:\/\/agora.xtec.cat\/iesventuragassol\/wp-json\/wp\/v2\/posts\/3802\/revisions\/3809"}],"wp:featuredmedia":[{"embeddable":true,"href":"https:\/\/agora.xtec.cat\/iesventuragassol\/wp-json\/wp\/v2\/media\/3808"}],"wp:attachment":[{"href":"https:\/\/agora.xtec.cat\/iesventuragassol\/wp-json\/wp\/v2\/media?parent=3802"}],"wp:term":[{"taxonomy":"category","embeddable":true,"href":"https:\/\/agora.xtec.cat\/iesventuragassol\/wp-json\/wp\/v2\/categories?post=3802"},{"taxonomy":"post_tag","embeddable":true,"href":"https:\/\/agora.xtec.cat\/iesventuragassol\/wp-json\/wp\/v2\/tags?post=3802"}],"curies":[{"name":"wp","href":"https:\/\/api.w.org\/{rel}","templated":true}]}}