{"id":3721,"date":"2025-11-27T22:22:26","date_gmt":"2025-11-27T21:22:26","guid":{"rendered":"https:\/\/agora.xtec.cat\/iesventuragassol\/?p=3721"},"modified":"2025-11-27T22:23:55","modified_gmt":"2025-11-27T21:23:55","slug":"1r-deso-al-parc-de-can-zam","status":"publish","type":"post","link":"https:\/\/agora.xtec.cat\/iesventuragassol\/general\/1r-deso-al-parc-de-can-zam\/","title":{"rendered":"1r d\u2019ESO al Parc de Can Zam"},"content":{"rendered":"<p>Dimarts 25 i dijous 27 de novembre els alumnes de 1r d\u2019ESO han realitzat una sortida al Parc de Can Zam (Santa Coloma de Gramenet). All\u00e0 han participat en un taller sobre la biodiversitat del parc, que els ha perm\u00e8s con\u00e8ixer millor les esp\u00e8cies i l\u2019equilibri natural de l\u2019entorn.<\/p>\n<p>Tamb\u00e9 han fet una activitat de recollida i classificaci\u00f3 de residus. Cada grup ha disposat de 20 minuts per recollir residus i ha recollit 2 kg, majorit\u00e0riament pl\u00e0stics i micropl\u00e0stics. Els alumnes han anotat la quantitat i el pes de cada tipus de residu per poder-los analitzar despr\u00e9s a l\u2019aula. A m\u00e9s, han pres mostres d\u2019aigua del riu Bes\u00f2s i del llac del parc per estudiar-les al laboratori i comparar-ne la qualitat.<\/p>\n<p>Aquesta sortida ha estat una bona oportunitat per reflexionar sobre l\u2019exc\u00e9s de residus que generem i sobre la necessitat de cuidar el nostre entorn.<\/p>\n\n\t\t<style type=\"text\/css\">\n\t\t\t#gallery-1 {\n\t\t\t\tmargin: auto;\n\t\t\t}\n\t\t\t#gallery-1 .gallery-item {\n\t\t\t\tfloat: left;\n\t\t\t\tmargin-top: 10px;\n\t\t\t\ttext-align: center;\n\t\t\t\twidth: 33%;\n\t\t\t}\n\t\t\t#gallery-1 img {\n\t\t\t\tborder: 2px solid #cfcfcf;\n\t\t\t}\n\t\t\t#gallery-1 .gallery-caption {\n\t\t\t\tmargin-left: 0;\n\t\t\t}\n\t\t\t\/* see gallery_shortcode() in wp-includes\/media.php *\/\n\t\t<\/style>\n\t\t<div id='gallery-1' class='gallery galleryid-3721 gallery-columns-3 gallery-size-medium'><dl class='gallery-item'>\n\t\t\t<dt class='gallery-icon landscape'>\n\t\t\t\t<a href='https:\/\/agora.xtec.cat\/iesventuragassol\/general\/1r-deso-al-parc-de-can-zam\/attachment\/amb11\/'><img loading=\"lazy\" decoding=\"async\" width=\"300\" height=\"237\" src=\"https:\/\/agora.xtec.cat\/iesventuragassol\/wp-content\/uploads\/usu1243\/2025\/11\/AMB11-300x237.jpg\" class=\"attachment-medium size-medium\" alt=\"\" srcset=\"https:\/\/agora.xtec.cat\/iesventuragassol\/wp-content\/uploads\/usu1243\/2025\/11\/AMB11-300x237.jpg 300w, https:\/\/agora.xtec.cat\/iesventuragassol\/wp-content\/uploads\/usu1243\/2025\/11\/AMB11-768x607.jpg 768w, https:\/\/agora.xtec.cat\/iesventuragassol\/wp-content\/uploads\/usu1243\/2025\/11\/AMB11.jpg 855w\" sizes=\"auto, (max-width: 300px) 100vw, 300px\" \/><\/a>\n\t\t\t<\/dt><\/dl><dl class='gallery-item'>\n\t\t\t<dt class='gallery-icon portrait'>\n\t\t\t\t<a href='https:\/\/agora.xtec.cat\/iesventuragassol\/general\/1r-deso-al-parc-de-can-zam\/attachment\/amb12\/'><img loading=\"lazy\" decoding=\"async\" width=\"178\" height=\"300\" src=\"https:\/\/agora.xtec.cat\/iesventuragassol\/wp-content\/uploads\/usu1243\/2025\/11\/AMB12-178x300.jpg\" class=\"attachment-medium size-medium\" alt=\"\" srcset=\"https:\/\/agora.xtec.cat\/iesventuragassol\/wp-content\/uploads\/usu1243\/2025\/11\/AMB12-178x300.jpg 178w, https:\/\/agora.xtec.cat\/iesventuragassol\/wp-content\/uploads\/usu1243\/2025\/11\/AMB12.jpg 388w\" sizes=\"auto, (max-width: 178px) 100vw, 178px\" \/><\/a>\n\t\t\t<\/dt><\/dl><dl class='gallery-item'>\n\t\t\t<dt class='gallery-icon portrait'>\n\t\t\t\t<a href='https:\/\/agora.xtec.cat\/iesventuragassol\/general\/1r-deso-al-parc-de-can-zam\/attachment\/amb4\/'><img loading=\"lazy\" decoding=\"async\" width=\"214\" height=\"300\" src=\"https:\/\/agora.xtec.cat\/iesventuragassol\/wp-content\/uploads\/usu1243\/2025\/11\/AMB4-214x300.jpg\" class=\"attachment-medium size-medium\" alt=\"\" srcset=\"https:\/\/agora.xtec.cat\/iesventuragassol\/wp-content\/uploads\/usu1243\/2025\/11\/AMB4-214x300.jpg 214w, https:\/\/agora.xtec.cat\/iesventuragassol\/wp-content\/uploads\/usu1243\/2025\/11\/AMB4.jpg 487w\" sizes=\"auto, (max-width: 214px) 100vw, 214px\" \/><\/a>\n\t\t\t<\/dt><\/dl><br style=\"clear: both\" \/><dl class='gallery-item'>\n\t\t\t<dt class='gallery-icon portrait'>\n\t\t\t\t<a href='https:\/\/agora.xtec.cat\/iesventuragassol\/general\/1r-deso-al-parc-de-can-zam\/attachment\/amb9\/'><img loading=\"lazy\" decoding=\"async\" width=\"222\" height=\"300\" src=\"https:\/\/agora.xtec.cat\/iesventuragassol\/wp-content\/uploads\/usu1243\/2025\/11\/AMB9-222x300.jpg\" class=\"attachment-medium size-medium\" alt=\"\" srcset=\"https:\/\/agora.xtec.cat\/iesventuragassol\/wp-content\/uploads\/usu1243\/2025\/11\/AMB9-222x300.jpg 222w, https:\/\/agora.xtec.cat\/iesventuragassol\/wp-content\/uploads\/usu1243\/2025\/11\/AMB9.jpg 505w\" sizes=\"auto, (max-width: 222px) 100vw, 222px\" \/><\/a>\n\t\t\t<\/dt><\/dl><dl class='gallery-item'>\n\t\t\t<dt class='gallery-icon portrait'>\n\t\t\t\t<a href='https:\/\/agora.xtec.cat\/iesventuragassol\/general\/1r-deso-al-parc-de-can-zam\/attachment\/amb10\/'><img loading=\"lazy\" decoding=\"async\" width=\"157\" height=\"300\" src=\"https:\/\/agora.xtec.cat\/iesventuragassol\/wp-content\/uploads\/usu1243\/2025\/11\/AMB10-157x300.jpg\" class=\"attachment-medium size-medium\" alt=\"\" srcset=\"https:\/\/agora.xtec.cat\/iesventuragassol\/wp-content\/uploads\/usu1243\/2025\/11\/AMB10-157x300.jpg 157w, https:\/\/agora.xtec.cat\/iesventuragassol\/wp-content\/uploads\/usu1243\/2025\/11\/AMB10.jpg 358w\" sizes=\"auto, (max-width: 157px) 100vw, 157px\" \/><\/a>\n\t\t\t<\/dt><\/dl><dl class='gallery-item'>\n\t\t\t<dt class='gallery-icon portrait'>\n\t\t\t\t<a href='https:\/\/agora.xtec.cat\/iesventuragassol\/general\/1r-deso-al-parc-de-can-zam\/attachment\/amb6\/'><img loading=\"lazy\" decoding=\"async\" width=\"224\" height=\"300\" src=\"https:\/\/agora.xtec.cat\/iesventuragassol\/wp-content\/uploads\/usu1243\/2025\/11\/AMB6-224x300.jpg\" class=\"attachment-medium size-medium\" alt=\"\" srcset=\"https:\/\/agora.xtec.cat\/iesventuragassol\/wp-content\/uploads\/usu1243\/2025\/11\/AMB6-224x300.jpg 224w, https:\/\/agora.xtec.cat\/iesventuragassol\/wp-content\/uploads\/usu1243\/2025\/11\/AMB6.jpg 508w\" sizes=\"auto, (max-width: 224px) 100vw, 224px\" \/><\/a>\n\t\t\t<\/dt><\/dl><br style=\"clear: both\" \/><dl class='gallery-item'>\n\t\t\t<dt class='gallery-icon portrait'>\n\t\t\t\t<a href='https:\/\/agora.xtec.cat\/iesventuragassol\/general\/1r-deso-al-parc-de-can-zam\/attachment\/amb7\/'><img loading=\"lazy\" decoding=\"async\" width=\"202\" height=\"300\" src=\"https:\/\/agora.xtec.cat\/iesventuragassol\/wp-content\/uploads\/usu1243\/2025\/11\/AMB7-202x300.jpg\" class=\"attachment-medium size-medium\" alt=\"\" srcset=\"https:\/\/agora.xtec.cat\/iesventuragassol\/wp-content\/uploads\/usu1243\/2025\/11\/AMB7-202x300.jpg 202w, https:\/\/agora.xtec.cat\/iesventuragassol\/wp-content\/uploads\/usu1243\/2025\/11\/AMB7.jpg 459w\" sizes=\"auto, (max-width: 202px) 100vw, 202px\" \/><\/a>\n\t\t\t<\/dt><\/dl><dl class='gallery-item'>\n\t\t\t<dt class='gallery-icon portrait'>\n\t\t\t\t<a href='https:\/\/agora.xtec.cat\/iesventuragassol\/general\/1r-deso-al-parc-de-can-zam\/attachment\/amb5\/'><img loading=\"lazy\" decoding=\"async\" width=\"170\" height=\"300\" src=\"https:\/\/agora.xtec.cat\/iesventuragassol\/wp-content\/uploads\/usu1243\/2025\/11\/AMB5-170x300.jpg\" class=\"attachment-medium size-medium\" alt=\"\" srcset=\"https:\/\/agora.xtec.cat\/iesventuragassol\/wp-content\/uploads\/usu1243\/2025\/11\/AMB5-170x300.jpg 170w, https:\/\/agora.xtec.cat\/iesventuragassol\/wp-content\/uploads\/usu1243\/2025\/11\/AMB5.jpg 382w\" sizes=\"auto, (max-width: 170px) 100vw, 170px\" \/><\/a>\n\t\t\t<\/dt><\/dl><dl class='gallery-item'>\n\t\t\t<dt class='gallery-icon portrait'>\n\t\t\t\t<a href='https:\/\/agora.xtec.cat\/iesventuragassol\/general\/1r-deso-al-parc-de-can-zam\/attachment\/amb8\/'><img loading=\"lazy\" decoding=\"async\" width=\"177\" height=\"300\" src=\"https:\/\/agora.xtec.cat\/iesventuragassol\/wp-content\/uploads\/usu1243\/2025\/11\/AMB8-177x300.jpg\" class=\"attachment-medium size-medium\" alt=\"\" srcset=\"https:\/\/agora.xtec.cat\/iesventuragassol\/wp-content\/uploads\/usu1243\/2025\/11\/AMB8-177x300.jpg 177w, https:\/\/agora.xtec.cat\/iesventuragassol\/wp-content\/uploads\/usu1243\/2025\/11\/AMB8.jpg 400w\" sizes=\"auto, (max-width: 177px) 100vw, 177px\" \/><\/a>\n\t\t\t<\/dt><\/dl><br style=\"clear: both\" \/><dl class='gallery-item'>\n\t\t\t<dt class='gallery-icon portrait'>\n\t\t\t\t<a href='https:\/\/agora.xtec.cat\/iesventuragassol\/general\/1r-deso-al-parc-de-can-zam\/attachment\/amb1\/'><img loading=\"lazy\" decoding=\"async\" width=\"167\" height=\"300\" src=\"https:\/\/agora.xtec.cat\/iesventuragassol\/wp-content\/uploads\/usu1243\/2025\/11\/AMB1-167x300.jpg\" class=\"attachment-medium size-medium\" alt=\"\" srcset=\"https:\/\/agora.xtec.cat\/iesventuragassol\/wp-content\/uploads\/usu1243\/2025\/11\/AMB1-167x300.jpg 167w, https:\/\/agora.xtec.cat\/iesventuragassol\/wp-content\/uploads\/usu1243\/2025\/11\/AMB1.jpg 379w\" sizes=\"auto, (max-width: 167px) 100vw, 167px\" \/><\/a>\n\t\t\t<\/dt><\/dl><dl class='gallery-item'>\n\t\t\t<dt class='gallery-icon portrait'>\n\t\t\t\t<a href='https:\/\/agora.xtec.cat\/iesventuragassol\/general\/1r-deso-al-parc-de-can-zam\/attachment\/amb2\/'><img loading=\"lazy\" decoding=\"async\" width=\"168\" height=\"300\" src=\"https:\/\/agora.xtec.cat\/iesventuragassol\/wp-content\/uploads\/usu1243\/2025\/11\/AMB2-168x300.jpg\" class=\"attachment-medium size-medium\" alt=\"\" srcset=\"https:\/\/agora.xtec.cat\/iesventuragassol\/wp-content\/uploads\/usu1243\/2025\/11\/AMB2-168x300.jpg 168w, https:\/\/agora.xtec.cat\/iesventuragassol\/wp-content\/uploads\/usu1243\/2025\/11\/AMB2.jpg 382w\" sizes=\"auto, (max-width: 168px) 100vw, 168px\" \/><\/a>\n\t\t\t<\/dt><\/dl><dl class='gallery-item'>\n\t\t\t<dt class='gallery-icon portrait'>\n\t\t\t\t<a href='https:\/\/agora.xtec.cat\/iesventuragassol\/general\/1r-deso-al-parc-de-can-zam\/attachment\/amb3\/'><img loading=\"lazy\" decoding=\"async\" width=\"168\" height=\"300\" src=\"https:\/\/agora.xtec.cat\/iesventuragassol\/wp-content\/uploads\/usu1243\/2025\/11\/AMB3-168x300.jpg\" class=\"attachment-medium size-medium\" alt=\"\" srcset=\"https:\/\/agora.xtec.cat\/iesventuragassol\/wp-content\/uploads\/usu1243\/2025\/11\/AMB3-168x300.jpg 168w, https:\/\/agora.xtec.cat\/iesventuragassol\/wp-content\/uploads\/usu1243\/2025\/11\/AMB3.jpg 382w\" sizes=\"auto, (max-width: 168px) 100vw, 168px\" \/><\/a>\n\t\t\t<\/dt><\/dl><br style=\"clear: both\" \/>\n\t\t<\/div>\n\n<p><!--a=1--><\/p>\n<p><!----comment node----><!--a=1--><\/p>\n<p><!----comment node----><!--a=1--><\/p>\n","protected":false},"excerpt":{"rendered":"<p>Dimarts 25 i dijous 27 de novembre els alumnes de 1r d\u2019ESO han realitzat una sortida al Parc de Can Zam (Santa Coloma de Gramenet). All\u00e0 han participat en un taller sobre la biodiversitat del parc, que els ha perm\u00e8s con\u00e8ixer millor les esp\u00e8cies i&hellip;  <a href=\"https:\/\/agora.xtec.cat\/iesventuragassol\/general\/1r-deso-al-parc-de-can-zam\/\" title=\"Read 1r d\u2019ESO al Parc de Can Zam\">Llegeix m\u00e9s\u00bb<\/a><\/p>\n","protected":false},"author":3,"featured_media":3731,"comment_status":"open","ping_status":"open","sticky":false,"template":"","format":"standard","meta":{"_bbp_topic_count":0,"_bbp_reply_count":0,"_bbp_total_topic_count":0,"_bbp_total_reply_count":0,"_bbp_voice_count":0,"_bbp_anonymous_reply_count":0,"_bbp_topic_count_hidden":0,"_bbp_reply_count_hidden":0,"_bbp_forum_subforum_count":0,"footnotes":""},"categories":[137,138,139,140,126,1,29],"tags":[],"class_list":["post-3721","post","type-post","status-publish","format-standard","has-post-thumbnail","hentry","category-1r-eso-a","category-1r-eso-b","category-1r-eso-c","category-1r-eso-d","category-bio","category-general","category-portada"],"post_mailing_queue_ids":[],"_links":{"self":[{"href":"https:\/\/agora.xtec.cat\/iesventuragassol\/wp-json\/wp\/v2\/posts\/3721","targetHints":{"allow":["GET"]}}],"collection":[{"href":"https:\/\/agora.xtec.cat\/iesventuragassol\/wp-json\/wp\/v2\/posts"}],"about":[{"href":"https:\/\/agora.xtec.cat\/iesventuragassol\/wp-json\/wp\/v2\/types\/post"}],"author":[{"embeddable":true,"href":"https:\/\/agora.xtec.cat\/iesventuragassol\/wp-json\/wp\/v2\/users\/3"}],"replies":[{"embeddable":true,"href":"https:\/\/agora.xtec.cat\/iesventuragassol\/wp-json\/wp\/v2\/comments?post=3721"}],"version-history":[{"count":3,"href":"https:\/\/agora.xtec.cat\/iesventuragassol\/wp-json\/wp\/v2\/posts\/3721\/revisions"}],"predecessor-version":[{"id":3736,"href":"https:\/\/agora.xtec.cat\/iesventuragassol\/wp-json\/wp\/v2\/posts\/3721\/revisions\/3736"}],"wp:featuredmedia":[{"embeddable":true,"href":"https:\/\/agora.xtec.cat\/iesventuragassol\/wp-json\/wp\/v2\/media\/3731"}],"wp:attachment":[{"href":"https:\/\/agora.xtec.cat\/iesventuragassol\/wp-json\/wp\/v2\/media?parent=3721"}],"wp:term":[{"taxonomy":"category","embeddable":true,"href":"https:\/\/agora.xtec.cat\/iesventuragassol\/wp-json\/wp\/v2\/categories?post=3721"},{"taxonomy":"post_tag","embeddable":true,"href":"https:\/\/agora.xtec.cat\/iesventuragassol\/wp-json\/wp\/v2\/tags?post=3721"}],"curies":[{"name":"wp","href":"https:\/\/api.w.org\/{rel}","templated":true}]}}