{"id":3685,"date":"2025-10-21T11:18:44","date_gmt":"2025-10-21T09:18:44","guid":{"rendered":"https:\/\/agora.xtec.cat\/iesventuragassol\/?p=3685"},"modified":"2025-10-21T11:18:48","modified_gmt":"2025-10-21T09:18:48","slug":"1r-batxillerat-a-la-serralada-de-marina","status":"publish","type":"post","link":"https:\/\/agora.xtec.cat\/iesventuragassol\/general\/1r-batxillerat-a-la-serralada-de-marina\/","title":{"rendered":"1r Batxillerat a la Serralada de Marina"},"content":{"rendered":"<p>Sortida d&#8217;ahir de tutoria amb l&#8217;alumnat de 1r Batxillerat a la Serralada de Marina seguint una ruta circular. Tot i una mica de pluja, el grup va mantenir l&#8217;\u00e0nim i les ganes de compartir l&#8217;experi\u00e8ncia. L&#8217;objectiu principal era refor\u00e7ar la cohesi\u00f3 grupal, i es va aconseguir amb converses, rialles, alguna queixa i col\u00b7laboraci\u00f3 al llarg del cam\u00ed. Jornada profitosa i enriquidora.<\/p>\n<p><a href=\"https:\/\/agora.xtec.cat\/iesventuragassol\/general\/1r-batxillerat-a-la-serralada-de-marina\/attachment\/batx\/\" rel=\"attachment wp-att-3686\"><img loading=\"lazy\" decoding=\"async\" class=\"aligncenter size-full wp-image-3686\" src=\"https:\/\/agora.xtec.cat\/iesventuragassol\/wp-content\/uploads\/usu1243\/2025\/10\/Batx.jpg\" alt=\"\" width=\"904\" height=\"661\" srcset=\"https:\/\/agora.xtec.cat\/iesventuragassol\/wp-content\/uploads\/usu1243\/2025\/10\/Batx.jpg 904w, https:\/\/agora.xtec.cat\/iesventuragassol\/wp-content\/uploads\/usu1243\/2025\/10\/Batx-300x219.jpg 300w, https:\/\/agora.xtec.cat\/iesventuragassol\/wp-content\/uploads\/usu1243\/2025\/10\/Batx-768x562.jpg 768w\" sizes=\"auto, (max-width: 904px) 100vw, 904px\" \/><\/a><\/p>\n<p><!--a=1--><\/p>\n<p><!--a=1--><\/p>\n","protected":false},"excerpt":{"rendered":"<p>Sortida d&#8217;ahir de tutoria amb l&#8217;alumnat de 1r Batxillerat a la Serralada de Marina seguint una ruta circular. Tot i una mica de pluja, el grup va mantenir l&#8217;\u00e0nim i les ganes de compartir l&#8217;experi\u00e8ncia. L&#8217;objectiu principal era refor\u00e7ar la cohesi\u00f3 grupal, i es va&hellip;  <a href=\"https:\/\/agora.xtec.cat\/iesventuragassol\/general\/1r-batxillerat-a-la-serralada-de-marina\/\" title=\"Read 1r Batxillerat a la Serralada de Marina\">Llegeix m\u00e9s\u00bb<\/a><\/p>\n","protected":false},"author":3,"featured_media":3686,"comment_status":"open","ping_status":"open","sticky":false,"template":"","format":"standard","meta":{"_bbp_topic_count":0,"_bbp_reply_count":0,"_bbp_total_topic_count":0,"_bbp_total_reply_count":0,"_bbp_voice_count":0,"_bbp_anonymous_reply_count":0,"_bbp_topic_count_hidden":0,"_bbp_reply_count_hidden":0,"_bbp_forum_subforum_count":0,"footnotes":""},"categories":[1],"tags":[],"class_list":["post-3685","post","type-post","status-publish","format-standard","has-post-thumbnail","hentry","category-general"],"post_mailing_queue_ids":[],"_links":{"self":[{"href":"https:\/\/agora.xtec.cat\/iesventuragassol\/wp-json\/wp\/v2\/posts\/3685","targetHints":{"allow":["GET"]}}],"collection":[{"href":"https:\/\/agora.xtec.cat\/iesventuragassol\/wp-json\/wp\/v2\/posts"}],"about":[{"href":"https:\/\/agora.xtec.cat\/iesventuragassol\/wp-json\/wp\/v2\/types\/post"}],"author":[{"embeddable":true,"href":"https:\/\/agora.xtec.cat\/iesventuragassol\/wp-json\/wp\/v2\/users\/3"}],"replies":[{"embeddable":true,"href":"https:\/\/agora.xtec.cat\/iesventuragassol\/wp-json\/wp\/v2\/comments?post=3685"}],"version-history":[{"count":3,"href":"https:\/\/agora.xtec.cat\/iesventuragassol\/wp-json\/wp\/v2\/posts\/3685\/revisions"}],"predecessor-version":[{"id":3689,"href":"https:\/\/agora.xtec.cat\/iesventuragassol\/wp-json\/wp\/v2\/posts\/3685\/revisions\/3689"}],"wp:featuredmedia":[{"embeddable":true,"href":"https:\/\/agora.xtec.cat\/iesventuragassol\/wp-json\/wp\/v2\/media\/3686"}],"wp:attachment":[{"href":"https:\/\/agora.xtec.cat\/iesventuragassol\/wp-json\/wp\/v2\/media?parent=3685"}],"wp:term":[{"taxonomy":"category","embeddable":true,"href":"https:\/\/agora.xtec.cat\/iesventuragassol\/wp-json\/wp\/v2\/categories?post=3685"},{"taxonomy":"post_tag","embeddable":true,"href":"https:\/\/agora.xtec.cat\/iesventuragassol\/wp-json\/wp\/v2\/tags?post=3685"}],"curies":[{"name":"wp","href":"https:\/\/api.w.org\/{rel}","templated":true}]}}