{"id":3286,"date":"2025-02-21T13:14:33","date_gmt":"2025-02-21T12:14:33","guid":{"rendered":"https:\/\/agora.xtec.cat\/iesventuragassol\/?p=3286"},"modified":"2025-02-21T13:14:33","modified_gmt":"2025-02-21T12:14:33","slug":"sortida-al-teatre-la-comedia-de-lolla","status":"publish","type":"post","link":"https:\/\/agora.xtec.cat\/iesventuragassol\/general\/sortida-al-teatre-la-comedia-de-lolla\/","title":{"rendered":"Sortida al teatre: La com\u00e8dia de l&#8217;olla"},"content":{"rendered":"<p>Els alumnes de 1r i 2n d&#8217;ESO van assistir al Teatre Regina per veure La Com\u00e8dia de l&#8217;Olla. L&#8217;obra, que tracta temes com l&#8217;avar\u00edcia i la llibertat de la dona, narra les perip\u00e8cies d&#8217;Eucli\u00f3, un home que troba una olla d&#8217;or i viu amb por de perdre-la.<\/p>\n<p>Els alumnes van gaudir d\u2019una adaptaci\u00f3 accessible d\u2019aquest cl\u00e0ssic de la literatura teatral.<\/p>\n\n\t\t<style type=\"text\/css\">\n\t\t\t#gallery-1 {\n\t\t\t\tmargin: auto;\n\t\t\t}\n\t\t\t#gallery-1 .gallery-item {\n\t\t\t\tfloat: left;\n\t\t\t\tmargin-top: 10px;\n\t\t\t\ttext-align: center;\n\t\t\t\twidth: 33%;\n\t\t\t}\n\t\t\t#gallery-1 img {\n\t\t\t\tborder: 2px solid #cfcfcf;\n\t\t\t}\n\t\t\t#gallery-1 .gallery-caption {\n\t\t\t\tmargin-left: 0;\n\t\t\t}\n\t\t\t\/* see gallery_shortcode() in wp-includes\/media.php *\/\n\t\t<\/style>\n\t\t<div id='gallery-1' class='gallery galleryid-3286 gallery-columns-3 gallery-size-medium'><dl class='gallery-item'>\n\t\t\t<dt class='gallery-icon landscape'>\n\t\t\t\t<a href='https:\/\/agora.xtec.cat\/iesventuragassol\/general\/sortida-al-teatre-la-comedia-de-lolla\/attachment\/cat4\/'><img loading=\"lazy\" decoding=\"async\" width=\"300\" height=\"207\" src=\"https:\/\/agora.xtec.cat\/iesventuragassol\/wp-content\/uploads\/usu1243\/2025\/02\/cat4-300x207.png\" class=\"attachment-medium size-medium\" alt=\"\" srcset=\"https:\/\/agora.xtec.cat\/iesventuragassol\/wp-content\/uploads\/usu1243\/2025\/02\/cat4-300x207.png 300w, https:\/\/agora.xtec.cat\/iesventuragassol\/wp-content\/uploads\/usu1243\/2025\/02\/cat4-1024x707.png 1024w, https:\/\/agora.xtec.cat\/iesventuragassol\/wp-content\/uploads\/usu1243\/2025\/02\/cat4-768x530.png 768w, https:\/\/agora.xtec.cat\/iesventuragassol\/wp-content\/uploads\/usu1243\/2025\/02\/cat4.png 1153w\" sizes=\"auto, (max-width: 300px) 100vw, 300px\" \/><\/a>\n\t\t\t<\/dt><\/dl><dl class='gallery-item'>\n\t\t\t<dt class='gallery-icon landscape'>\n\t\t\t\t<a href='https:\/\/agora.xtec.cat\/iesventuragassol\/general\/sortida-al-teatre-la-comedia-de-lolla\/attachment\/cat5\/'><img loading=\"lazy\" decoding=\"async\" width=\"300\" height=\"300\" src=\"https:\/\/agora.xtec.cat\/iesventuragassol\/wp-content\/uploads\/usu1243\/2025\/02\/cat5-300x300.png\" class=\"attachment-medium size-medium\" alt=\"\" srcset=\"https:\/\/agora.xtec.cat\/iesventuragassol\/wp-content\/uploads\/usu1243\/2025\/02\/cat5-300x300.png 300w, https:\/\/agora.xtec.cat\/iesventuragassol\/wp-content\/uploads\/usu1243\/2025\/02\/cat5-150x150.png 150w, https:\/\/agora.xtec.cat\/iesventuragassol\/wp-content\/uploads\/usu1243\/2025\/02\/cat5-768x768.png 768w, https:\/\/agora.xtec.cat\/iesventuragassol\/wp-content\/uploads\/usu1243\/2025\/02\/cat5.png 868w\" sizes=\"auto, (max-width: 300px) 100vw, 300px\" \/><\/a>\n\t\t\t<\/dt><\/dl><dl class='gallery-item'>\n\t\t\t<dt class='gallery-icon landscape'>\n\t\t\t\t<a href='https:\/\/agora.xtec.cat\/iesventuragassol\/general\/sortida-al-teatre-la-comedia-de-lolla\/attachment\/cat3\/'><img loading=\"lazy\" decoding=\"async\" width=\"300\" height=\"214\" src=\"https:\/\/agora.xtec.cat\/iesventuragassol\/wp-content\/uploads\/usu1243\/2025\/02\/cat3-300x214.png\" class=\"attachment-medium size-medium\" alt=\"\" srcset=\"https:\/\/agora.xtec.cat\/iesventuragassol\/wp-content\/uploads\/usu1243\/2025\/02\/cat3-300x214.png 300w, https:\/\/agora.xtec.cat\/iesventuragassol\/wp-content\/uploads\/usu1243\/2025\/02\/cat3-768x548.png 768w, https:\/\/agora.xtec.cat\/iesventuragassol\/wp-content\/uploads\/usu1243\/2025\/02\/cat3.png 904w\" sizes=\"auto, (max-width: 300px) 100vw, 300px\" \/><\/a>\n\t\t\t<\/dt><\/dl><br style=\"clear: both\" \/>\n\t\t<\/div>\n\n","protected":false},"excerpt":{"rendered":"<p>Els alumnes de 1r i 2n d&#8217;ESO van assistir al Teatre Regina per veure La Com\u00e8dia de l&#8217;Olla. L&#8217;obra, que tracta temes com l&#8217;avar\u00edcia i la llibertat de la dona, narra les perip\u00e8cies d&#8217;Eucli\u00f3, un home que troba una olla d&#8217;or i viu amb por&hellip;  <a href=\"https:\/\/agora.xtec.cat\/iesventuragassol\/general\/sortida-al-teatre-la-comedia-de-lolla\/\" title=\"Read Sortida al teatre: La com\u00e8dia de l&#8217;olla\">Llegeix m\u00e9s\u00bb<\/a><\/p>\n","protected":false},"author":3,"featured_media":3289,"comment_status":"open","ping_status":"closed","sticky":false,"template":"","format":"standard","meta":{"_bbp_topic_count":0,"_bbp_reply_count":0,"_bbp_total_topic_count":0,"_bbp_total_reply_count":0,"_bbp_voice_count":0,"_bbp_anonymous_reply_count":0,"_bbp_topic_count_hidden":0,"_bbp_reply_count_hidden":0,"_bbp_forum_subforum_count":0,"footnotes":""},"categories":[137,138,139,140,141,142,143,144,1,116,29],"tags":[],"class_list":["post-3286","post","type-post","status-publish","format-standard","has-post-thumbnail","hentry","category-1r-eso-a","category-1r-eso-b","category-1r-eso-c","category-1r-eso-d","category-2n-eso-a","category-2n-eso-b","category-2n-eso-c","category-2n-eso-d","category-general","category-cat","category-portada"],"post_mailing_queue_ids":[],"_links":{"self":[{"href":"https:\/\/agora.xtec.cat\/iesventuragassol\/wp-json\/wp\/v2\/posts\/3286","targetHints":{"allow":["GET"]}}],"collection":[{"href":"https:\/\/agora.xtec.cat\/iesventuragassol\/wp-json\/wp\/v2\/posts"}],"about":[{"href":"https:\/\/agora.xtec.cat\/iesventuragassol\/wp-json\/wp\/v2\/types\/post"}],"author":[{"embeddable":true,"href":"https:\/\/agora.xtec.cat\/iesventuragassol\/wp-json\/wp\/v2\/users\/3"}],"replies":[{"embeddable":true,"href":"https:\/\/agora.xtec.cat\/iesventuragassol\/wp-json\/wp\/v2\/comments?post=3286"}],"version-history":[{"count":2,"href":"https:\/\/agora.xtec.cat\/iesventuragassol\/wp-json\/wp\/v2\/posts\/3286\/revisions"}],"predecessor-version":[{"id":3291,"href":"https:\/\/agora.xtec.cat\/iesventuragassol\/wp-json\/wp\/v2\/posts\/3286\/revisions\/3291"}],"wp:featuredmedia":[{"embeddable":true,"href":"https:\/\/agora.xtec.cat\/iesventuragassol\/wp-json\/wp\/v2\/media\/3289"}],"wp:attachment":[{"href":"https:\/\/agora.xtec.cat\/iesventuragassol\/wp-json\/wp\/v2\/media?parent=3286"}],"wp:term":[{"taxonomy":"category","embeddable":true,"href":"https:\/\/agora.xtec.cat\/iesventuragassol\/wp-json\/wp\/v2\/categories?post=3286"},{"taxonomy":"post_tag","embeddable":true,"href":"https:\/\/agora.xtec.cat\/iesventuragassol\/wp-json\/wp\/v2\/tags?post=3286"}],"curies":[{"name":"wp","href":"https:\/\/api.w.org\/{rel}","templated":true}]}}