{"id":3226,"date":"2025-01-17T18:39:47","date_gmt":"2025-01-17T17:39:47","guid":{"rendered":"https:\/\/agora.xtec.cat\/iesventuragassol\/?p=3226"},"modified":"2025-01-17T18:40:55","modified_gmt":"2025-01-17T17:40:55","slug":"alumnes-de-1r-deso-visiten-el-caixaforum","status":"publish","type":"post","link":"https:\/\/agora.xtec.cat\/iesventuragassol\/general\/alumnes-de-1r-deso-visiten-el-caixaforum\/","title":{"rendered":"Alumnes de 1r d&#8217;ESO Visiten el CaixaForum"},"content":{"rendered":"<p>El passat 10 de gener, els alumnes de 1r d&#8217;ESO van tenir l&#8217;oportunitat de viure una jornada molt especial al CaixaForum, on van descobrir de manera interactiva diversos aspectes de la m\u00fasica i la literatura.<\/p>\n<p>Durant el mat\u00ed, els estudiants van gaudir d&#8217;una experi\u00e8ncia \u00fanica per con\u00e8ixer els instruments de l&#8217;orquestra a trav\u00e9s del Bolero de Maurice Ravel. Mitjan\u00e7ant una experi\u00e8ncia immersiva amb tecnologia de realitat virtual, els alumnes van poder explorar el so de cada instrument i entendre millor el funcionament d&#8217;una orquestra, vivint de manera molt propera l&#8217;experi\u00e8ncia d&#8217;una interpretaci\u00f3 d&#8217;aquesta obra cl\u00e0ssica.<\/p>\n<p>A m\u00e9s, van fer una visita guiada a l&#8217;exposici\u00f3 Els mons d&#8217;Al\u00edcia, una mostra que ofereix una visi\u00f3 \u00e0mplia de l&#8217;impacte cultural dels llibres protagonitzats per l&#8217;Al\u00edcia, especialment Al\u00edcia al pa\u00eds de les meravelles, de Lewis Carroll. Publicada per primera vegada el 1865, aquesta obra ha esdevingut un fenomen cultural i ha influ\u00eft en diverses disciplines com la moda, el teatre, el cinema, la fotografia i fins i tot la ci\u00e8ncia.<\/p>\n\n\t\t<style type=\"text\/css\">\n\t\t\t#gallery-1 {\n\t\t\t\tmargin: auto;\n\t\t\t}\n\t\t\t#gallery-1 .gallery-item {\n\t\t\t\tfloat: left;\n\t\t\t\tmargin-top: 10px;\n\t\t\t\ttext-align: center;\n\t\t\t\twidth: 33%;\n\t\t\t}\n\t\t\t#gallery-1 img {\n\t\t\t\tborder: 2px solid #cfcfcf;\n\t\t\t}\n\t\t\t#gallery-1 .gallery-caption {\n\t\t\t\tmargin-left: 0;\n\t\t\t}\n\t\t\t\/* see gallery_shortcode() in wp-includes\/media.php *\/\n\t\t<\/style>\n\t\t<div id='gallery-1' class='gallery galleryid-3226 gallery-columns-3 gallery-size-medium'><dl class='gallery-item'>\n\t\t\t<dt class='gallery-icon portrait'>\n\t\t\t\t<a href='https:\/\/agora.xtec.cat\/iesventuragassol\/general\/alumnes-de-1r-deso-visiten-el-caixaforum\/attachment\/ali6\/'><img loading=\"lazy\" decoding=\"async\" width=\"295\" height=\"300\" src=\"https:\/\/agora.xtec.cat\/iesventuragassol\/wp-content\/uploads\/usu1243\/2025\/01\/ALI6-295x300.png\" class=\"attachment-medium size-medium\" alt=\"\" srcset=\"https:\/\/agora.xtec.cat\/iesventuragassol\/wp-content\/uploads\/usu1243\/2025\/01\/ALI6-295x300.png 295w, https:\/\/agora.xtec.cat\/iesventuragassol\/wp-content\/uploads\/usu1243\/2025\/01\/ALI6.png 655w\" sizes=\"auto, (max-width: 295px) 100vw, 295px\" \/><\/a>\n\t\t\t<\/dt><\/dl><dl class='gallery-item'>\n\t\t\t<dt class='gallery-icon portrait'>\n\t\t\t\t<a href='https:\/\/agora.xtec.cat\/iesventuragassol\/general\/alumnes-de-1r-deso-visiten-el-caixaforum\/attachment\/ali5\/'><img loading=\"lazy\" decoding=\"async\" width=\"247\" height=\"300\" src=\"https:\/\/agora.xtec.cat\/iesventuragassol\/wp-content\/uploads\/usu1243\/2025\/01\/ALI5-247x300.png\" class=\"attachment-medium size-medium\" alt=\"\" srcset=\"https:\/\/agora.xtec.cat\/iesventuragassol\/wp-content\/uploads\/usu1243\/2025\/01\/ALI5-247x300.png 247w, https:\/\/agora.xtec.cat\/iesventuragassol\/wp-content\/uploads\/usu1243\/2025\/01\/ALI5.png 685w\" sizes=\"auto, (max-width: 247px) 100vw, 247px\" \/><\/a>\n\t\t\t<\/dt><\/dl><dl class='gallery-item'>\n\t\t\t<dt class='gallery-icon landscape'>\n\t\t\t\t<a href='https:\/\/agora.xtec.cat\/iesventuragassol\/general\/alumnes-de-1r-deso-visiten-el-caixaforum\/attachment\/ali4\/'><img loading=\"lazy\" decoding=\"async\" width=\"300\" height=\"224\" src=\"https:\/\/agora.xtec.cat\/iesventuragassol\/wp-content\/uploads\/usu1243\/2025\/01\/ALI4-300x224.png\" class=\"attachment-medium size-medium\" alt=\"\" srcset=\"https:\/\/agora.xtec.cat\/iesventuragassol\/wp-content\/uploads\/usu1243\/2025\/01\/ALI4-300x224.png 300w, https:\/\/agora.xtec.cat\/iesventuragassol\/wp-content\/uploads\/usu1243\/2025\/01\/ALI4-1024x763.png 1024w, https:\/\/agora.xtec.cat\/iesventuragassol\/wp-content\/uploads\/usu1243\/2025\/01\/ALI4-768x572.png 768w, https:\/\/agora.xtec.cat\/iesventuragassol\/wp-content\/uploads\/usu1243\/2025\/01\/ALI4-200x150.png 200w, https:\/\/agora.xtec.cat\/iesventuragassol\/wp-content\/uploads\/usu1243\/2025\/01\/ALI4.png 1147w\" sizes=\"auto, (max-width: 300px) 100vw, 300px\" \/><\/a>\n\t\t\t<\/dt><\/dl><br style=\"clear: both\" \/><dl class='gallery-item'>\n\t\t\t<dt class='gallery-icon portrait'>\n\t\t\t\t<a href='https:\/\/agora.xtec.cat\/iesventuragassol\/general\/alumnes-de-1r-deso-visiten-el-caixaforum\/attachment\/ali3-2\/'><img loading=\"lazy\" decoding=\"async\" width=\"210\" height=\"300\" src=\"https:\/\/agora.xtec.cat\/iesventuragassol\/wp-content\/uploads\/usu1243\/2025\/01\/ALI3-1-210x300.png\" class=\"attachment-medium size-medium\" alt=\"\" srcset=\"https:\/\/agora.xtec.cat\/iesventuragassol\/wp-content\/uploads\/usu1243\/2025\/01\/ALI3-1-210x300.png 210w, https:\/\/agora.xtec.cat\/iesventuragassol\/wp-content\/uploads\/usu1243\/2025\/01\/ALI3-1.png 583w\" sizes=\"auto, (max-width: 210px) 100vw, 210px\" \/><\/a>\n\t\t\t<\/dt><\/dl><dl class='gallery-item'>\n\t\t\t<dt class='gallery-icon landscape'>\n\t\t\t\t<a href='https:\/\/agora.xtec.cat\/iesventuragassol\/general\/alumnes-de-1r-deso-visiten-el-caixaforum\/attachment\/ali2\/'><img loading=\"lazy\" decoding=\"async\" width=\"300\" height=\"236\" src=\"https:\/\/agora.xtec.cat\/iesventuragassol\/wp-content\/uploads\/usu1243\/2025\/01\/ALI2-300x236.png\" class=\"attachment-medium size-medium\" alt=\"\" srcset=\"https:\/\/agora.xtec.cat\/iesventuragassol\/wp-content\/uploads\/usu1243\/2025\/01\/ALI2-300x236.png 300w, https:\/\/agora.xtec.cat\/iesventuragassol\/wp-content\/uploads\/usu1243\/2025\/01\/ALI2-1024x807.png 1024w, https:\/\/agora.xtec.cat\/iesventuragassol\/wp-content\/uploads\/usu1243\/2025\/01\/ALI2-768x605.png 768w, https:\/\/agora.xtec.cat\/iesventuragassol\/wp-content\/uploads\/usu1243\/2025\/01\/ALI2.png 1048w\" sizes=\"auto, (max-width: 300px) 100vw, 300px\" \/><\/a>\n\t\t\t<\/dt><\/dl><dl class='gallery-item'>\n\t\t\t<dt class='gallery-icon landscape'>\n\t\t\t\t<a href='https:\/\/agora.xtec.cat\/iesventuragassol\/general\/alumnes-de-1r-deso-visiten-el-caixaforum\/attachment\/ali1\/'><img loading=\"lazy\" decoding=\"async\" width=\"300\" height=\"203\" src=\"https:\/\/agora.xtec.cat\/iesventuragassol\/wp-content\/uploads\/usu1243\/2025\/01\/ALI1-300x203.png\" class=\"attachment-medium size-medium\" alt=\"\" srcset=\"https:\/\/agora.xtec.cat\/iesventuragassol\/wp-content\/uploads\/usu1243\/2025\/01\/ALI1-300x203.png 300w, https:\/\/agora.xtec.cat\/iesventuragassol\/wp-content\/uploads\/usu1243\/2025\/01\/ALI1-1024x694.png 1024w, https:\/\/agora.xtec.cat\/iesventuragassol\/wp-content\/uploads\/usu1243\/2025\/01\/ALI1-768x521.png 768w, https:\/\/agora.xtec.cat\/iesventuragassol\/wp-content\/uploads\/usu1243\/2025\/01\/ALI1.png 1156w\" sizes=\"auto, (max-width: 300px) 100vw, 300px\" \/><\/a>\n\t\t\t<\/dt><\/dl><br style=\"clear: both\" \/>\n\t\t<\/div>\n\n","protected":false},"excerpt":{"rendered":"<p>El passat 10 de gener, els alumnes de 1r d&#8217;ESO van tenir l&#8217;oportunitat de viure una jornada molt especial al CaixaForum, on van descobrir de manera interactiva diversos aspectes de la m\u00fasica i la literatura.<br \/>\nDurant el mat\u00ed, els estudiants van gaudir d&#8217;una experi\u00e8ncia \u00fanica per&hellip;  <a href=\"https:\/\/agora.xtec.cat\/iesventuragassol\/general\/alumnes-de-1r-deso-visiten-el-caixaforum\/\" title=\"Read Alumnes de 1r d&#8217;ESO Visiten el CaixaForum\">Llegeix m\u00e9s\u00bb<\/a><\/p>\n","protected":false},"author":3,"featured_media":3232,"comment_status":"open","ping_status":"closed","sticky":false,"template":"","format":"standard","meta":{"_bbp_topic_count":0,"_bbp_reply_count":0,"_bbp_total_topic_count":0,"_bbp_total_reply_count":0,"_bbp_voice_count":0,"_bbp_anonymous_reply_count":0,"_bbp_topic_count_hidden":0,"_bbp_reply_count_hidden":0,"_bbp_forum_subforum_count":0,"footnotes":""},"categories":[137,138,139,140,1,131,29],"tags":[],"class_list":["post-3226","post","type-post","status-publish","format-standard","has-post-thumbnail","hentry","category-1r-eso-a","category-1r-eso-b","category-1r-eso-c","category-1r-eso-d","category-general","category-mus","category-portada"],"post_mailing_queue_ids":[],"_links":{"self":[{"href":"https:\/\/agora.xtec.cat\/iesventuragassol\/wp-json\/wp\/v2\/posts\/3226","targetHints":{"allow":["GET"]}}],"collection":[{"href":"https:\/\/agora.xtec.cat\/iesventuragassol\/wp-json\/wp\/v2\/posts"}],"about":[{"href":"https:\/\/agora.xtec.cat\/iesventuragassol\/wp-json\/wp\/v2\/types\/post"}],"author":[{"embeddable":true,"href":"https:\/\/agora.xtec.cat\/iesventuragassol\/wp-json\/wp\/v2\/users\/3"}],"replies":[{"embeddable":true,"href":"https:\/\/agora.xtec.cat\/iesventuragassol\/wp-json\/wp\/v2\/comments?post=3226"}],"version-history":[{"count":2,"href":"https:\/\/agora.xtec.cat\/iesventuragassol\/wp-json\/wp\/v2\/posts\/3226\/revisions"}],"predecessor-version":[{"id":3236,"href":"https:\/\/agora.xtec.cat\/iesventuragassol\/wp-json\/wp\/v2\/posts\/3226\/revisions\/3236"}],"wp:featuredmedia":[{"embeddable":true,"href":"https:\/\/agora.xtec.cat\/iesventuragassol\/wp-json\/wp\/v2\/media\/3232"}],"wp:attachment":[{"href":"https:\/\/agora.xtec.cat\/iesventuragassol\/wp-json\/wp\/v2\/media?parent=3226"}],"wp:term":[{"taxonomy":"category","embeddable":true,"href":"https:\/\/agora.xtec.cat\/iesventuragassol\/wp-json\/wp\/v2\/categories?post=3226"},{"taxonomy":"post_tag","embeddable":true,"href":"https:\/\/agora.xtec.cat\/iesventuragassol\/wp-json\/wp\/v2\/tags?post=3226"}],"curies":[{"name":"wp","href":"https:\/\/api.w.org\/{rel}","templated":true}]}}