{"id":3211,"date":"2024-12-20T14:53:22","date_gmt":"2024-12-20T13:53:22","guid":{"rendered":"https:\/\/agora.xtec.cat\/iesventuragassol\/?p=3211"},"modified":"2024-12-20T14:53:22","modified_gmt":"2024-12-20T13:53:22","slug":"torneig-de-nadal-de-pitxirug","status":"publish","type":"post","link":"https:\/\/agora.xtec.cat\/iesventuragassol\/general\/torneig-de-nadal-de-pitxirug\/","title":{"rendered":"Torneig de Nadal de Pitxirug"},"content":{"rendered":"<p>Una tradici\u00f3 a l&#8217;Institut Ventura Gassol.<\/p>\n<p>Aquest any, com en els darrers cursos, els membres del departament d&#8217;educaci\u00f3 f\u00edsica han organitzat el <em>Torneig de Nadal de Pitxirug<\/em>, un esdeveniment esportiu que reuneix a l&#8217;alumnat des de 1r d&#8217;ESO fins a 1r de batxillerat. Aquesta competici\u00f3 \u00e9s una oportunitat per als estudiants de gaudir d\u2019un joc ideat a l&#8217;Institut que permet reduir al m\u00e0xim les difer\u00e8ncies f\u00edsiques, t\u00e8cniques i de g\u00e8nere, cosa que el fa accessible a tots els participants.<\/p>\n<p>El joc de <em>Pitxirug<\/em> destaca per la seva capacitat de fomentar la inclusi\u00f3 i la igualtat. Els equips s\u00f3n mixtos i heterog\u00e8nics, i, a m\u00e9s, no hi ha contacte f\u00edsic entre els membres dels equips en competici\u00f3, promovent un ambient de respecte i col\u00b7laboraci\u00f3. A m\u00e9s de la competici\u00f3, tots els grups han de prendre part en la tasca d&#8217;arbitrar els seus companys quan no estan jugant. Aquesta responsabilitat no nom\u00e9s ajuda a garantir el bon funcionament de la competici\u00f3, sin\u00f3 que tamb\u00e9 permet als alumnes exercir una tasca de decisi\u00f3 i d\u2019objectivitat, aplicant les normes establertes i arribant a acords davant possibles interpretacions diverses.<\/p>\n<p>Amb aquest torneig, el departament d\u2019educaci\u00f3 f\u00edsica continua apostant per valors com la responsabilitat, el respecte i la cohesi\u00f3 entre els membres de la comunitat educativa. Una activitat que no nom\u00e9s \u00e9s esportiva, sin\u00f3 tamb\u00e9 educativa i formativa per a tots els participants.<\/p>\n\n\t\t<style type=\"text\/css\">\n\t\t\t#gallery-1 {\n\t\t\t\tmargin: auto;\n\t\t\t}\n\t\t\t#gallery-1 .gallery-item {\n\t\t\t\tfloat: left;\n\t\t\t\tmargin-top: 10px;\n\t\t\t\ttext-align: center;\n\t\t\t\twidth: 25%;\n\t\t\t}\n\t\t\t#gallery-1 img {\n\t\t\t\tborder: 2px solid #cfcfcf;\n\t\t\t}\n\t\t\t#gallery-1 .gallery-caption {\n\t\t\t\tmargin-left: 0;\n\t\t\t}\n\t\t\t\/* see gallery_shortcode() in wp-includes\/media.php *\/\n\t\t<\/style>\n\t\t<div id='gallery-1' class='gallery galleryid-3211 gallery-columns-4 gallery-size-thumbnail'><dl class='gallery-item'>\n\t\t\t<dt class='gallery-icon landscape'>\n\t\t\t\t<a href='https:\/\/agora.xtec.cat\/iesventuragassol\/general\/torneig-de-nadal-de-pitxirug\/attachment\/pitxi4\/'><img loading=\"lazy\" decoding=\"async\" width=\"150\" height=\"150\" src=\"https:\/\/agora.xtec.cat\/iesventuragassol\/wp-content\/uploads\/usu1243\/2024\/12\/pitxi4-150x150.png\" class=\"attachment-thumbnail size-thumbnail\" alt=\"\" \/><\/a>\n\t\t\t<\/dt><\/dl><dl class='gallery-item'>\n\t\t\t<dt class='gallery-icon portrait'>\n\t\t\t\t<a href='https:\/\/agora.xtec.cat\/iesventuragassol\/general\/torneig-de-nadal-de-pitxirug\/attachment\/pitxi3\/'><img loading=\"lazy\" decoding=\"async\" width=\"150\" height=\"150\" src=\"https:\/\/agora.xtec.cat\/iesventuragassol\/wp-content\/uploads\/usu1243\/2024\/12\/pitxi3-150x150.png\" class=\"attachment-thumbnail size-thumbnail\" alt=\"\" \/><\/a>\n\t\t\t<\/dt><\/dl><dl class='gallery-item'>\n\t\t\t<dt class='gallery-icon landscape'>\n\t\t\t\t<a href='https:\/\/agora.xtec.cat\/iesventuragassol\/general\/torneig-de-nadal-de-pitxirug\/attachment\/pitxi2\/'><img loading=\"lazy\" decoding=\"async\" width=\"150\" height=\"150\" src=\"https:\/\/agora.xtec.cat\/iesventuragassol\/wp-content\/uploads\/usu1243\/2024\/12\/pitxi2-150x150.png\" class=\"attachment-thumbnail size-thumbnail\" alt=\"\" \/><\/a>\n\t\t\t<\/dt><\/dl><dl class='gallery-item'>\n\t\t\t<dt class='gallery-icon landscape'>\n\t\t\t\t<a href='https:\/\/agora.xtec.cat\/iesventuragassol\/general\/torneig-de-nadal-de-pitxirug\/attachment\/pitxi1\/'><img loading=\"lazy\" decoding=\"async\" width=\"150\" height=\"150\" src=\"https:\/\/agora.xtec.cat\/iesventuragassol\/wp-content\/uploads\/usu1243\/2024\/12\/pitxi1-150x150.png\" class=\"attachment-thumbnail size-thumbnail\" alt=\"\" \/><\/a>\n\t\t\t<\/dt><\/dl><br style=\"clear: both\" \/>\n\t\t<\/div>\n\n","protected":false},"excerpt":{"rendered":"<p>Una tradici\u00f3 a l&#8217;Institut Ventura Gassol.<br \/>\nAquest any, com en els darrers cursos, els membres del departament d&#8217;educaci\u00f3 f\u00edsica han organitzat el Torneig de Nadal de Pitxirug, un esdeveniment esportiu que reuneix a l&#8217;alumnat des de 1r d&#8217;ESO fins a 1r de batxillerat. Aquesta competici\u00f3 \u00e9s&hellip;  <a href=\"https:\/\/agora.xtec.cat\/iesventuragassol\/general\/torneig-de-nadal-de-pitxirug\/\" title=\"Read Torneig de Nadal de Pitxirug\">Llegeix m\u00e9s\u00bb<\/a><\/p>\n","protected":false},"author":3,"featured_media":3215,"comment_status":"open","ping_status":"closed","sticky":false,"template":"","format":"standard","meta":{"_bbp_topic_count":0,"_bbp_reply_count":0,"_bbp_total_topic_count":0,"_bbp_total_reply_count":0,"_bbp_voice_count":0,"_bbp_anonymous_reply_count":0,"_bbp_topic_count_hidden":0,"_bbp_reply_count_hidden":0,"_bbp_forum_subforum_count":0,"footnotes":""},"categories":[129,1,29],"tags":[],"class_list":["post-3211","post","type-post","status-publish","format-standard","has-post-thumbnail","hentry","category-ef","category-general","category-portada"],"post_mailing_queue_ids":[],"_links":{"self":[{"href":"https:\/\/agora.xtec.cat\/iesventuragassol\/wp-json\/wp\/v2\/posts\/3211","targetHints":{"allow":["GET"]}}],"collection":[{"href":"https:\/\/agora.xtec.cat\/iesventuragassol\/wp-json\/wp\/v2\/posts"}],"about":[{"href":"https:\/\/agora.xtec.cat\/iesventuragassol\/wp-json\/wp\/v2\/types\/post"}],"author":[{"embeddable":true,"href":"https:\/\/agora.xtec.cat\/iesventuragassol\/wp-json\/wp\/v2\/users\/3"}],"replies":[{"embeddable":true,"href":"https:\/\/agora.xtec.cat\/iesventuragassol\/wp-json\/wp\/v2\/comments?post=3211"}],"version-history":[{"count":1,"href":"https:\/\/agora.xtec.cat\/iesventuragassol\/wp-json\/wp\/v2\/posts\/3211\/revisions"}],"predecessor-version":[{"id":3216,"href":"https:\/\/agora.xtec.cat\/iesventuragassol\/wp-json\/wp\/v2\/posts\/3211\/revisions\/3216"}],"wp:featuredmedia":[{"embeddable":true,"href":"https:\/\/agora.xtec.cat\/iesventuragassol\/wp-json\/wp\/v2\/media\/3215"}],"wp:attachment":[{"href":"https:\/\/agora.xtec.cat\/iesventuragassol\/wp-json\/wp\/v2\/media?parent=3211"}],"wp:term":[{"taxonomy":"category","embeddable":true,"href":"https:\/\/agora.xtec.cat\/iesventuragassol\/wp-json\/wp\/v2\/categories?post=3211"},{"taxonomy":"post_tag","embeddable":true,"href":"https:\/\/agora.xtec.cat\/iesventuragassol\/wp-json\/wp\/v2\/tags?post=3211"}],"curies":[{"name":"wp","href":"https:\/\/api.w.org\/{rel}","templated":true}]}}