{"id":3162,"date":"2024-11-29T22:15:07","date_gmt":"2024-11-29T21:15:07","guid":{"rendered":"https:\/\/agora.xtec.cat\/iesventuragassol\/?p=3162"},"modified":"2024-11-29T22:15:07","modified_gmt":"2024-11-29T21:15:07","slug":"sortida-al-parc-de-can-zam-1r-deso","status":"publish","type":"post","link":"https:\/\/agora.xtec.cat\/iesventuragassol\/general\/sortida-al-parc-de-can-zam-1r-deso\/","title":{"rendered":"Sortida al Parc de Can Zam (1r d&#8217;ESO)"},"content":{"rendered":"<p>L&#8217;alumnat de 1r d&#8217;ESO ha realitzat l&#8217;activitat &#8220;Aigua i biodiversitat&#8221; al parc de Can Zam. Aquesta sortida els va permetre avan\u00e7ar amb el nostre Projecte: <em>MICROPL\u00c1STICOS<\/em>, i con\u00e8ixer de primera m\u00e0 els beneficis ambientals que aporten les zones verdes urbanes, especialment aquelles que compten amb aigua com rius o llacs. Van aprendre sobre el seu paper fonamental en la conservaci\u00f3 de la biodiversitat animal i vegetal, i van descobrir com aquestes zones ajuden a mantenir un equilibri ecol\u00f2gic important per a la ciutat.<\/p>\n<p>A m\u00e9s, els estudiants van fer una activitat de recollida de residus i deixalles, conscienciant-se sobre la greu problem\u00e0tica que causen els pl\u00e0stics i micropl\u00e0stics al medi ambient. Aquesta acci\u00f3 va ser una oportunitat per reflexionar sobre la import\u00e0ncia de mantenir els nostres entorns nets i protegir els ecosistemes naturals, fomentant aix\u00ed el respecte pel nostre planeta. Sens dubte, una experi\u00e8ncia educativa i enriquidora que va deixar una empremta positiva en tots els participants.<\/p>\n\n\t\t<style type=\"text\/css\">\n\t\t\t#gallery-1 {\n\t\t\t\tmargin: auto;\n\t\t\t}\n\t\t\t#gallery-1 .gallery-item {\n\t\t\t\tfloat: left;\n\t\t\t\tmargin-top: 10px;\n\t\t\t\ttext-align: center;\n\t\t\t\twidth: 33%;\n\t\t\t}\n\t\t\t#gallery-1 img {\n\t\t\t\tborder: 2px solid #cfcfcf;\n\t\t\t}\n\t\t\t#gallery-1 .gallery-caption {\n\t\t\t\tmargin-left: 0;\n\t\t\t}\n\t\t\t\/* see gallery_shortcode() in wp-includes\/media.php *\/\n\t\t<\/style>\n\t\t<div id='gallery-1' class='gallery galleryid-3162 gallery-columns-3 gallery-size-medium'><dl class='gallery-item'>\n\t\t\t<dt class='gallery-icon portrait'>\n\t\t\t\t<a href='https:\/\/agora.xtec.cat\/iesventuragassol\/general\/sortida-al-parc-de-can-zam-1r-deso\/attachment\/img_20241126_1041292\/'><img loading=\"lazy\" decoding=\"async\" width=\"288\" height=\"300\" src=\"https:\/\/agora.xtec.cat\/iesventuragassol\/wp-content\/uploads\/usu1243\/2024\/11\/IMG_20241126_1041292-288x300.jpg\" class=\"attachment-medium size-medium\" alt=\"\" srcset=\"https:\/\/agora.xtec.cat\/iesventuragassol\/wp-content\/uploads\/usu1243\/2024\/11\/IMG_20241126_1041292-288x300.jpg 288w, https:\/\/agora.xtec.cat\/iesventuragassol\/wp-content\/uploads\/usu1243\/2024\/11\/IMG_20241126_1041292-982x1024.jpg 982w, https:\/\/agora.xtec.cat\/iesventuragassol\/wp-content\/uploads\/usu1243\/2024\/11\/IMG_20241126_1041292-768x801.jpg 768w, https:\/\/agora.xtec.cat\/iesventuragassol\/wp-content\/uploads\/usu1243\/2024\/11\/IMG_20241126_1041292-1473x1536.jpg 1473w, https:\/\/agora.xtec.cat\/iesventuragassol\/wp-content\/uploads\/usu1243\/2024\/11\/IMG_20241126_1041292-1964x2048.jpg 1964w\" sizes=\"auto, (max-width: 288px) 100vw, 288px\" \/><\/a>\n\t\t\t<\/dt><\/dl><dl class='gallery-item'>\n\t\t\t<dt class='gallery-icon portrait'>\n\t\t\t\t<a href='https:\/\/agora.xtec.cat\/iesventuragassol\/general\/sortida-al-parc-de-can-zam-1r-deso\/attachment\/img_20241126_103527\/'><img loading=\"lazy\" decoding=\"async\" width=\"267\" height=\"300\" src=\"https:\/\/agora.xtec.cat\/iesventuragassol\/wp-content\/uploads\/usu1243\/2024\/11\/IMG_20241126_103527-267x300.jpg\" class=\"attachment-medium size-medium\" alt=\"\" srcset=\"https:\/\/agora.xtec.cat\/iesventuragassol\/wp-content\/uploads\/usu1243\/2024\/11\/IMG_20241126_103527-267x300.jpg 267w, https:\/\/agora.xtec.cat\/iesventuragassol\/wp-content\/uploads\/usu1243\/2024\/11\/IMG_20241126_103527-913x1024.jpg 913w, https:\/\/agora.xtec.cat\/iesventuragassol\/wp-content\/uploads\/usu1243\/2024\/11\/IMG_20241126_103527-768x861.jpg 768w, https:\/\/agora.xtec.cat\/iesventuragassol\/wp-content\/uploads\/usu1243\/2024\/11\/IMG_20241126_103527-1370x1536.jpg 1370w, https:\/\/agora.xtec.cat\/iesventuragassol\/wp-content\/uploads\/usu1243\/2024\/11\/IMG_20241126_103527-1826x2048.jpg 1826w\" sizes=\"auto, (max-width: 267px) 100vw, 267px\" \/><\/a>\n\t\t\t<\/dt><\/dl><dl class='gallery-item'>\n\t\t\t<dt class='gallery-icon landscape'>\n\t\t\t\t<a href='https:\/\/agora.xtec.cat\/iesventuragassol\/general\/sortida-al-parc-de-can-zam-1r-deso\/attachment\/img_20241126_1257002\/'><img loading=\"lazy\" decoding=\"async\" width=\"300\" height=\"226\" src=\"https:\/\/agora.xtec.cat\/iesventuragassol\/wp-content\/uploads\/usu1243\/2024\/11\/IMG_20241126_1257002-300x226.jpg\" class=\"attachment-medium size-medium\" alt=\"\" srcset=\"https:\/\/agora.xtec.cat\/iesventuragassol\/wp-content\/uploads\/usu1243\/2024\/11\/IMG_20241126_1257002-300x226.jpg 300w, https:\/\/agora.xtec.cat\/iesventuragassol\/wp-content\/uploads\/usu1243\/2024\/11\/IMG_20241126_1257002-1024x771.jpg 1024w, https:\/\/agora.xtec.cat\/iesventuragassol\/wp-content\/uploads\/usu1243\/2024\/11\/IMG_20241126_1257002-768x578.jpg 768w, https:\/\/agora.xtec.cat\/iesventuragassol\/wp-content\/uploads\/usu1243\/2024\/11\/IMG_20241126_1257002-1536x1157.jpg 1536w, https:\/\/agora.xtec.cat\/iesventuragassol\/wp-content\/uploads\/usu1243\/2024\/11\/IMG_20241126_1257002-2048x1542.jpg 2048w, https:\/\/agora.xtec.cat\/iesventuragassol\/wp-content\/uploads\/usu1243\/2024\/11\/IMG_20241126_1257002-200x150.jpg 200w\" sizes=\"auto, (max-width: 300px) 100vw, 300px\" \/><\/a>\n\t\t\t<\/dt><\/dl><br style=\"clear: both\" \/><dl class='gallery-item'>\n\t\t\t<dt class='gallery-icon portrait'>\n\t\t\t\t<a href='https:\/\/agora.xtec.cat\/iesventuragassol\/general\/sortida-al-parc-de-can-zam-1r-deso\/attachment\/img_20241126_1030412\/'><img loading=\"lazy\" decoding=\"async\" width=\"226\" height=\"300\" src=\"https:\/\/agora.xtec.cat\/iesventuragassol\/wp-content\/uploads\/usu1243\/2024\/11\/IMG_20241126_1030412-226x300.jpg\" class=\"attachment-medium size-medium\" alt=\"\" srcset=\"https:\/\/agora.xtec.cat\/iesventuragassol\/wp-content\/uploads\/usu1243\/2024\/11\/IMG_20241126_1030412-226x300.jpg 226w, https:\/\/agora.xtec.cat\/iesventuragassol\/wp-content\/uploads\/usu1243\/2024\/11\/IMG_20241126_1030412-771x1024.jpg 771w, https:\/\/agora.xtec.cat\/iesventuragassol\/wp-content\/uploads\/usu1243\/2024\/11\/IMG_20241126_1030412-768x1020.jpg 768w, https:\/\/agora.xtec.cat\/iesventuragassol\/wp-content\/uploads\/usu1243\/2024\/11\/IMG_20241126_1030412-1157x1536.jpg 1157w, https:\/\/agora.xtec.cat\/iesventuragassol\/wp-content\/uploads\/usu1243\/2024\/11\/IMG_20241126_1030412-1542x2048.jpg 1542w, https:\/\/agora.xtec.cat\/iesventuragassol\/wp-content\/uploads\/usu1243\/2024\/11\/IMG_20241126_1030412-scaled.jpg 1928w\" sizes=\"auto, (max-width: 226px) 100vw, 226px\" \/><\/a>\n\t\t\t<\/dt><\/dl><dl class='gallery-item'>\n\t\t\t<dt class='gallery-icon landscape'>\n\t\t\t\t<a href='https:\/\/agora.xtec.cat\/iesventuragassol\/general\/sortida-al-parc-de-can-zam-1r-deso\/attachment\/img_20241114_1143532\/'><img loading=\"lazy\" decoding=\"async\" width=\"300\" height=\"226\" src=\"https:\/\/agora.xtec.cat\/iesventuragassol\/wp-content\/uploads\/usu1243\/2024\/11\/IMG_20241114_1143532-300x226.jpg\" class=\"attachment-medium size-medium\" alt=\"\" srcset=\"https:\/\/agora.xtec.cat\/iesventuragassol\/wp-content\/uploads\/usu1243\/2024\/11\/IMG_20241114_1143532-300x226.jpg 300w, https:\/\/agora.xtec.cat\/iesventuragassol\/wp-content\/uploads\/usu1243\/2024\/11\/IMG_20241114_1143532-1024x771.jpg 1024w, https:\/\/agora.xtec.cat\/iesventuragassol\/wp-content\/uploads\/usu1243\/2024\/11\/IMG_20241114_1143532-768x578.jpg 768w, https:\/\/agora.xtec.cat\/iesventuragassol\/wp-content\/uploads\/usu1243\/2024\/11\/IMG_20241114_1143532-1536x1157.jpg 1536w, https:\/\/agora.xtec.cat\/iesventuragassol\/wp-content\/uploads\/usu1243\/2024\/11\/IMG_20241114_1143532-2048x1542.jpg 2048w, https:\/\/agora.xtec.cat\/iesventuragassol\/wp-content\/uploads\/usu1243\/2024\/11\/IMG_20241114_1143532-200x150.jpg 200w\" sizes=\"auto, (max-width: 300px) 100vw, 300px\" \/><\/a>\n\t\t\t<\/dt><\/dl><dl class='gallery-item'>\n\t\t\t<dt class='gallery-icon portrait'>\n\t\t\t\t<a href='https:\/\/agora.xtec.cat\/iesventuragassol\/general\/sortida-al-parc-de-can-zam-1r-deso\/attachment\/img_20241114_1026112\/'><img loading=\"lazy\" decoding=\"async\" width=\"226\" height=\"300\" src=\"https:\/\/agora.xtec.cat\/iesventuragassol\/wp-content\/uploads\/usu1243\/2024\/11\/IMG_20241114_1026112-226x300.jpg\" class=\"attachment-medium size-medium\" alt=\"\" srcset=\"https:\/\/agora.xtec.cat\/iesventuragassol\/wp-content\/uploads\/usu1243\/2024\/11\/IMG_20241114_1026112-226x300.jpg 226w, https:\/\/agora.xtec.cat\/iesventuragassol\/wp-content\/uploads\/usu1243\/2024\/11\/IMG_20241114_1026112-771x1024.jpg 771w, https:\/\/agora.xtec.cat\/iesventuragassol\/wp-content\/uploads\/usu1243\/2024\/11\/IMG_20241114_1026112-768x1020.jpg 768w, https:\/\/agora.xtec.cat\/iesventuragassol\/wp-content\/uploads\/usu1243\/2024\/11\/IMG_20241114_1026112-1157x1536.jpg 1157w, https:\/\/agora.xtec.cat\/iesventuragassol\/wp-content\/uploads\/usu1243\/2024\/11\/IMG_20241114_1026112-1542x2048.jpg 1542w, https:\/\/agora.xtec.cat\/iesventuragassol\/wp-content\/uploads\/usu1243\/2024\/11\/IMG_20241114_1026112-scaled.jpg 1928w\" sizes=\"auto, (max-width: 226px) 100vw, 226px\" \/><\/a>\n\t\t\t<\/dt><\/dl><br style=\"clear: both\" \/>\n\t\t<\/div>\n\n","protected":false},"excerpt":{"rendered":"<p>L&#8217;alumnat de 1r d&#8217;ESO ha realitzat l&#8217;activitat &#8220;Aigua i biodiversitat&#8221; al parc de Can Zam. Aquesta sortida els va permetre avan\u00e7ar amb el nostre Projecte: MICROPL\u00c1STICOS, i con\u00e8ixer de primera m\u00e0 els beneficis ambientals que aporten les zones verdes urbanes, especialment aquelles que compten amb&hellip;  <a href=\"https:\/\/agora.xtec.cat\/iesventuragassol\/general\/sortida-al-parc-de-can-zam-1r-deso\/\" title=\"Read Sortida al Parc de Can Zam (1r d&#8217;ESO)\">Llegeix m\u00e9s\u00bb<\/a><\/p>\n","protected":false},"author":3,"featured_media":3166,"comment_status":"open","ping_status":"closed","sticky":false,"template":"","format":"standard","meta":{"_bbp_topic_count":0,"_bbp_reply_count":0,"_bbp_total_topic_count":0,"_bbp_total_reply_count":0,"_bbp_voice_count":0,"_bbp_anonymous_reply_count":0,"_bbp_topic_count_hidden":0,"_bbp_reply_count_hidden":0,"_bbp_forum_subforum_count":0,"footnotes":""},"categories":[137,138,139,140,126,1,118,29],"tags":[],"class_list":["post-3162","post","type-post","status-publish","format-standard","has-post-thumbnail","hentry","category-1r-eso-a","category-1r-eso-b","category-1r-eso-c","category-1r-eso-d","category-bio","category-general","category-esp","category-portada"],"post_mailing_queue_ids":[],"_links":{"self":[{"href":"https:\/\/agora.xtec.cat\/iesventuragassol\/wp-json\/wp\/v2\/posts\/3162","targetHints":{"allow":["GET"]}}],"collection":[{"href":"https:\/\/agora.xtec.cat\/iesventuragassol\/wp-json\/wp\/v2\/posts"}],"about":[{"href":"https:\/\/agora.xtec.cat\/iesventuragassol\/wp-json\/wp\/v2\/types\/post"}],"author":[{"embeddable":true,"href":"https:\/\/agora.xtec.cat\/iesventuragassol\/wp-json\/wp\/v2\/users\/3"}],"replies":[{"embeddable":true,"href":"https:\/\/agora.xtec.cat\/iesventuragassol\/wp-json\/wp\/v2\/comments?post=3162"}],"version-history":[{"count":2,"href":"https:\/\/agora.xtec.cat\/iesventuragassol\/wp-json\/wp\/v2\/posts\/3162\/revisions"}],"predecessor-version":[{"id":3172,"href":"https:\/\/agora.xtec.cat\/iesventuragassol\/wp-json\/wp\/v2\/posts\/3162\/revisions\/3172"}],"wp:featuredmedia":[{"embeddable":true,"href":"https:\/\/agora.xtec.cat\/iesventuragassol\/wp-json\/wp\/v2\/media\/3166"}],"wp:attachment":[{"href":"https:\/\/agora.xtec.cat\/iesventuragassol\/wp-json\/wp\/v2\/media?parent=3162"}],"wp:term":[{"taxonomy":"category","embeddable":true,"href":"https:\/\/agora.xtec.cat\/iesventuragassol\/wp-json\/wp\/v2\/categories?post=3162"},{"taxonomy":"post_tag","embeddable":true,"href":"https:\/\/agora.xtec.cat\/iesventuragassol\/wp-json\/wp\/v2\/tags?post=3162"}],"curies":[{"name":"wp","href":"https:\/\/api.w.org\/{rel}","templated":true}]}}