{"id":3053,"date":"2024-03-21T11:11:16","date_gmt":"2024-03-21T10:11:16","guid":{"rendered":"https:\/\/agora.xtec.cat\/iesventuragassol\/?p=3053"},"modified":"2024-03-21T11:12:17","modified_gmt":"2024-03-21T10:12:17","slug":"xerrada-dorientacio-a-lalumnat-de-batxillerat","status":"publish","type":"post","link":"https:\/\/agora.xtec.cat\/iesventuragassol\/general\/xerrada-dorientacio-a-lalumnat-de-batxillerat\/","title":{"rendered":"Xerrada d&#8217;orientaci\u00f3 a  l&#8217;alumnat de batxillerat"},"content":{"rendered":"<p>El passat dilluns dia 18 de mar\u00e7 l&#8217;alumnat va assistir a la confer\u00e8ncia <em>&#8220;Qu\u00e8 cal per sortir-se&#8217;n (\u00a0 a la vida i als estudis)&#8221;<\/em> del coach <a href=\"https:\/\/carlesventura.com\/\" target=\"_blank\" rel=\"noopener\">Carles Ventura<\/a>.<\/p>\n<p>Aquesta confer\u00e8ncia adre\u00e7ada a l&#8217;alumnat de batxillerat tenia com a objectiu fer reflexionar a l&#8217;alumnat de qui i com volen ser aix\u00ed com despertar les seves passions que han d&#8217;esdevenir els seus objectius a la vida.<\/p>\n<p>El fil conductor ha pret\u00e9s despertar en l&#8217;alumnat poder valorar all\u00f2 que han assolit i motivar-los per all\u00f2 que ha de venir d&#8217;ara endavant amb un estil din\u00e0mic, fresc i engrescador amb les seves dosis d&#8217;optimisme i bon humor..<\/p>\n<p><strong>Aquesta confer\u00e8ncia \u00e9s l&#8217;inici d&#8217;un nou projecte adre\u00e7at a l&#8217;alumnat i a les fam\u00edlies per promoure un espai de reflexi\u00f3 i participaci\u00f3 on es puguin trobar solucions als reptes educatius del SXXI<\/strong><\/p>\n<p>&nbsp;<\/p>\n","protected":false},"excerpt":{"rendered":"<p>El passat dilluns dia 18 de mar\u00e7 l&#8217;alumnat va assistir a la confer\u00e8ncia &#8220;Qu\u00e8 cal per sortir-se&#8217;n (\u00a0 a la vida i als estudis)&#8221; del coach <a href=\"https:\/\/carlesventura.com\/\" target=\"_blank\" rel=\"noopener\">Carles Ventura<\/a>.<br \/>\nAquesta confer\u00e8ncia adre\u00e7ada a l&#8217;alumnat de batxillerat tenia com a objectiu fer reflexionar a l&#8217;alumnat&hellip;  <a href=\"https:\/\/agora.xtec.cat\/iesventuragassol\/general\/xerrada-dorientacio-a-lalumnat-de-batxillerat\/\" title=\"Read Xerrada d&#8217;orientaci\u00f3 a  l&#8217;alumnat de batxillerat\">Llegeix m\u00e9s\u00bb<\/a><\/p>\n","protected":false},"author":1,"featured_media":3054,"comment_status":"open","ping_status":"closed","sticky":false,"template":"","format":"standard","meta":{"_bbp_topic_count":0,"_bbp_reply_count":0,"_bbp_total_topic_count":0,"_bbp_total_reply_count":0,"_bbp_voice_count":0,"_bbp_anonymous_reply_count":0,"_bbp_topic_count_hidden":0,"_bbp_reply_count_hidden":0,"_bbp_forum_subforum_count":0,"footnotes":""},"categories":[1],"tags":[],"class_list":["post-3053","post","type-post","status-publish","format-standard","has-post-thumbnail","hentry","category-general"],"post_mailing_queue_ids":[],"_links":{"self":[{"href":"https:\/\/agora.xtec.cat\/iesventuragassol\/wp-json\/wp\/v2\/posts\/3053","targetHints":{"allow":["GET"]}}],"collection":[{"href":"https:\/\/agora.xtec.cat\/iesventuragassol\/wp-json\/wp\/v2\/posts"}],"about":[{"href":"https:\/\/agora.xtec.cat\/iesventuragassol\/wp-json\/wp\/v2\/types\/post"}],"author":[{"embeddable":true,"href":"https:\/\/agora.xtec.cat\/iesventuragassol\/wp-json\/wp\/v2\/users\/1"}],"replies":[{"embeddable":true,"href":"https:\/\/agora.xtec.cat\/iesventuragassol\/wp-json\/wp\/v2\/comments?post=3053"}],"version-history":[{"count":2,"href":"https:\/\/agora.xtec.cat\/iesventuragassol\/wp-json\/wp\/v2\/posts\/3053\/revisions"}],"predecessor-version":[{"id":3056,"href":"https:\/\/agora.xtec.cat\/iesventuragassol\/wp-json\/wp\/v2\/posts\/3053\/revisions\/3056"}],"wp:featuredmedia":[{"embeddable":true,"href":"https:\/\/agora.xtec.cat\/iesventuragassol\/wp-json\/wp\/v2\/media\/3054"}],"wp:attachment":[{"href":"https:\/\/agora.xtec.cat\/iesventuragassol\/wp-json\/wp\/v2\/media?parent=3053"}],"wp:term":[{"taxonomy":"category","embeddable":true,"href":"https:\/\/agora.xtec.cat\/iesventuragassol\/wp-json\/wp\/v2\/categories?post=3053"},{"taxonomy":"post_tag","embeddable":true,"href":"https:\/\/agora.xtec.cat\/iesventuragassol\/wp-json\/wp\/v2\/tags?post=3053"}],"curies":[{"name":"wp","href":"https:\/\/api.w.org\/{rel}","templated":true}]}}