{"id":2852,"date":"2023-04-21T10:56:41","date_gmt":"2023-04-21T08:56:41","guid":{"rendered":"https:\/\/agora.xtec.cat\/iesventuragassol\/?p=2852"},"modified":"2023-04-21T10:56:46","modified_gmt":"2023-04-21T08:56:46","slug":"jornnada-de-sant-jordi","status":"publish","type":"post","link":"https:\/\/agora.xtec.cat\/iesventuragassol\/general\/jornnada-de-sant-jordi\/","title":{"rendered":"Jornada de Sant Jordi"},"content":{"rendered":"<p>Avui l&#8217;alumnat d&#8217;ESO i batxillerat participen en els actes de St. Jordi que s&#8217;han organitzat des de la Comissi\u00f3.<\/p>\n<p>L&#8217;alumnat durant el dia d&#8217;avui participa en la jornada de confer\u00e8ncies i tallers aix\u00ed com en els actes de lliurament de premis dels diferents concursos organitzats pels diferents Departaments did\u00e0ctics.<\/p>\n","protected":false},"excerpt":{"rendered":"<p>Avui l&#8217;alumnat d&#8217;ESO i batxillerat participen en els actes de St. Jordi que s&#8217;han organitzat des de la Comissi\u00f3.<br \/>\nL&#8217;alumnat durant el dia d&#8217;avui participa en la jornada de confer\u00e8ncies i tallers aix\u00ed com en els actes de lliurament de premis dels diferents concursos organitzats pels&hellip;  <a href=\"https:\/\/agora.xtec.cat\/iesventuragassol\/general\/jornnada-de-sant-jordi\/\" title=\"Read Jornada de Sant Jordi\">Llegeix m\u00e9s\u00bb<\/a><\/p>\n","protected":false},"author":1,"featured_media":0,"comment_status":"open","ping_status":"closed","sticky":false,"template":"","format":"standard","meta":{"_bbp_topic_count":0,"_bbp_reply_count":0,"_bbp_total_topic_count":0,"_bbp_total_reply_count":0,"_bbp_voice_count":0,"_bbp_anonymous_reply_count":0,"_bbp_topic_count_hidden":0,"_bbp_reply_count_hidden":0,"_bbp_forum_subforum_count":0,"footnotes":""},"categories":[1],"tags":[],"class_list":["post-2852","post","type-post","status-publish","format-standard","hentry","category-general"],"post_mailing_queue_ids":[],"_links":{"self":[{"href":"https:\/\/agora.xtec.cat\/iesventuragassol\/wp-json\/wp\/v2\/posts\/2852","targetHints":{"allow":["GET"]}}],"collection":[{"href":"https:\/\/agora.xtec.cat\/iesventuragassol\/wp-json\/wp\/v2\/posts"}],"about":[{"href":"https:\/\/agora.xtec.cat\/iesventuragassol\/wp-json\/wp\/v2\/types\/post"}],"author":[{"embeddable":true,"href":"https:\/\/agora.xtec.cat\/iesventuragassol\/wp-json\/wp\/v2\/users\/1"}],"replies":[{"embeddable":true,"href":"https:\/\/agora.xtec.cat\/iesventuragassol\/wp-json\/wp\/v2\/comments?post=2852"}],"version-history":[{"count":2,"href":"https:\/\/agora.xtec.cat\/iesventuragassol\/wp-json\/wp\/v2\/posts\/2852\/revisions"}],"predecessor-version":[{"id":2854,"href":"https:\/\/agora.xtec.cat\/iesventuragassol\/wp-json\/wp\/v2\/posts\/2852\/revisions\/2854"}],"wp:attachment":[{"href":"https:\/\/agora.xtec.cat\/iesventuragassol\/wp-json\/wp\/v2\/media?parent=2852"}],"wp:term":[{"taxonomy":"category","embeddable":true,"href":"https:\/\/agora.xtec.cat\/iesventuragassol\/wp-json\/wp\/v2\/categories?post=2852"},{"taxonomy":"post_tag","embeddable":true,"href":"https:\/\/agora.xtec.cat\/iesventuragassol\/wp-json\/wp\/v2\/tags?post=2852"}],"curies":[{"name":"wp","href":"https:\/\/api.w.org\/{rel}","templated":true}]}}