{"id":2850,"date":"2023-04-21T10:54:40","date_gmt":"2023-04-21T08:54:40","guid":{"rendered":"https:\/\/agora.xtec.cat\/iesventuragassol\/?p=2850"},"modified":"2023-04-21T12:51:26","modified_gmt":"2023-04-21T10:51:26","slug":"beques-per-a-ensenyaments-postobligatoris-no-universitaris-2","status":"publish","type":"post","link":"https:\/\/agora.xtec.cat\/iesventuragassol\/general\/beques-per-a-ensenyaments-postobligatoris-no-universitaris-2\/","title":{"rendered":"Beques per a ensenyaments postobligatoris no universitaris"},"content":{"rendered":"<div class=\"col content-col\">\n<p>Publicaci\u00f3 de la convocat\u00f2ria de beques per a ensenyaments post obligatoris no universitaris, curs 2023-2024<\/p>\n<div class=\"bloc-mobil\">\n<div class=\"descripcio link-dotted\">\n<p>El termini per sol\u00b7licitar les beques \u00e9s <strong>del 27 de mar\u00e7 al 17 de maig de 2023<\/strong>, ambd\u00f3s inclosos. <a href=\"https:\/\/educacio.gencat.cat\/ca\/serveis-tramits\/beques\/beques-postobligatoris\/\" target=\"_blank\" rel=\"noopener\"><span style=\"color: #ff0000;\">Enlla\u00e7 directe<\/span><\/a><\/p>\n<p>Has de sol\u00b7licitar la beca dins d&#8217;aquest termini, encara que no s\u00e0pigues qu\u00e8 estudiar\u00e0s o, fins i tot, encara que no s\u00e0pigues si estudiar\u00e0s o no. Posa els estudis que consideris m\u00e9s probables i cap al setembre podr\u00e0s modificar-los, si cal.<\/p>\n<\/div>\n<div>\n<div class=\"entradeta__wrapper\">\n<div class=\"row\">\n<p class=\"subtitle\">Qui pot demanar la beca?<\/p>\n<div class=\"basic_text col-xs-12 pd-30 off-margin-bottom pd-15\"><\/div>\n<div class=\"basic_text_peq col-xs-12\">\n<div class=\"pd-15x link-dotted\">\n<p>Estudiants que el curs acad\u00e8mic 2023-2024 cursen <strong>ensenyaments postobligatoris o superiors no universitaris<\/strong>:<\/p>\n<ul>\n<li>Primers i segons cursos de batxillerat<\/li>\n<li>Formaci\u00f3 professional de grau mitj\u00e0 i de grau superior<\/li>\n<li>Ensenyaments art\u00edstics professionals<\/li>\n<li>Ensenyaments esportius<\/li>\n<li>Ensenyaments art\u00edstics superiors<\/li>\n<li>Estudis religiosos superiors<\/li>\n<li>Estudis d&#8217;idiomes en escoles oficials (inclosa la modalitat de dist\u00e0ncia)<\/li>\n<li>Cursos d&#8217;acc\u00e9s i cursos de preparaci\u00f3 per a les proves d&#8217;acc\u00e9s a la formaci\u00f3 professional i cursos de formaci\u00f3 espec\u00edfics per a l&#8217;acc\u00e9s als cicles de grau mitj\u00e0 i de grau superior impartits en centres p\u00fablics i en centres privats<\/li>\n<li>Cicles formatius de grau b\u00e0sic<\/li>\n<\/ul>\n<\/div>\n<\/div>\n<\/div>\n<\/div>\n<\/div>\n<\/div>\n<\/div>\n","protected":false},"excerpt":{"rendered":"<p>Publicaci\u00f3 de la convocat\u00f2ria de beques per a ensenyaments post obligatoris no universitaris, curs 2023-2024<\/p>\n<p>El termini per sol\u00b7licitar les beques \u00e9s del 27 de mar\u00e7 al 17 de maig de 2023, ambd\u00f3s inclosos. <a href=\"https:\/\/educacio.gencat.cat\/ca\/serveis-tramits\/beques\/beques-postobligatoris\/\" target=\"_blank\" rel=\"noopener\">Enlla\u00e7 directe<\/a><br \/>\nHas de sol\u00b7licitar la beca dins d&#8217;aquest termini,&hellip;  <a href=\"https:\/\/agora.xtec.cat\/iesventuragassol\/general\/beques-per-a-ensenyaments-postobligatoris-no-universitaris-2\/\" title=\"Read Beques per a ensenyaments postobligatoris no universitaris\">Llegeix m\u00e9s\u00bb<\/a><\/p>\n","protected":false},"author":1,"featured_media":2862,"comment_status":"open","ping_status":"closed","sticky":false,"template":"","format":"standard","meta":{"_bbp_topic_count":0,"_bbp_reply_count":0,"_bbp_total_topic_count":0,"_bbp_total_reply_count":0,"_bbp_voice_count":0,"_bbp_anonymous_reply_count":0,"_bbp_topic_count_hidden":0,"_bbp_reply_count_hidden":0,"_bbp_forum_subforum_count":0,"footnotes":""},"categories":[1],"tags":[],"class_list":["post-2850","post","type-post","status-publish","format-standard","has-post-thumbnail","hentry","category-general"],"post_mailing_queue_ids":[],"_links":{"self":[{"href":"https:\/\/agora.xtec.cat\/iesventuragassol\/wp-json\/wp\/v2\/posts\/2850","targetHints":{"allow":["GET"]}}],"collection":[{"href":"https:\/\/agora.xtec.cat\/iesventuragassol\/wp-json\/wp\/v2\/posts"}],"about":[{"href":"https:\/\/agora.xtec.cat\/iesventuragassol\/wp-json\/wp\/v2\/types\/post"}],"author":[{"embeddable":true,"href":"https:\/\/agora.xtec.cat\/iesventuragassol\/wp-json\/wp\/v2\/users\/1"}],"replies":[{"embeddable":true,"href":"https:\/\/agora.xtec.cat\/iesventuragassol\/wp-json\/wp\/v2\/comments?post=2850"}],"version-history":[{"count":1,"href":"https:\/\/agora.xtec.cat\/iesventuragassol\/wp-json\/wp\/v2\/posts\/2850\/revisions"}],"predecessor-version":[{"id":2851,"href":"https:\/\/agora.xtec.cat\/iesventuragassol\/wp-json\/wp\/v2\/posts\/2850\/revisions\/2851"}],"wp:featuredmedia":[{"embeddable":true,"href":"https:\/\/agora.xtec.cat\/iesventuragassol\/wp-json\/wp\/v2\/media\/2862"}],"wp:attachment":[{"href":"https:\/\/agora.xtec.cat\/iesventuragassol\/wp-json\/wp\/v2\/media?parent=2850"}],"wp:term":[{"taxonomy":"category","embeddable":true,"href":"https:\/\/agora.xtec.cat\/iesventuragassol\/wp-json\/wp\/v2\/categories?post=2850"},{"taxonomy":"post_tag","embeddable":true,"href":"https:\/\/agora.xtec.cat\/iesventuragassol\/wp-json\/wp\/v2\/tags?post=2850"}],"curies":[{"name":"wp","href":"https:\/\/api.w.org\/{rel}","templated":true}]}}