{"id":2825,"date":"2023-03-27T09:58:11","date_gmt":"2023-03-27T07:58:11","guid":{"rendered":"https:\/\/agora.xtec.cat\/iesventuragassol\/?p=2825"},"modified":"2023-03-27T11:19:01","modified_gmt":"2023-03-27T09:19:01","slug":"amanda-roque-3a-classificada-de-la-primera-edicio-dels-neurotalent-games","status":"publish","type":"post","link":"https:\/\/agora.xtec.cat\/iesventuragassol\/general\/amanda-roque-3a-classificada-de-la-primera-edicio-dels-neurotalent-games\/","title":{"rendered":"Amanda Roque, 3a classificada de la primera edici\u00f3 dels Neurotalent Games"},"content":{"rendered":"<p>Amanda Roque, alumna de 1r d&#8217;ESO, va quedar tercera al concurs Neurotalent Games aquest passat dissabte despr\u00e9s d&#8217;haver superat en una primera fase a 5300 estudiants de tota Catalunya i aquest cap de setmana a 32 finalistes i haver-ne aconseguit la 3a posici\u00f3.<\/p>\n<p><img loading=\"lazy\" decoding=\"async\" class=\"aligncenter wp-image-2826\" src=\"https:\/\/agora.xtec.cat\/iesventuragassol\/wp-content\/uploads\/usu1243\/2023\/03\/5508f999-9ad1-4276-87e7-c0e506ac3d4e.jpg\" alt=\"\" width=\"354\" height=\"286\" \/><\/p>\n<p>Aquest concurs que enguany ha estat la seva primera edici\u00f3 ha estat impulsat per la Fundaci\u00f3 Rosa Maria Vivar i t\u00e9 com objectiu sensibilitzar sobre la import\u00e0ncia d\u2019entrenar les capacitats neuropl\u00e0stiques durant totes les etapes de la vida per fer front a l\u2019envelliment natural del cervell i malalties neurodegeneratives com l\u00b4Alzheimer.<\/p>\n<p><img loading=\"lazy\" decoding=\"async\" class=\"aligncenter wp-image-2828\" src=\"https:\/\/agora.xtec.cat\/iesventuragassol\/wp-content\/uploads\/usu1243\/2023\/03\/7e591116-d788-497a-bd7d-d5292499d426.jpg\" alt=\"\" width=\"457\" height=\"343\" \/><\/p>\n<p>Moltes felicitats Amanda!!.<\/p>\n<p>&nbsp;<\/p>\n<p>&nbsp;<\/p>\n","protected":false},"excerpt":{"rendered":"<p>Amanda Roque, alumna de 1r d&#8217;ESO, va quedar tercera al concurs Neurotalent Games aquest passat dissabte despr\u00e9s d&#8217;haver superat en una primera fase a 5300 estudiants de tota Catalunya i aquest cap de setmana a 32 finalistes i haver-ne aconseguit la 3a posici\u00f3.<\/p>\n<p>Aquest concurs que&hellip;  <a href=\"https:\/\/agora.xtec.cat\/iesventuragassol\/general\/amanda-roque-3a-classificada-de-la-primera-edicio-dels-neurotalent-games\/\" title=\"Read Amanda Roque, 3a classificada de la primera edici\u00f3 dels Neurotalent Games\">Llegeix m\u00e9s\u00bb<\/a><\/p>\n","protected":false},"author":1,"featured_media":0,"comment_status":"open","ping_status":"closed","sticky":false,"template":"","format":"standard","meta":{"_bbp_topic_count":0,"_bbp_reply_count":0,"_bbp_total_topic_count":0,"_bbp_total_reply_count":0,"_bbp_voice_count":0,"_bbp_anonymous_reply_count":0,"_bbp_topic_count_hidden":0,"_bbp_reply_count_hidden":0,"_bbp_forum_subforum_count":0,"footnotes":""},"categories":[1],"tags":[],"class_list":["post-2825","post","type-post","status-publish","format-standard","hentry","category-general"],"post_mailing_queue_ids":[],"_links":{"self":[{"href":"https:\/\/agora.xtec.cat\/iesventuragassol\/wp-json\/wp\/v2\/posts\/2825","targetHints":{"allow":["GET"]}}],"collection":[{"href":"https:\/\/agora.xtec.cat\/iesventuragassol\/wp-json\/wp\/v2\/posts"}],"about":[{"href":"https:\/\/agora.xtec.cat\/iesventuragassol\/wp-json\/wp\/v2\/types\/post"}],"author":[{"embeddable":true,"href":"https:\/\/agora.xtec.cat\/iesventuragassol\/wp-json\/wp\/v2\/users\/1"}],"replies":[{"embeddable":true,"href":"https:\/\/agora.xtec.cat\/iesventuragassol\/wp-json\/wp\/v2\/comments?post=2825"}],"version-history":[{"count":3,"href":"https:\/\/agora.xtec.cat\/iesventuragassol\/wp-json\/wp\/v2\/posts\/2825\/revisions"}],"predecessor-version":[{"id":2831,"href":"https:\/\/agora.xtec.cat\/iesventuragassol\/wp-json\/wp\/v2\/posts\/2825\/revisions\/2831"}],"wp:attachment":[{"href":"https:\/\/agora.xtec.cat\/iesventuragassol\/wp-json\/wp\/v2\/media?parent=2825"}],"wp:term":[{"taxonomy":"category","embeddable":true,"href":"https:\/\/agora.xtec.cat\/iesventuragassol\/wp-json\/wp\/v2\/categories?post=2825"},{"taxonomy":"post_tag","embeddable":true,"href":"https:\/\/agora.xtec.cat\/iesventuragassol\/wp-json\/wp\/v2\/tags?post=2825"}],"curies":[{"name":"wp","href":"https:\/\/api.w.org\/{rel}","templated":true}]}}