{"id":2543,"date":"2021-07-16T10:47:26","date_gmt":"2021-07-16T08:47:26","guid":{"rendered":"http:\/\/agora.xtec.cat\/iesventuragassol\/?p=2543"},"modified":"2021-07-16T10:47:34","modified_gmt":"2021-07-16T08:47:34","slug":"matricula-batxillerat","status":"publish","type":"post","link":"https:\/\/agora.xtec.cat\/iesventuragassol\/general\/matricula-batxillerat\/","title":{"rendered":"Matr\u00edcula Batxillerat"},"content":{"rendered":"<h1><a href=\"https:\/\/agora.xtec.cat\/iesventuragassol\/wp-content\/uploads\/usu1243\/2021\/02\/banner-verd-preins-web-centres.png\"><img loading=\"lazy\" decoding=\"async\" class=\"aligncenter wp-image-2367\" src=\"https:\/\/agora.xtec.cat\/iesventuragassol\/wp-content\/uploads\/usu1243\/2021\/02\/banner-verd-preins-web-centres-300x57.png\" alt=\"\" width=\"679\" height=\"129\" \/><\/a><\/h1>\n<p><strong><a href=\"https:\/\/preinscripcio.gencat.cat\/ca\/estudis\/eso\/informat\/calendari\/\" target=\"_blank\" rel=\"noopener noreferrer\">Calendari de preinscripci\u00f3 i terminis ESO<\/a><\/strong><\/p>\n<p><a href=\"https:\/\/preinscripcio.gencat.cat\/ca\/estudis\/batxillerat\/informat\/calendari\/\" target=\"_blank\" rel=\"noopener noreferrer\"><strong>Calendari de preinscripci\u00f3 i terminis Batxillerat<\/strong><\/a><\/p>\n<p><strong><em><img loading=\"lazy\" decoding=\"async\" class=\"size-full wp-image-2392 alignleft\" src=\"https:\/\/agora.xtec.cat\/iesventuragassol\/wp-content\/uploads\/usu1243\/2021\/02\/nou3d.gif\" alt=\"\" width=\"60\" height=\"27\" \/>5\u00e8<\/em><em> termini Batxillerat <\/em>[9 de juliol de 2021]:\u00a0Alumnes assignats al centre amb indicaci\u00f3 de la primera petici\u00f3 a 09\/07\/2021<\/strong><\/p>\n<ul>\n<li><a href=\"https:\/\/drive.google.com\/file\/d\/1cWL3v0cdqemDmARFanXlQ_W7VEeYArzV\/view?usp=sharing\" target=\"_blank\" rel=\"noopener noreferrer\">Llistat de sol\u00b7licituds definitiva 9\/07\/21<\/a><\/li>\n<\/ul>\n<p>&nbsp;<\/p>\n<p><b>DOCUMENTACI\u00d3 A PRESENTAR BATXILLERAT:<\/b><b>\u00a0<\/b><\/p>\n<ul>\n<li>2 fotografies. (Posar nom, cognoms i data actual al darrere de cada foto).<\/li>\n<li>Fotoc\u00f2pia de la TIS (Targeta Sanit\u00e0ria).<\/li>\n<li>Fotoc\u00f2pia DNI pare, mare o tutors legals i alumne.<\/li>\n<li>Imprimir, complimentar i lliurar a secretaria els seg\u00fcents documents:<\/li>\n<\/ul>\n<ol>\n<li><a href=\"https:\/\/drive.google.com\/file\/d\/1R2wWHvkTOvwWRkECSCpX2uOcY3sXodS0\/view?usp=sharing\" target=\"_blank\" rel=\"noopener noreferrer\">Full de drets d\u2019imatge centre.<\/a><\/li>\n<li><a href=\"https:\/\/drive.google.com\/file\/d\/1oHo2Gw6j9qwfORXphltuNoygwQOoNIcQ\/view?usp=sharing\" target=\"_blank\" rel=\"noopener noreferrer\">Full d\u2019autoritzaci\u00f3 de cessi\u00f3 de dades personals: AMPA i\/o a l\u2019Associaci\u00f3 Esportiva.<\/a><\/li>\n<li><a href=\"https:\/\/drive.google.com\/file\/d\/1Jgu7IWzn6W1HwHpD43sC8RjKGyVXQfXS\/view?usp=sharing\" target=\"_blank\" rel=\"noopener noreferrer\">Full informatiu de serveis i recursos digitals.<\/a><\/li>\n<li><a href=\"https:\/\/drive.google.com\/file\/d\/1_PZ_643dBkMqeN1h540lE_hoU5xFytBk\/view?usp=sharing\" target=\"_blank\" rel=\"noopener noreferrer\">Carta de comprom\u00eds.<\/a><\/li>\n<li><a href=\"https:\/\/drive.google.com\/file\/d\/1uSVGAkXGsy-ApJiZfWBlLgjgRSu9BTfc\/view?usp=sharing\" target=\"_blank\" rel=\"noopener noreferrer\">Rebut pagament quota material i AMPA.<\/a><\/li>\n<li><a href=\"https:\/\/drive.google.com\/file\/d\/1oHo2Gw6j9qwfORXphltuNoygwQOoNIcQ\/view?usp=sharing\" target=\"_blank\" rel=\"noopener noreferrer\">Autoritzaci\u00f3 drets d\u2019imatge AMPA.<\/a><\/li>\n<li>Document acreditatiu d&#8217;estudis: original i fotoc\u00f2pia del resguard del t\u00edtol de Graduat en Secund\u00e0ria<\/li>\n<\/ol>\n","protected":false},"excerpt":{"rendered":"<p><a href=\"https:\/\/agora.xtec.cat\/iesventuragassol\/wp-content\/uploads\/usu1243\/2021\/02\/banner-verd-preins-web-centres.png\"><\/a><br \/>\n<a href=\"https:\/\/preinscripcio.gencat.cat\/ca\/estudis\/eso\/informat\/calendari\/\" target=\"_blank\" rel=\"noopener noreferrer\">Calendari de preinscripci\u00f3 i terminis ESO<\/a><br \/>\n<a href=\"https:\/\/preinscripcio.gencat.cat\/ca\/estudis\/batxillerat\/informat\/calendari\/\" target=\"_blank\" rel=\"noopener noreferrer\">Calendari de preinscripci\u00f3 i terminis Batxillerat<\/a><br \/>\n5\u00e8 termini Batxillerat [9 de juliol de 2021]:\u00a0Alumnes assignats al centre amb indicaci\u00f3 de la primera petici\u00f3 a 09\/07\/2021<\/p>\n<ul>\n<li><a href=\"https:\/\/drive.google.com\/file\/d\/1cWL3v0cdqemDmARFanXlQ_W7VEeYArzV\/view?usp=sharing\" target=\"_blank\" rel=\"noopener noreferrer\">Llistat de sol\u00b7licituds definitiva&hellip;  <a href=\"https:\/\/agora.xtec.cat\/iesventuragassol\/general\/matricula-batxillerat\/\" title=\"Read Matr\u00edcula Batxillerat\">Llegeix m\u00e9s\u00bb<\/a><br \/>\n","protected":false},"author":1,"featured_media":0,"comment_status":"open","ping_status":"closed","sticky":false,"template":"","format":"standard","meta":{"_bbp_topic_count":0,"_bbp_reply_count":0,"_bbp_total_topic_count":0,"_bbp_total_reply_count":0,"_bbp_voice_count":0,"_bbp_anonymous_reply_count":0,"_bbp_topic_count_hidden":0,"_bbp_reply_count_hidden":0,"_bbp_forum_subforum_count":0,"footnotes":""},"categories":[1],"tags":[],"class_list":["post-2543","post","type-post","status-publish","format-standard","hentry","category-general"],"post_mailing_queue_ids":[],"_links":{"self":[{"href":"https:\/\/agora.xtec.cat\/iesventuragassol\/wp-json\/wp\/v2\/posts\/2543","targetHints":{"allow":["GET"]}}],"collection":[{"href":"https:\/\/agora.xtec.cat\/iesventuragassol\/wp-json\/wp\/v2\/posts"}],"about":[{"href":"https:\/\/agora.xtec.cat\/iesventuragassol\/wp-json\/wp\/v2\/types\/post"}],"author":[{"embeddable":true,"href":"https:\/\/agora.xtec.cat\/iesventuragassol\/wp-json\/wp\/v2\/users\/1"}],"replies":[{"embeddable":true,"href":"https:\/\/agora.xtec.cat\/iesventuragassol\/wp-json\/wp\/v2\/comments?post=2543"}],"version-history":[{"count":1,"href":"https:\/\/agora.xtec.cat\/iesventuragassol\/wp-json\/wp\/v2\/posts\/2543\/revisions"}],"predecessor-version":[{"id":2544,"href":"https:\/\/agora.xtec.cat\/iesventuragassol\/wp-json\/wp\/v2\/posts\/2543\/revisions\/2544"}],"wp:attachment":[{"href":"https:\/\/agora.xtec.cat\/iesventuragassol\/wp-json\/wp\/v2\/media?parent=2543"}],"wp:term":[{"taxonomy":"category","embeddable":true,"href":"https:\/\/agora.xtec.cat\/iesventuragassol\/wp-json\/wp\/v2\/categories?post=2543"},{"taxonomy":"post_tag","embeddable":true,"href":"https:\/\/agora.xtec.cat\/iesventuragassol\/wp-json\/wp\/v2\/tags?post=2543"}],"curies":[{"name":"wp","href":"https:\/\/api.w.org\/{rel}","templated":true}]}}