{"id":2259,"date":"2020-07-07T10:49:54","date_gmt":"2020-07-07T08:49:54","guid":{"rendered":"http:\/\/agora.xtec.cat\/iesventuragassol\/?p=2259"},"modified":"2020-07-07T13:13:50","modified_gmt":"2020-07-07T11:13:50","slug":"proces-matricula-eso-2020-21-llistats-informatius","status":"publish","type":"post","link":"https:\/\/agora.xtec.cat\/iesventuragassol\/general\/proces-matricula-eso-2020-21-llistats-informatius\/","title":{"rendered":"Llistats informatius sobre el proc\u00e9s de preinscripci\u00f3 i matr\u00edcula ESO [2020-21]"},"content":{"rendered":"<p><a href=\"https:\/\/agora.xtec.cat\/iesventuragassol\/wp-content\/uploads\/usu1243\/2020\/07\/23308815-little-man-is-looking-for-information-isolated-white-background.jpg\"><img loading=\"lazy\" decoding=\"async\" class=\"alignright wp-image-2261 size-medium\" src=\"https:\/\/agora.xtec.cat\/iesventuragassol\/wp-content\/uploads\/usu1243\/2020\/07\/23308815-little-man-is-looking-for-information-isolated-white-background-259x300.jpg\" alt=\"\" width=\"259\" height=\"300\" srcset=\"https:\/\/agora.xtec.cat\/iesventuragassol\/wp-content\/uploads\/usu1243\/2020\/07\/23308815-little-man-is-looking-for-information-isolated-white-background-259x300.jpg 259w, https:\/\/agora.xtec.cat\/iesventuragassol\/wp-content\/uploads\/usu1243\/2020\/07\/23308815-little-man-is-looking-for-information-isolated-white-background.jpg 389w\" sizes=\"auto, (max-width: 259px) 100vw, 259px\" \/><\/a>\u200bEs dona publicitat als <strong>llistats informatius sobre oferta de places, preinscripci\u00f3 alumnat, assignaci\u00f3 de places i llista d&#8217;espera del proc\u00e9s de preinscripci\u00f3 i matr\u00edcula de l&#8217;etapa ESO per al curs 2020-21.<\/strong><\/p>\n<p>Podeu consultar i descarregar els documents si us cal tenir a m\u00e0 tota la informaci\u00f3.<\/p>\n<table>\n<tbody>\n<tr>\n<td style=\"background-color: #0eab16;\" colspan=\"2\">\n<h3><span style=\"color: #ffffff;\"><strong>LLISTATS INFORMATIUS<\/strong><\/span><\/h3>\n<h3><span style=\"color: #ffffff;\"><strong>PREINSCRIPCI\u00d3 I MATR\u00cdCULA: ESO [2020-21]<\/strong><\/span><\/h3>\n<\/td>\n<\/tr>\n<tr>\n<td style=\"width: 410px; background-color: #5bde40;\">\n<ul>\n<li>\n<h4><span style=\"color: #ffffff;\">Oferta definitiva de places<\/span><\/h4>\n<\/li>\n<\/ul>\n<\/td>\n<td style=\"width: 120px;\"><a href=\"https:\/\/drive.google.com\/file\/d\/1lliMwZ4Bd_evRiFCKdAhGODzZQ_0WisI\/view?usp=sharing\" target=\"_blank\" rel=\"noopener noreferrer\"><img loading=\"lazy\" decoding=\"async\" class=\"aligncenter wp-image-1915 size-thumbnail\" src=\"https:\/\/agora.xtec.cat\/iesventuragassol\/wp-content\/uploads\/usu1243\/2020\/04\/info-150x150.png\" alt=\"\" width=\"150\" height=\"150\" srcset=\"https:\/\/agora.xtec.cat\/iesventuragassol\/wp-content\/uploads\/usu1243\/2020\/04\/info-150x150.png 150w, https:\/\/agora.xtec.cat\/iesventuragassol\/wp-content\/uploads\/usu1243\/2020\/04\/info-300x300.png 300w, https:\/\/agora.xtec.cat\/iesventuragassol\/wp-content\/uploads\/usu1243\/2020\/04\/info.png 512w\" sizes=\"auto, (max-width: 150px) 100vw, 150px\" \/><\/a><\/td>\n<\/tr>\n<tr>\n<td style=\"width: 410px; background-color: #5bde40;\">\n<ul>\n<li>\n<h4><span style=\"color: #ffffff;\">Alumnes preinscrits al centre<\/span><\/h4>\n<\/li>\n<\/ul>\n<\/td>\n<td style=\"width: 120px;\"><a href=\"https:\/\/drive.google.com\/file\/d\/1FNOhZ6DgP8t2nnoisrd4WxstjPfmK6B0\/view?usp=sharing\" target=\"_blank\" rel=\"noopener noreferrer\"><img loading=\"lazy\" decoding=\"async\" class=\"aligncenter size-thumbnail wp-image-1915\" src=\"https:\/\/agora.xtec.cat\/iesventuragassol\/wp-content\/uploads\/usu1243\/2020\/04\/info-150x150.png\" alt=\"\" width=\"150\" height=\"150\" srcset=\"https:\/\/agora.xtec.cat\/iesventuragassol\/wp-content\/uploads\/usu1243\/2020\/04\/info-150x150.png 150w, https:\/\/agora.xtec.cat\/iesventuragassol\/wp-content\/uploads\/usu1243\/2020\/04\/info-300x300.png 300w, https:\/\/agora.xtec.cat\/iesventuragassol\/wp-content\/uploads\/usu1243\/2020\/04\/info.png 512w\" sizes=\"auto, (max-width: 150px) 100vw, 150px\" \/><\/a><\/td>\n<\/tr>\n<tr>\n<td style=\"width: 410px; background-color: #5bde40;\">\n<ul>\n<li>\n<h4><span style=\"color: #ffffff;\">Alumnes assignats al centre amb indicaci\u00f3 de la primera petici\u00f3<\/span><\/h4>\n<\/li>\n<\/ul>\n<\/td>\n<td style=\"width: 120px;\"><a href=\"https:\/\/drive.google.com\/file\/d\/1yH8Gh9HdzMma89caWowh4JQRmLmoTLix\/view?usp=sharing\" target=\"_blank\" rel=\"noopener noreferrer\"><img loading=\"lazy\" decoding=\"async\" class=\"aligncenter size-thumbnail wp-image-1915\" src=\"https:\/\/agora.xtec.cat\/iesventuragassol\/wp-content\/uploads\/usu1243\/2020\/04\/info-150x150.png\" alt=\"\" width=\"150\" height=\"150\" srcset=\"https:\/\/agora.xtec.cat\/iesventuragassol\/wp-content\/uploads\/usu1243\/2020\/04\/info-150x150.png 150w, https:\/\/agora.xtec.cat\/iesventuragassol\/wp-content\/uploads\/usu1243\/2020\/04\/info-300x300.png 300w, https:\/\/agora.xtec.cat\/iesventuragassol\/wp-content\/uploads\/usu1243\/2020\/04\/info.png 512w\" sizes=\"auto, (max-width: 150px) 100vw, 150px\" \/><\/a><\/td>\n<\/tr>\n<tr>\n<td style=\"width: 410px; background-color: #5bde40;\">\n<ul>\n<li>\n<h4><span style=\"color: #ffffff;\">Llista d&#8217;espera del centre<\/span><\/h4>\n<\/li>\n<\/ul>\n<\/td>\n<td style=\"width: 120px;\"><a href=\"https:\/\/drive.google.com\/file\/d\/1wNfKkxrifcSW4gk7EIX2RzQyu0rq_vVB\/view?usp=sharing\" target=\"_blank\" rel=\"noopener noreferrer\"><img loading=\"lazy\" decoding=\"async\" class=\"aligncenter size-thumbnail wp-image-1915\" src=\"https:\/\/agora.xtec.cat\/iesventuragassol\/wp-content\/uploads\/usu1243\/2020\/04\/info-150x150.png\" alt=\"\" width=\"150\" height=\"150\" srcset=\"https:\/\/agora.xtec.cat\/iesventuragassol\/wp-content\/uploads\/usu1243\/2020\/04\/info-150x150.png 150w, https:\/\/agora.xtec.cat\/iesventuragassol\/wp-content\/uploads\/usu1243\/2020\/04\/info-300x300.png 300w, https:\/\/agora.xtec.cat\/iesventuragassol\/wp-content\/uploads\/usu1243\/2020\/04\/info.png 512w\" sizes=\"auto, (max-width: 150px) 100vw, 150px\" \/><\/a><\/td>\n<\/tr>\n<\/tbody>\n<\/table>\n","protected":false},"excerpt":{"rendered":"<p><a href=\"https:\/\/agora.xtec.cat\/iesventuragassol\/wp-content\/uploads\/usu1243\/2020\/07\/23308815-little-man-is-looking-for-information-isolated-white-background.jpg\"><\/a>\u200bEs dona publicitat als llistats informatius sobre oferta de places, preinscripci\u00f3 alumnat, assignaci\u00f3 de places i llista d&#8217;espera del proc\u00e9s de preinscripci\u00f3 i matr\u00edcula de l&#8217;etapa ESO per al curs 2020-21.<br \/>\nPodeu consultar i descarregar els documents si us cal tenir a m\u00e0 tota la&hellip;  <a href=\"https:\/\/agora.xtec.cat\/iesventuragassol\/general\/proces-matricula-eso-2020-21-llistats-informatius\/\" title=\"Read Llistats informatius sobre el proc\u00e9s de preinscripci\u00f3 i matr\u00edcula ESO [2020-21]\">Llegeix m\u00e9s\u00bb<\/a><\/p>\n","protected":false},"author":1,"featured_media":2261,"comment_status":"closed","ping_status":"closed","sticky":false,"template":"","format":"standard","meta":{"_bbp_topic_count":0,"_bbp_reply_count":0,"_bbp_total_topic_count":0,"_bbp_total_reply_count":0,"_bbp_voice_count":0,"_bbp_anonymous_reply_count":0,"_bbp_topic_count_hidden":0,"_bbp_reply_count_hidden":0,"_bbp_forum_subforum_count":0,"footnotes":""},"categories":[31,1,29,88],"tags":[189,170,164,169,87,171,199,184],"class_list":["post-2259","post","type-post","status-publish","format-standard","has-post-thumbnail","hentry","category-ampa","category-general","category-portada","category-secretaria","tag-2019-20","tag-comunicats-oficials","tag-comunitat-esducativa-acollida-informacio-families","tag-dept-educacio","tag-eso","tag-informacio-families","tag-matricula","tag-preinscripcio"],"post_mailing_queue_ids":[],"_links":{"self":[{"href":"https:\/\/agora.xtec.cat\/iesventuragassol\/wp-json\/wp\/v2\/posts\/2259","targetHints":{"allow":["GET"]}}],"collection":[{"href":"https:\/\/agora.xtec.cat\/iesventuragassol\/wp-json\/wp\/v2\/posts"}],"about":[{"href":"https:\/\/agora.xtec.cat\/iesventuragassol\/wp-json\/wp\/v2\/types\/post"}],"author":[{"embeddable":true,"href":"https:\/\/agora.xtec.cat\/iesventuragassol\/wp-json\/wp\/v2\/users\/1"}],"replies":[{"embeddable":true,"href":"https:\/\/agora.xtec.cat\/iesventuragassol\/wp-json\/wp\/v2\/comments?post=2259"}],"version-history":[{"count":4,"href":"https:\/\/agora.xtec.cat\/iesventuragassol\/wp-json\/wp\/v2\/posts\/2259\/revisions"}],"predecessor-version":[{"id":2288,"href":"https:\/\/agora.xtec.cat\/iesventuragassol\/wp-json\/wp\/v2\/posts\/2259\/revisions\/2288"}],"wp:featuredmedia":[{"embeddable":true,"href":"https:\/\/agora.xtec.cat\/iesventuragassol\/wp-json\/wp\/v2\/media\/2261"}],"wp:attachment":[{"href":"https:\/\/agora.xtec.cat\/iesventuragassol\/wp-json\/wp\/v2\/media?parent=2259"}],"wp:term":[{"taxonomy":"category","embeddable":true,"href":"https:\/\/agora.xtec.cat\/iesventuragassol\/wp-json\/wp\/v2\/categories?post=2259"},{"taxonomy":"post_tag","embeddable":true,"href":"https:\/\/agora.xtec.cat\/iesventuragassol\/wp-json\/wp\/v2\/tags?post=2259"}],"curies":[{"name":"wp","href":"https:\/\/api.w.org\/{rel}","templated":true}]}}