{"id":2145,"date":"2020-06-05T16:25:06","date_gmt":"2020-06-05T14:25:06","guid":{"rendered":"http:\/\/agora.xtec.cat\/iesventuragassol\/?p=2145"},"modified":"2020-06-21T09:20:08","modified_gmt":"2020-06-21T07:20:08","slug":"protocol-obertura-del-centre-desescalada-fase-2","status":"publish","type":"post","link":"https:\/\/agora.xtec.cat\/iesventuragassol\/general\/protocol-obertura-del-centre-desescalada-fase-2\/","title":{"rendered":"PROTOCOL OBERTURA DEL CENTRE: DESESCALADA [fase 2]"},"content":{"rendered":"<p style=\"text-align: left;\"><a href=\"https:\/\/agora.xtec.cat\/iesventuragassol\/wp-content\/uploads\/usu1243\/2020\/06\/DEF_a8046751_PROTOCOL_OBERTURA_FASE2_INSTITUT_VENTURA_GASSOL.pdf\" target=\"_blank\" rel=\"noopener noreferrer\"><img loading=\"lazy\" decoding=\"async\" class=\"size-medium wp-image-2151 alignright\" src=\"https:\/\/agora.xtec.cat\/iesventuragassol\/wp-content\/uploads\/usu1243\/2020\/06\/PLA-DOBERTURA-DE-CENTRES-PROC\u00c9S-DESESCALADA_-FASE-2-2-212x300.png\" alt=\"\" width=\"212\" height=\"300\" \/><\/a>Us informem i publicitem el <strong><span style=\"color: #008000;\"><a href=\"https:\/\/agora.xtec.cat\/iesventuragassol\/wp-content\/uploads\/usu1243\/2020\/06\/DEF_a8046751_PROTOCOL_OBERTURA_FASE2_INSTITUT_VENTURA_GASSOL.pdf\" target=\"_blank\" rel=\"noopener noreferrer\">PROTOCOL D&#8217;OBERTURA DE L&#8217;INSTITUT<\/a> <\/span><\/strong><span style=\"color: #000000;\">d&#8217;acord <\/span>amb el <strong><a href=\"https:\/\/govern.cat\/govern\/docs\/2020\/05\/20\/16\/17\/9aabf9a9-b361-4ddb-97ed-d0af3f18a794.pdf\" target=\"_blank\" rel=\"noopener noreferrer\">Pla d\u2019obertura de centres educatius en fase 2<\/a> de desescalada<\/strong> <strong>establert pel Departament d&#8217;Educaci\u00f3<\/strong> de cara a la <strong>finalitzaci\u00f3 del curs 2019-2020<\/strong>.<\/p>\n<p style=\"text-align: left;\"><strong>Aquest pla entrar\u00e0 en vigor a partir del dia 8 de juny <\/strong>i els seus objectius principals s\u00f3n <strong>oferir el suport lectiu i l\u2019orientaci\u00f3 amb car\u00e0cter voluntari, en relaci\u00f3 amb l&#8217;alumnat,<\/strong> fent especial \u00e8mfasi en els finals d\u2019etapa educativa, especialment 2n de Batxillerat i en l\u2019acompanyament tutorial i emocional als i a les alumnes que el requereixin. Una actuaci\u00f3 que en tots els casos es fa garantint les condicions de salut de tota la comunitat educativa, d\u2019acord amb les exig\u00e8ncies de l\u2019autoritat sanit\u00e0ria.<\/p>\n<p><strong>L&#8217;aplicaci\u00f3 d&#8217;aquest protocol organitzatiu defineix una excepcionalitat. Per tant no implica en cap cas la suspensi\u00f3 de la doc\u00e8ncia telem\u00e0tica, ja que trencaria la din\u00e0mica i la programaci\u00f3 docent que ja est\u00e0 duent a terme al nostre centre.<\/strong><\/p>\n<p><strong>Per \u00faltim us informem que el curs acabar\u00e0 el 19 de juny.\u00a0<\/strong><\/p>\n<table>\n<tbody>\n<tr style=\"height: 49px;\">\n<td style=\"width: 819px; background-color: #5bde40; height: 49px;\" colspan=\"2\">\n<h5><span style=\"color: #ffffff;\"><strong>PROTOCOL OBERTURA FASE 2 DESESCALADA [INS VENTURA GASSOL]<\/strong><\/span><\/h5>\n<\/td>\n<\/tr>\n<tr style=\"height: 180px;\">\n<td style=\"height: 180px; width: 543px;\">\n<h4><a href=\"https:\/\/agora.xtec.cat\/iesventuragassol\/wp-content\/uploads\/usu1243\/2020\/06\/DEF_a8046751_PROTOCOL_OBERTURA_FASE2_INSTITUT_VENTURA_GASSOL.pdf\" target=\"_blank\" rel=\"noopener noreferrer\"><span style=\"color: #008000;\">PROTOCOL OBERTURA INSTITUT VENTURA GASSOL [fase 2 desescalada]<\/span><\/a><\/h4>\n<\/td>\n<td style=\"height: 180px; width: 274px;\">\n<h4 style=\"text-align: center;\"><a href=\"https:\/\/agora.xtec.cat\/iesventuragassol\/wp-content\/uploads\/usu1243\/2020\/06\/DEF_a8046751_PROTOCOL_OBERTURA_FASE2_INSTITUT_VENTURA_GASSOL.pdf\" target=\"_blank\" rel=\"noopener noreferrer\"><strong><span style=\"color: #ffffff;\"><img loading=\"lazy\" decoding=\"async\" class=\"aligncenter size-thumbnail wp-image-1915\" src=\"https:\/\/agora.xtec.cat\/iesventuragassol\/wp-content\/uploads\/usu1243\/2020\/04\/info-150x150.png\" alt=\"\" width=\"150\" height=\"150\" srcset=\"https:\/\/agora.xtec.cat\/iesventuragassol\/wp-content\/uploads\/usu1243\/2020\/04\/info-150x150.png 150w, https:\/\/agora.xtec.cat\/iesventuragassol\/wp-content\/uploads\/usu1243\/2020\/04\/info-300x300.png 300w, https:\/\/agora.xtec.cat\/iesventuragassol\/wp-content\/uploads\/usu1243\/2020\/04\/info.png 512w\" sizes=\"auto, (max-width: 150px) 100vw, 150px\" \/><\/span><\/strong><\/a><\/h4>\n<\/td>\n<\/tr>\n<\/tbody>\n<\/table>\n<p>&nbsp;<\/p>\n<p>&nbsp;<\/p>\n","protected":false},"excerpt":{"rendered":"<p><a href=\"https:\/\/agora.xtec.cat\/iesventuragassol\/wp-content\/uploads\/usu1243\/2020\/06\/DEF_a8046751_PROTOCOL_OBERTURA_FASE2_INSTITUT_VENTURA_GASSOL.pdf\" target=\"_blank\" rel=\"noopener noreferrer\"><\/a>Us informem i publicitem el <a href=\"https:\/\/agora.xtec.cat\/iesventuragassol\/wp-content\/uploads\/usu1243\/2020\/06\/DEF_a8046751_PROTOCOL_OBERTURA_FASE2_INSTITUT_VENTURA_GASSOL.pdf\" target=\"_blank\" rel=\"noopener noreferrer\">PROTOCOL D&#8217;OBERTURA DE L&#8217;INSTITUT<\/a> d&#8217;acord amb el <a href=\"https:\/\/govern.cat\/govern\/docs\/2020\/05\/20\/16\/17\/9aabf9a9-b361-4ddb-97ed-d0af3f18a794.pdf\" target=\"_blank\" rel=\"noopener noreferrer\">Pla d\u2019obertura de centres educatius en fase 2<\/a> de desescalada establert pel Departament d&#8217;Educaci\u00f3 de cara a la finalitzaci\u00f3 del curs&hellip;  <a href=\"https:\/\/agora.xtec.cat\/iesventuragassol\/general\/protocol-obertura-del-centre-desescalada-fase-2\/\" title=\"Read PROTOCOL OBERTURA DEL CENTRE: DESESCALADA [fase 2]\">Llegeix m\u00e9s\u00bb<\/a><\/p>\n","protected":false},"author":1,"featured_media":2151,"comment_status":"closed","ping_status":"closed","sticky":false,"template":"","format":"standard","meta":{"_bbp_topic_count":0,"_bbp_reply_count":0,"_bbp_total_topic_count":0,"_bbp_total_reply_count":0,"_bbp_voice_count":0,"_bbp_anonymous_reply_count":0,"_bbp_topic_count_hidden":0,"_bbp_reply_count_hidden":0,"_bbp_forum_subforum_count":0,"footnotes":""},"categories":[1,29],"tags":[189,172,168,170,164,166,169,187,87,171,165,45],"class_list":["post-2145","post","type-post","status-publish","format-standard","has-post-thumbnail","hentry","category-general","category-portada","tag-2019-20","tag-alumnat","tag-batxillerat","tag-comunicats-oficials","tag-comunitat-esducativa-acollida-informacio-families","tag-covid-19","tag-dept-educacio","tag-desescalada","tag-eso","tag-informacio-families","tag-pandemia","tag-salut"],"post_mailing_queue_ids":[],"_links":{"self":[{"href":"https:\/\/agora.xtec.cat\/iesventuragassol\/wp-json\/wp\/v2\/posts\/2145","targetHints":{"allow":["GET"]}}],"collection":[{"href":"https:\/\/agora.xtec.cat\/iesventuragassol\/wp-json\/wp\/v2\/posts"}],"about":[{"href":"https:\/\/agora.xtec.cat\/iesventuragassol\/wp-json\/wp\/v2\/types\/post"}],"author":[{"embeddable":true,"href":"https:\/\/agora.xtec.cat\/iesventuragassol\/wp-json\/wp\/v2\/users\/1"}],"replies":[{"embeddable":true,"href":"https:\/\/agora.xtec.cat\/iesventuragassol\/wp-json\/wp\/v2\/comments?post=2145"}],"version-history":[{"count":3,"href":"https:\/\/agora.xtec.cat\/iesventuragassol\/wp-json\/wp\/v2\/posts\/2145\/revisions"}],"predecessor-version":[{"id":2161,"href":"https:\/\/agora.xtec.cat\/iesventuragassol\/wp-json\/wp\/v2\/posts\/2145\/revisions\/2161"}],"wp:featuredmedia":[{"embeddable":true,"href":"https:\/\/agora.xtec.cat\/iesventuragassol\/wp-json\/wp\/v2\/media\/2151"}],"wp:attachment":[{"href":"https:\/\/agora.xtec.cat\/iesventuragassol\/wp-json\/wp\/v2\/media?parent=2145"}],"wp:term":[{"taxonomy":"category","embeddable":true,"href":"https:\/\/agora.xtec.cat\/iesventuragassol\/wp-json\/wp\/v2\/categories?post=2145"},{"taxonomy":"post_tag","embeddable":true,"href":"https:\/\/agora.xtec.cat\/iesventuragassol\/wp-json\/wp\/v2\/tags?post=2145"}],"curies":[{"name":"wp","href":"https:\/\/api.w.org\/{rel}","templated":true}]}}