{"id":2134,"date":"2020-06-02T11:14:07","date_gmt":"2020-06-02T09:14:07","guid":{"rendered":"http:\/\/agora.xtec.cat\/iesventuragassol\/?p=2134"},"modified":"2020-06-21T09:20:20","modified_gmt":"2020-06-21T07:20:20","slug":"preinscripcio-eso-2020-21-llistat-de-sollicituds-amb-baremacio","status":"publish","type":"post","link":"https:\/\/agora.xtec.cat\/iesventuragassol\/general\/preinscripcio-eso-2020-21-llistat-de-sollicituds-amb-baremacio\/","title":{"rendered":"PREINSCRIPCI\u00d3 ESO [2020-21]: llistat de sol\u00b7licituds amb baremaci\u00f3"},"content":{"rendered":"<p><strong>Es publiciten les llistes de les sol\u00b7licituds de preinscripci\u00f3 amb la informaci\u00f3 sobre la puntuaci\u00f3 que ha rebut cada sol\u00b7licitud en aplicar-hi el barem.<\/strong><\/p>\n<p><span style=\"color: #008000;\"><strong>Si la sol\u00b7licitud no s&#8217;ha puntuat correctament o hi ha alguna errada en les dades es pot presentar una reclamaci\u00f3 a la b\u00fastia electr\u00f2nica oficial del centre per correu electr\u00f2nic: <span style=\"color: #ff0000;\"><em>a8046751@xtec.cat<\/em><\/span><\/strong><\/span><\/p>\n<p><span style=\"color: #008000;\"><strong>El centre respondr\u00e0 al correu com a justificant de recepci\u00f3 de la reclamaci\u00f3.<\/strong><\/span><\/p>\n<p>De manera puntual, es podr\u00e0 demanar cita pr\u00e8via al centre a trav\u00e9s de l&#8217;eina corporativa o per tel\u00e8fon per anar a fer el tr\u00e0mit presencialment.<\/p>\n<p>Un cop resoltes les reclamacions, les llistes es tornen a publicar amb la puntuaci\u00f3 de cadascuna i el n\u00famero aleatori assignat a cada sol\u00b7licitud (serveix per a l&#8217;ordenaci\u00f3 en cas d&#8217;empat).<\/p>\n<table>\n<tbody>\n<tr style=\"height: 49px;\">\n<td style=\"width: 819px; background-color: #5bde40; height: 49px;\" colspan=\"2\">\n<h5><span style=\"color: #ffffff;\"><strong>PUBLICACI\u00d3 DE LES SOL\u00b7LICITUDS DE PREINSCRICI\u00d3 ESO: LLISTATS AMB LA BAREMACI\u00d3<\/strong><\/span><\/h5>\n<\/td>\n<\/tr>\n<tr style=\"height: 77px;\">\n<td style=\"width: 819px; height: 77px;\" colspan=\"2\"><strong>D&#8217;acord amb la normativa de protecci\u00f3 de dades, es presenten anonimitzades.<\/strong><\/p>\n<p><strong>En aquest sentit, el codi de preinscripci\u00f3 tindr\u00e0 el format PRE20-21XXXXX i els 3 darrers n\u00fameros del codi de la sol\u00b7licitud (exemple PRE20-21XXXXX323). Pel que fa al nom i cognoms, estar\u00e0 format per les dues primeres inicials del nom, i les del primer i el segon cognom (exemple SuRoPo).<\/strong><\/td>\n<\/tr>\n<tr style=\"height: 180px;\">\n<td style=\"height: 180px; width: 543px;\">\n<h4><a href=\"https:\/\/agora.xtec.cat\/iesventuragassol\/wp-content\/uploads\/usu1243\/2020\/06\/INFORME_BAREM_PROVISIONAL_BAREM-20_21.pdf\" target=\"_blank\" rel=\"noopener noreferrer\"><span style=\"color: #008000;\">PREINSCRIPCI\u00d3 20-21 [ESO]: llistat de sol\u00b7licituds amb baremaci\u00f3.<\/span><\/a><\/h4>\n<\/td>\n<td style=\"height: 180px; width: 274px;\">\n<h4 style=\"text-align: center;\"><a href=\"https:\/\/agora.xtec.cat\/iesventuragassol\/wp-content\/uploads\/usu1243\/2020\/06\/INFORME_BAREM_PROVISIONAL_BAREM-20_21.pdf\" target=\"_blank\" rel=\"noopener noreferrer\"><strong><span style=\"color: #ffffff;\"><img loading=\"lazy\" decoding=\"async\" class=\"aligncenter size-thumbnail wp-image-1915\" src=\"https:\/\/agora.xtec.cat\/iesventuragassol\/wp-content\/uploads\/usu1243\/2020\/04\/info-150x150.png\" alt=\"\" width=\"150\" height=\"150\" srcset=\"https:\/\/agora.xtec.cat\/iesventuragassol\/wp-content\/uploads\/usu1243\/2020\/04\/info-150x150.png 150w, https:\/\/agora.xtec.cat\/iesventuragassol\/wp-content\/uploads\/usu1243\/2020\/04\/info-300x300.png 300w, https:\/\/agora.xtec.cat\/iesventuragassol\/wp-content\/uploads\/usu1243\/2020\/04\/info.png 512w\" sizes=\"auto, (max-width: 150px) 100vw, 150px\" \/><\/span><\/strong><\/a><\/h4>\n<\/td>\n<\/tr>\n<tr>\n<td style=\"width: 543px;\"><strong>Tamb\u00e9 podeu consultar els resultats des d&#8217;<a href=\"https:\/\/aplicacions.gestioeducativa.gencat.cat\/pls\/apex\/f?p=2011025:LOGIN:404766087152739:::::\" target=\"_blank\" rel=\"noopener noreferrer\">aquest enlla\u00e7<\/a>; per fer-ho es necessita:<\/strong><\/p>\n<ul>\n<li><strong>El codi de la sol\u00b7licitud<\/strong>. Quan es pugui fer la consulta rebreu un missatge amb aquest codi a l&#8217;adre\u00e7a electr\u00f2nica que s&#8217;ha indicat a la sol\u00b7licitud (si no rebeu el missatge, mireu el correu brossa).<\/li>\n<li><strong>El n\u00famero del document d&#8217;identificaci\u00f3 personal<\/strong> (DNI, NIE o passaport) del tutor o tutora que s&#8217;ha indicat a la sol\u00b7licitud com a referent per fer les consultes.<\/li>\n<\/ul>\n<\/td>\n<td style=\"width: 274px;\">\n<h4 style=\"text-align: center;\"><a href=\"https:\/\/aplicacions.gestioeducativa.gencat.cat\/pls\/apex\/f?p=2011025:LOGIN:404766087152739:::::\" target=\"_blank\" rel=\"noopener noreferrer\"><strong><span style=\"color: #ffffff;\"><img loading=\"lazy\" decoding=\"async\" class=\"aligncenter size-thumbnail wp-image-1915\" src=\"https:\/\/agora.xtec.cat\/iesventuragassol\/wp-content\/uploads\/usu1243\/2020\/04\/info-150x150.png\" alt=\"\" width=\"150\" height=\"150\" srcset=\"https:\/\/agora.xtec.cat\/iesventuragassol\/wp-content\/uploads\/usu1243\/2020\/04\/info-150x150.png 150w, https:\/\/agora.xtec.cat\/iesventuragassol\/wp-content\/uploads\/usu1243\/2020\/04\/info-300x300.png 300w, https:\/\/agora.xtec.cat\/iesventuragassol\/wp-content\/uploads\/usu1243\/2020\/04\/info.png 512w\" sizes=\"auto, (max-width: 150px) 100vw, 150px\" \/><\/span><\/strong><\/a><\/h4>\n<h4 style=\"text-align: center;\"><strong><span style=\"color: #ffffff;\">\u00a0<\/span><\/strong><\/h4>\n<\/td>\n<\/tr>\n<\/tbody>\n<\/table>\n<p>&nbsp;<\/p>\n","protected":false},"excerpt":{"rendered":"<p>Es publiciten les llistes de les sol\u00b7licituds de preinscripci\u00f3 amb la informaci\u00f3 sobre la puntuaci\u00f3 que ha rebut cada sol\u00b7licitud en aplicar-hi el barem.<br \/>\nSi la sol\u00b7licitud no s&#8217;ha puntuat correctament o hi ha alguna errada en les dades es pot presentar una reclamaci\u00f3 a la&hellip;  <a href=\"https:\/\/agora.xtec.cat\/iesventuragassol\/general\/preinscripcio-eso-2020-21-llistat-de-sollicituds-amb-baremacio\/\" title=\"Read PREINSCRIPCI\u00d3 ESO [2020-21]: llistat de sol\u00b7licituds amb baremaci\u00f3\">Llegeix m\u00e9s\u00bb<\/a><\/p>\n","protected":false},"author":1,"featured_media":2138,"comment_status":"closed","ping_status":"closed","sticky":false,"template":"","format":"standard","meta":{"_bbp_topic_count":0,"_bbp_reply_count":0,"_bbp_total_topic_count":0,"_bbp_total_reply_count":0,"_bbp_voice_count":0,"_bbp_anonymous_reply_count":0,"_bbp_topic_count_hidden":0,"_bbp_reply_count_hidden":0,"_bbp_forum_subforum_count":0,"footnotes":""},"categories":[31,1,29,88],"tags":[189,170,164,169,87,171,184],"class_list":["post-2134","post","type-post","status-publish","format-standard","has-post-thumbnail","hentry","category-ampa","category-general","category-portada","category-secretaria","tag-2019-20","tag-comunicats-oficials","tag-comunitat-esducativa-acollida-informacio-families","tag-dept-educacio","tag-eso","tag-informacio-families","tag-preinscripcio"],"post_mailing_queue_ids":[],"_links":{"self":[{"href":"https:\/\/agora.xtec.cat\/iesventuragassol\/wp-json\/wp\/v2\/posts\/2134","targetHints":{"allow":["GET"]}}],"collection":[{"href":"https:\/\/agora.xtec.cat\/iesventuragassol\/wp-json\/wp\/v2\/posts"}],"about":[{"href":"https:\/\/agora.xtec.cat\/iesventuragassol\/wp-json\/wp\/v2\/types\/post"}],"author":[{"embeddable":true,"href":"https:\/\/agora.xtec.cat\/iesventuragassol\/wp-json\/wp\/v2\/users\/1"}],"replies":[{"embeddable":true,"href":"https:\/\/agora.xtec.cat\/iesventuragassol\/wp-json\/wp\/v2\/comments?post=2134"}],"version-history":[{"count":3,"href":"https:\/\/agora.xtec.cat\/iesventuragassol\/wp-json\/wp\/v2\/posts\/2134\/revisions"}],"predecessor-version":[{"id":2171,"href":"https:\/\/agora.xtec.cat\/iesventuragassol\/wp-json\/wp\/v2\/posts\/2134\/revisions\/2171"}],"wp:featuredmedia":[{"embeddable":true,"href":"https:\/\/agora.xtec.cat\/iesventuragassol\/wp-json\/wp\/v2\/media\/2138"}],"wp:attachment":[{"href":"https:\/\/agora.xtec.cat\/iesventuragassol\/wp-json\/wp\/v2\/media?parent=2134"}],"wp:term":[{"taxonomy":"category","embeddable":true,"href":"https:\/\/agora.xtec.cat\/iesventuragassol\/wp-json\/wp\/v2\/categories?post=2134"},{"taxonomy":"post_tag","embeddable":true,"href":"https:\/\/agora.xtec.cat\/iesventuragassol\/wp-json\/wp\/v2\/tags?post=2134"}],"curies":[{"name":"wp","href":"https:\/\/api.w.org\/{rel}","templated":true}]}}