{"id":2070,"date":"2020-05-21T20:09:32","date_gmt":"2020-05-21T18:09:32","guid":{"rendered":"http:\/\/agora.xtec.cat\/iesventuragassol\/?p=2070"},"modified":"2020-06-21T09:20:50","modified_gmt":"2020-06-21T07:20:50","slug":"preinscripcio-batxillerat-tot-el-que-cal-saber-i-com-sha-de-fer","status":"publish","type":"post","link":"https:\/\/agora.xtec.cat\/iesventuragassol\/general\/preinscripcio-batxillerat-tot-el-que-cal-saber-i-com-sha-de-fer\/","title":{"rendered":"PREINSCRIPCI\u00d3 BATXILLERAT [2020-21]: Qu\u00e8 cal saber i com s&#8217;ha de fer?"},"content":{"rendered":"<p><strong>Us informem sobre com seguir el proc\u00e9s de preinscripci\u00f3 de Batxillerat al nostre centre i tamb\u00e9 tota la informaci\u00f3 detallada sobre el nostre projecte per aquests estudis.<\/strong><\/p>\n<p><a href=\"https:\/\/drive.google.com\/file\/d\/1N0rIyUpgzumW0dG2X2R6RM7VvC_K6zon\/view?usp=sharing\"><img loading=\"lazy\" decoding=\"async\" class=\"aligncenter wp-image-2109\" src=\"https:\/\/agora.xtec.cat\/iesventuragassol\/wp-content\/uploads\/usu1243\/2020\/05\/OFER_BAT_INSTITUT-VENTURA-GASSOL-1024x842.png\" alt=\"\" width=\"600\" height=\"494\" srcset=\"https:\/\/agora.xtec.cat\/iesventuragassol\/wp-content\/uploads\/usu1243\/2020\/05\/OFER_BAT_INSTITUT-VENTURA-GASSOL-1024x842.png 1024w, https:\/\/agora.xtec.cat\/iesventuragassol\/wp-content\/uploads\/usu1243\/2020\/05\/OFER_BAT_INSTITUT-VENTURA-GASSOL-300x247.png 300w, https:\/\/agora.xtec.cat\/iesventuragassol\/wp-content\/uploads\/usu1243\/2020\/05\/OFER_BAT_INSTITUT-VENTURA-GASSOL-768x632.png 768w, https:\/\/agora.xtec.cat\/iesventuragassol\/wp-content\/uploads\/usu1243\/2020\/05\/OFER_BAT_INSTITUT-VENTURA-GASSOL.png 1375w\" sizes=\"auto, (max-width: 600px) 100vw, 600px\" \/><\/a><\/p>\n<p><a href=\"https:\/\/drive.google.com\/file\/d\/1N0rIyUpgzumW0dG2X2R6RM7VvC_K6zon\/view?usp=sharing\" target=\"_blank\" rel=\"noopener noreferrer\"><img loading=\"lazy\" decoding=\"async\" class=\"aligncenter size-full wp-image-2100\" src=\"https:\/\/agora.xtec.cat\/iesventuragassol\/wp-content\/uploads\/usu1243\/2020\/05\/PREINS_BAT_def-e1590153921578.png\" alt=\"\" width=\"392\" height=\"411\" \/><\/a><\/p>\n<table>\n<tbody>\n<tr>\n<td style=\"background-color: #0eab16;\" colspan=\"2\">\n<h3 style=\"text-align: center;\"><strong><span style=\"color: #ffffff;\">PREINSCRIPCI\u00d3 TELEM\u00c0TICA [tramitaci\u00f3 habitual]<\/span><\/strong><\/h3>\n<\/td>\n<\/tr>\n<tr style=\"height: 86px;\">\n<td style=\"background-color: #5bde40;\">\n<h4><strong><span style=\"color: #ffffff;\">Per\u00edode de la preinscripci\u00f3 telem\u00e0tica<\/span><\/strong><\/h4>\n<\/td>\n<td>\n<h4>del 27 de maig al 3 de juny<\/h4>\n<\/td>\n<\/tr>\n<tr style=\"height: 58px;\">\n<td style=\"background-color: #0eab16;\" colspan=\"2\">\n<h4 style=\"text-align: center;\"><strong><span style=\"color: #ffffff;\">QUI L&#8217;HA DE FER?<\/span><\/strong><\/h4>\n<\/td>\n<\/tr>\n<tr style=\"height: 302px;\">\n<td colspan=\"2\">\n<h4><strong>El proc\u00e9s de preinscripci\u00f3 <span style=\"color: #ff0000;\">nom\u00e9s \u00e9s destinat a l&#8217;alumnat de nova incorporaci\u00f3 al centre, que assolir\u00e0 el graduat d&#8217;ESO en un altre centre escolar i decideix iniciar les estudis de Batxillerat al nostre institut.<\/span><\/strong><\/h4>\n<h4><strong><span style=\"color: #008000;\"><span style=\"color: #0000ff;\">Per a l&#8217;alumnat que assolir\u00e0 el graduat d&#8217;ESO al nostre centre NO S&#8217;HA DE FER AQUEST PROC\u00c9S DE PREINSCRIPCI\u00d3<\/span>. El proc\u00e9s de confirmaci\u00f3 de pla\u00e7a actual \u00e9s un altre procediment de tipus intern, del qual informarem les fam\u00edlies de la nostra comunitat escolar <\/span><span style=\"color: #008000;\">oportunament.<\/span><\/strong><\/h4>\n<h4 style=\"text-align: center;\"><strong><span style=\"color: #ff0000;\">La MODALITAT TELEM\u00c0TICA \u00e9s la modalitat de preinscripci\u00f3 habitual i generalitzada. Seguiu les passes que us indiquem.<\/span><\/strong><\/h4>\n<\/td>\n<\/tr>\n<tr style=\"height: 58px;\">\n<td style=\"background-color: #0eab16;\" colspan=\"2\">\n<h4 style=\"text-align: center;\"><strong><span style=\"color: #ffffff;\">COM S&#8217;HA DE FER?<\/span><\/strong><\/h4>\n<\/td>\n<\/tr>\n<tr style=\"height: 58px;\">\n<td style=\"background-color: #5bde40;\" colspan=\"2\">\n<h4 style=\"text-align: center;\"><span style=\"color: #ffffff;\"><strong>OPCI\u00d3 1: AMB SOL\u00b7LICITUD ELECTR\u00d2NICA<\/strong><\/span><\/h4>\n<\/td>\n<\/tr>\n<tr style=\"height: 225px;\">\n<td>\n<h5><strong>1. Cal omplir la <a href=\"http:\/\/ensenyament.gencat.cat\/ca\/tramits\/tramits-temes\/9388-batxillerat?moda=1\" target=\"_blank\" rel=\"noopener noreferrer\">SOL\u00b7LICITUD ELECTR\u00d2NICA.<\/a><\/strong><\/h5>\n<h5><strong>El tr\u00e0mit de presentaci\u00f3 s&#8217;acaba amb l&#8217;enviament del formulari i no s&#8217;ha de presentar cap c\u00f2pia al centre ni tampoc cap documentaci\u00f3 acreditativa de la persona sol\u00b7licitant ni de l&#8217;alumne que es pugui validar electr\u00f2nicament.<\/strong><\/h5>\n<\/td>\n<td>\n<h4 style=\"text-align: center;\"><a href=\"http:\/\/ensenyament.gencat.cat\/ca\/tramits\/tramits-temes\/9388-batxillerat?moda=1\" target=\"_blank\" rel=\"noopener noreferrer\"><strong>SOL\u00b7LICITUD [electr\u00f2nica]<\/strong><\/a><\/h4>\n<p><a href=\"http:\/\/ensenyament.gencat.cat\/ca\/tramits\/tramits-temes\/9388-batxillerat?moda=1\" target=\"_blank\" rel=\"noopener noreferrer\"><img loading=\"lazy\" decoding=\"async\" class=\"aligncenter wp-image-1914 size-thumbnail\" src=\"https:\/\/agora.xtec.cat\/iesventuragassol\/wp-content\/uploads\/usu1243\/2020\/04\/educacion-150x150.png\" alt=\"\" width=\"150\" height=\"150\" srcset=\"https:\/\/agora.xtec.cat\/iesventuragassol\/wp-content\/uploads\/usu1243\/2020\/04\/educacion-150x150.png 150w, https:\/\/agora.xtec.cat\/iesventuragassol\/wp-content\/uploads\/usu1243\/2020\/04\/educacion-300x300.png 300w, https:\/\/agora.xtec.cat\/iesventuragassol\/wp-content\/uploads\/usu1243\/2020\/04\/educacion.png 512w\" sizes=\"auto, (max-width: 150px) 100vw, 150px\" \/><\/a><\/td>\n<\/tr>\n<tr style=\"height: 58px;\">\n<td style=\"background-color: #5bde40;\" colspan=\"2\">\n<h4 style=\"text-align: center;\"><span style=\"color: #ffffff;\"><strong>OPCI\u00d3 1: AMB SOL\u00b7LICITUD AMB SUPORT INFORM\u00c0TIC<\/strong><\/span><\/h4>\n<\/td>\n<\/tr>\n<tr style=\"height: 263px;\">\n<td rowspan=\"2\">\n<h5><strong>1. Omplir la <a href=\"http:\/\/ensenyament.gencat.cat\/ca\/tramits\/tramits-temes\/9388-batxillerat?moda=1\" target=\"_blank\" rel=\"noopener noreferrer\">SOL\u00b7LICITUD AMB SUPORT INFORM\u00c0TIC.<\/a><\/strong><\/h5>\n<h5><strong>Un cop l&#8217;heu enviada, descarregueu el resguard de la sol\u00b7licitud.<\/strong><\/h5>\n<p>&nbsp;<\/p>\n<h5><strong>2. Envieu un correu electr\u00f2nic a l\u2019adre\u00e7a de l\u2019institut:<\/strong><\/h5>\n<ul>\n<li style=\"list-style-type: none;\">\n<ul>\n<li>\n<h5><strong>a8046751@xtec.cat<\/strong><\/h5>\n<\/li>\n<li>\n<h5><strong>Assumpte:<i> \u201cPreinscripci\u00f3_BAT_Nom_cognoms de l\u2019alumne\/a\u201d<\/i>.<\/strong><\/h5>\n<\/li>\n<\/ul>\n<\/li>\n<\/ul>\n<h5><strong>Heu d\u2019adjuntar-hi els seg\u00fcents documents acreditatius escanejats o fotografiats.<\/strong><\/h5>\n<h5><\/h5>\n<\/td>\n<td style=\"width: 422px;\">\n<h4 style=\"text-align: center;\"><a href=\"http:\/\/ensenyament.gencat.cat\/ca\/tramits\/tramits-temes\/9388-batxillerat?moda=1\" target=\"_blank\" rel=\"noopener noreferrer\"><strong>SOL\u00b7LICITUD<\/strong><\/a><\/h4>\n<h4 style=\"text-align: center;\"><strong>[suport inform\u00e0tic]<\/strong><\/h4>\n<p><a href=\"http:\/\/ensenyament.gencat.cat\/ca\/tramits\/tramits-temes\/9388-batxillerat?moda=1\" target=\"_blank\" rel=\"noopener noreferrer\"><img loading=\"lazy\" decoding=\"async\" class=\"aligncenter wp-image-1914 size-thumbnail\" src=\"https:\/\/agora.xtec.cat\/iesventuragassol\/wp-content\/uploads\/usu1243\/2020\/04\/educacion-150x150.png\" alt=\"\" width=\"150\" height=\"150\" srcset=\"https:\/\/agora.xtec.cat\/iesventuragassol\/wp-content\/uploads\/usu1243\/2020\/04\/educacion-150x150.png 150w, https:\/\/agora.xtec.cat\/iesventuragassol\/wp-content\/uploads\/usu1243\/2020\/04\/educacion-300x300.png 300w, https:\/\/agora.xtec.cat\/iesventuragassol\/wp-content\/uploads\/usu1243\/2020\/04\/educacion.png 512w\" sizes=\"auto, (max-width: 150px) 100vw, 150px\" \/><\/a><\/td>\n<\/tr>\n<tr style=\"height: 297px;\">\n<td><span style=\"color: #0000ff;\"><strong>A. SI L&#8217;ALUMNE\/A \u00c9S MAJOR D&#8217;EDAT o fa els 18 anys durant l&#8217;any 2020<\/strong><\/span><\/p>\n<ul>\n<li><strong><span style=\"font-family: inherit; font-size: 1em;\">Resguard de preinscripci\u00f3<\/span><\/strong><span style=\"font-family: inherit; font-size: 1em;\"> (descarregat d\u2019acord amb les indicacions)<\/span><\/li>\n<li><strong>DNI o NIE <\/strong><strong>de l&#8217;alumne\/a sol\u00b7licitant <\/strong>nom\u00e9s en el cas que no s&#8217;hagi pogut validar el document electr\u00f2nicament; o b\u00e9 del passaport o del document d&#8217;identitat del pa\u00eds d&#8217;origen si es tracta d&#8217;estrangers comunitaris.<strong><br \/>\n<\/strong><\/li>\n<\/ul>\n<p><span style=\"color: #0000ff;\"><strong>B. SI L&#8217;ALUMNE\/A \u00c9S MENOR D&#8217;EDAT i no fa els 18 anys durant l&#8217;any 2020<\/strong><\/span><\/p>\n<ul>\n<li><strong><span style=\"font-family: inherit; font-size: 1em;\">Resguard de preinscripci\u00f3<\/span><\/strong><span style=\"font-family: inherit; font-size: 1em;\"> (descarregat d\u2019acord amb les indicacions)<\/span><\/li>\n<li><strong>DNI o NIE <\/strong><strong>de l&#8217;alumne\/a sol\u00b7licitant <\/strong>nom\u00e9s en el cas que no s&#8217;hagi pogut validar el document electr\u00f2nicament; o b\u00e9 del passaport o del document d&#8217;identitat del pa\u00eds d&#8217;origen si es tracta d&#8217;estrangers comunitaris.<\/li>\n<li><strong>P\u00e0gines del llibre de fam\u00edlia de l\u2019alumne\/a i dels pares <\/strong>o altres documents relatius a la filiaci\u00f3<strong>. Si est\u00e0 en situaci\u00f3 d&#8217;acolliment, la resoluci\u00f3 d&#8217;acolliment<\/strong> del Departament de Treball, Afers Socials i Fam\u00edlies.<strong><br \/>\n<\/strong><\/li>\n<li><strong>DNI o NIE de la persona sol\u00b7licitant <\/strong>(pare, mare, tutor\/a o guardador\/a de fet),<strong> nom\u00e9s en el cas que no s&#8217;hagi pogut validar el document electr\u00f2nicament; o b\u00e9 del passaport o del document d&#8217;identitat del pa\u00eds d&#8217;origen si es tracta d&#8217;estrangers comunitaris.<\/strong><\/li>\n<\/ul>\n<\/td>\n<\/tr>\n<tr style=\"height: 254px;\">\n<td>\n<h5><b>3. Si al\u00b7legueu el compliment d\u2019un o m\u00e9s criteris de prioritat haureu d\u2019enviar tamb\u00e9 <\/b><strong>escanejats o fotografiats <\/strong><a href=\"http:\/\/queestudiar.gencat.cat\/ca\/preinscripcio\/estudis\/batxillerat\/documentacio\/\" target=\"_blank\" rel=\"noopener noreferrer\"><b>els <\/b><b>documents acreditatius<\/b><\/a><b> de cada criteri (certificat o targeta acreditativa de discapacitat, t\u00edtol de fam\u00edlia nombrosa o monoparental vigent, etc.).<\/b><\/h5>\n<\/td>\n<td>\n<h4 style=\"text-align: center;\"><a href=\"http:\/\/queestudiar.gencat.cat\/ca\/preinscripcio\/estudis\/batxillerat\/documentacio\/\" target=\"_blank\" rel=\"noopener noreferrer\">Altres documents acreditatius<\/a><\/h4>\n<p><a href=\"http:\/\/queestudiar.gencat.cat\/ca\/preinscripcio\/estudis\/batxillerat\/documentacio\/\" target=\"_blank\" rel=\"noopener noreferrer\"><img loading=\"lazy\" decoding=\"async\" class=\"aligncenter wp-image-1914 size-thumbnail\" src=\"https:\/\/agora.xtec.cat\/iesventuragassol\/wp-content\/uploads\/usu1243\/2020\/04\/educacion-150x150.png\" alt=\"\" width=\"150\" height=\"150\" srcset=\"https:\/\/agora.xtec.cat\/iesventuragassol\/wp-content\/uploads\/usu1243\/2020\/04\/educacion-150x150.png 150w, https:\/\/agora.xtec.cat\/iesventuragassol\/wp-content\/uploads\/usu1243\/2020\/04\/educacion-300x300.png 300w, https:\/\/agora.xtec.cat\/iesventuragassol\/wp-content\/uploads\/usu1243\/2020\/04\/educacion.png 512w\" sizes=\"auto, (max-width: 150px) 100vw, 150px\" \/><\/a><\/td>\n<\/tr>\n<tr style=\"height: 71px;\">\n<td style=\"background-color: #5bde40;\" colspan=\"2\">\n<h5 style=\"text-align: center;\"><span style=\"color: #ffffff;\"><b>FINALITZAT EL TR\u00c0MIT EL CENTRE US RESPONDR\u00c0 CONFIRMANT QUE EL TR\u00c0MIT S&#8217;HA EFECTUAT CORRECTAMENT A MODE DE JUSTIFICANT DE LA VOSTRA SOL\u00b7LICITUD.<\/b><\/span><\/h5>\n<\/td>\n<\/tr>\n<tr style=\"height: 177px;\">\n<td>\n<h4><a href=\"https:\/\/agora.xtec.cat\/iesventuragassol\/wp-content\/uploads\/usu1243\/2020\/05\/PREINSCRIPCI\u00d3-telem\u00e0tica-BAT-2020.pdf\" target=\"_blank\" rel=\"noopener noreferrer\"><strong><span style=\"color: #008000;\">S\u00cdNTESI I INFORMACI\u00d3 PREINSCRIPCI\u00d3 <\/span><\/strong><strong><span style=\"color: #008000;\">[modalitat telem\u00e0tica]<\/span><\/strong><\/a><\/h4>\n<\/td>\n<td>\n<h5 style=\"text-align: center;\"><a href=\"https:\/\/agora.xtec.cat\/iesventuragassol\/wp-content\/uploads\/usu1243\/2020\/05\/PREINSCRIPCI\u00d3-telem\u00e0tica-BAT-2020.pdf\" target=\"_blank\" rel=\"noopener noreferrer\"><span style=\"color: #ffffff;\"><b><img loading=\"lazy\" decoding=\"async\" class=\"aligncenter size-thumbnail wp-image-1915\" src=\"https:\/\/agora.xtec.cat\/iesventuragassol\/wp-content\/uploads\/usu1243\/2020\/04\/info-150x150.png\" alt=\"\" width=\"150\" height=\"150\" srcset=\"https:\/\/agora.xtec.cat\/iesventuragassol\/wp-content\/uploads\/usu1243\/2020\/04\/info-150x150.png 150w, https:\/\/agora.xtec.cat\/iesventuragassol\/wp-content\/uploads\/usu1243\/2020\/04\/info-300x300.png 300w, https:\/\/agora.xtec.cat\/iesventuragassol\/wp-content\/uploads\/usu1243\/2020\/04\/info.png 512w\" sizes=\"auto, (max-width: 150px) 100vw, 150px\" \/><\/b><\/span><\/a><\/h5>\n<\/td>\n<\/tr>\n<\/tbody>\n<\/table>\n<table>\n<tbody>\n<tr style=\"height: 65px;\">\n<td style=\"background-color: #0eab16; width: 819px; height: 65px;\" colspan=\"2\">\n<h3 style=\"text-align: center;\"><strong><span style=\"color: #ffffff;\">PREINSCRIPCI\u00d3 PRESENCIAL [tramitaci\u00f3 presencial]<\/span><\/strong><\/h3>\n<\/td>\n<\/tr>\n<tr style=\"height: 58px;\">\n<td style=\"background-color: #5bde40; width: 543px; height: 58px;\">\n<h4><strong><span style=\"color: #ffffff;\">Per\u00edode de la preinscripci\u00f3 presencial<\/span><\/strong><\/h4>\n<\/td>\n<td style=\"width: 274px; height: 58px;\">\n<h4>del 27 de maig al 3 de juny<\/h4>\n<\/td>\n<\/tr>\n<tr style=\"height: 58px;\">\n<td style=\"background-color: #0eab16; height: 58px; width: 819px;\" colspan=\"2\">\n<h4 style=\"text-align: center;\"><strong><span style=\"color: #ffffff;\">QUI L&#8217;HA DE FER?<\/span><\/strong><\/h4>\n<\/td>\n<\/tr>\n<tr style=\"height: 114px;\">\n<td style=\"width: 819px; height: 114px;\" colspan=\"2\">\n<h4 style=\"text-align: center;\"><strong><span style=\"color: #ff0000;\">\u00c9s una modalitat de preinscripci\u00f3 excepcional. Nom\u00e9s s&#8217;ofereix per als casos en qu\u00e8 els sol\u00b7licitants no puguin fer la tramitaci\u00f3 telem\u00e0tica, per manca de connectivitat i\/o mitjans inform\u00e0tics.<\/span><\/strong><\/h4>\n<\/td>\n<\/tr>\n<tr style=\"height: 58px;\">\n<td style=\"background-color: #0eab16; height: 58px; width: 819px;\" colspan=\"2\">\n<h4 style=\"text-align: center;\"><strong><span style=\"color: #ffffff;\">COM S&#8217;HA DE FER?<\/span><\/strong><\/h4>\n<\/td>\n<\/tr>\n<tr style=\"height: 49px;\">\n<td style=\"background-color: #5bde40; height: 49px; width: 819px;\" colspan=\"2\">\n<h5><span style=\"color: #ffffff;\"><strong>1. S&#8217;HA DE SOL\u00b7LICITAR <\/strong><strong>CITA PR\u00c8VIA <\/strong><strong>AMB ANTELACI\u00d3<\/strong><\/span><\/h5>\n<\/td>\n<\/tr>\n<tr style=\"height: 265px;\">\n<td style=\"width: 543px; height: 265px;\">\n<h5><strong>Ho podeu fer:<\/strong><\/h5>\n<ul>\n<li>\n<h5><strong>Mitjan\u00e7ant l\u2019<a href=\"https:\/\/aplicacions.gestioeducativa.gencat.cat\/pls\/apex\/f?p=CITA_PREVIA:4::::4:P4_TIPUS_CALENDARI,P4_DOMINI:01_BATX,08046751\" target=\"_blank\" rel=\"noopener noreferrer\">eina de gesti\u00f3 habilitada pel Departament d\u2019Educaci\u00f3<\/a>.<\/strong><\/h5>\n<\/li>\n<li>\n<h5><strong>Trucant al tel\u00e8fon del centre (933991801) a partir del dia 25 maig de 9:00h a 13:30h.<\/strong><\/h5>\n<\/li>\n<li>\n<h5><span style=\"color: #ff0000;\"><strong>NOM\u00c9S ES DONARAN CITES PER ALS DIES 2 i 3 DE JUNY.<\/strong><\/span><\/h5>\n<\/li>\n<\/ul>\n<\/td>\n<td style=\"width: 274px; height: 265px;\">\n<h4 style=\"text-align: center;\"><a href=\"https:\/\/aplicacions.gestioeducativa.gencat.cat\/pls\/apex\/f?p=CITA_PREVIA:4::::4:P4_TIPUS_CALENDARI,P4_DOMINI:01_BATX,08046751\" target=\"_blank\" rel=\"noopener noreferrer\">CITA PR\u00c8VIA<\/a><\/h4>\n<p><a href=\"https:\/\/aplicacions.gestioeducativa.gencat.cat\/pls\/apex\/f?p=CITA_PREVIA:4::::4:P4_TIPUS_CALENDARI,P4_DOMINI:01_BATX,08046751\" target=\"_blank\" rel=\"noopener noreferrer\"><img loading=\"lazy\" decoding=\"async\" class=\"aligncenter size-thumbnail wp-image-1880\" src=\"https:\/\/agora.xtec.cat\/iesventuragassol\/wp-content\/uploads\/usu1243\/2020\/04\/digital-150x150.png\" alt=\"\" width=\"150\" height=\"150\" srcset=\"https:\/\/agora.xtec.cat\/iesventuragassol\/wp-content\/uploads\/usu1243\/2020\/04\/digital-150x150.png 150w, https:\/\/agora.xtec.cat\/iesventuragassol\/wp-content\/uploads\/usu1243\/2020\/04\/digital-300x300.png 300w, https:\/\/agora.xtec.cat\/iesventuragassol\/wp-content\/uploads\/usu1243\/2020\/04\/digital.png 512w\" sizes=\"auto, (max-width: 150px) 100vw, 150px\" \/><\/a><\/td>\n<\/tr>\n<tr style=\"height: 49px;\">\n<td style=\"background-color: #5bde40; height: 49px; width: 819px;\" colspan=\"2\">\n<h5><span style=\"color: #ffffff;\"><strong>2. HEU DE PORTAR i APORTAR LA DOCUMENTACI\u00d3 QUE US INDIQUEM<\/strong><\/span><\/h5>\n<\/td>\n<\/tr>\n<tr style=\"height: 165px;\">\n<td style=\"width: 819px; height: 165px;\" colspan=\"2\">\n<ul>\n<li><a href=\"http:\/\/ensenyament.gencat.cat\/ca\/tramits\/tramits-temes\/9388-batxillerat?moda=1\" target=\"_blank\" rel=\"noopener noreferrer\"><strong>RESGUARD DE PREINSCRIPCI\u00d3 EN FORMAT PAPER:<\/strong><\/a><\/li>\n<\/ul>\n<p><span style=\"color: #ff0000;\"><strong>Per a aquests casos excepcionals, en el sup\u00f2sit que no pugueu portar al centre aquest resguard en format paper el dia de la cita pr\u00e8via, l&#8217;institut us oferir\u00e0 un espai i mitjans inform\u00e0tics perqu\u00e8 pugueu fer in situ la sol\u00b7licitud de preinscripci\u00f3, la conseg\u00fcent tramesa en suport inform\u00e0tic i la impressi\u00f3 del resguard que caldr\u00e0 lliurar amb la resta de documentaci\u00f3 que us detallem per a formalitzar el tr\u00e0mit.<\/strong><\/span><\/p>\n<p><span style=\"color: #008000;\"><strong>Us recordem de nou que la preinscripci\u00f3 presencial nom\u00e9s es podr\u00e0 fer mitjan\u00e7ant a demanda de cita pr\u00e8via.<\/strong><\/span><\/p>\n<p><span style=\"color: #0000ff;\"><strong>A. SI L&#8217;ALUMNE\/A \u00c9S MAJOR D&#8217;EDAT o fa els 18 anys durant l&#8217;any 2020<\/strong><\/span><\/p>\n<ul>\n<li><strong>DNI o NIE <\/strong><strong>de l&#8217;alumne\/a sol\u00b7licitant <\/strong>nom\u00e9s en el cas que no s&#8217;hagi pogut validar el document electr\u00f2nicament; o b\u00e9 del passaport o del document d&#8217;identitat del pa\u00eds d&#8217;origen si es tracta d&#8217;estrangers comunitaris.<strong><br \/>\n<\/strong><\/li>\n<\/ul>\n<p><span style=\"color: #0000ff;\"><strong>B. SI L&#8217;ALUMNE\/A \u00c9S MENOR D&#8217;EDAT i no fa els 18 anys durant l&#8217;any 2020<\/strong><\/span><\/p>\n<ul>\n<li><strong>DNI o NIE <\/strong><strong>de l&#8217;alumne\/a sol\u00b7licitant <\/strong>nom\u00e9s en el cas que no s&#8217;hagi pogut validar el document electr\u00f2nicament; o b\u00e9 del passaport o del document d&#8217;identitat del pa\u00eds d&#8217;origen si es tracta d&#8217;estrangers comunitaris.<\/li>\n<li><strong>P\u00e0gines del llibre de fam\u00edlia de l\u2019alumne\/a i dels pares <\/strong>o altres documents relatius a la filiaci\u00f3<strong>. Si est\u00e0 en situaci\u00f3 d&#8217;acolliment, la resoluci\u00f3 d&#8217;acolliment<\/strong> del Departament de Treball, Afers Socials i Fam\u00edlies.<strong><br \/>\n<\/strong><\/li>\n<li><strong>DNI o NIE de la persona sol\u00b7licitant <\/strong>(pare, mare, tutor\/a o guardador\/a de fet),<strong> nom\u00e9s en el cas que no s&#8217;hagi pogut validar el document electr\u00f2nicament; o b\u00e9 del passaport o del document d&#8217;identitat del pa\u00eds d&#8217;origen si es tracta d&#8217;estrangers comunitaris.<\/strong><\/li>\n<\/ul>\n<\/td>\n<\/tr>\n<tr style=\"height: 49px;\">\n<td style=\"width: 819px; background-color: #5bde40; height: 49px;\" colspan=\"2\">\n<h5><span style=\"color: #ffffff;\"><strong>3. SI S&#8217;HAN DE JUSTIFICAR\u00a0 CRITERIS GENERALS DE BAREMACI\u00d3<\/strong><\/span><\/h5>\n<\/td>\n<\/tr>\n<tr style=\"height: 341px;\">\n<td style=\"width: 819px; height: 341px;\" colspan=\"2\">\n<ol style=\"list-style-type: lower-alpha;\">\n<li><em>Exist\u00e8ncia germans\/es<\/em><em> matriculats al centre o de pares o tutors legals que hi treballen<\/em> <strong>:<\/strong> <strong>El centre ho comprovar\u00e0 directament, no cal presentar cap document. <\/strong><\/li>\n<li><em>Proximitat del domicili<\/em><strong>: <\/strong>\n<ol>\n<li><strong>Quan el domicili familiar que s\u2019al\u00b7lega no coincideix<\/strong> amb el del DNI o NIE de la persona sol\u00b7licitant, certificat o volant municipal de conviv\u00e8ncia de l\u2019alumne\/a on hi ha de constar que conviu amb la persona sol\u00b7licitant. <strong>En aquest cas, cal presentar el DNI renovat amb l\u2019adre\u00e7a correcta el dia de la matr\u00edcula.<\/strong><\/li>\n<li><strong>Quan es consideri el domicili del lloc de treball de la persona sol\u00b7licitant<\/strong> a efectes de barem, <strong>original i fotoc\u00f2pia del contracte laboral o d\u2019un certificat em\u00e8s a aquest efecte per l\u2019empresa<\/strong>. En el cas de <strong>treballadors en el r\u00e8gim d\u2019aut\u00f2noms,<\/strong> es t\u00e9 en compte el domicili acreditat a l\u2019Ag\u00e8ncia Tribut\u00e0ria i<strong> s\u2019acredita amb una c\u00f2pia del formulari de la declaraci\u00f3 censal d\u2019alta, modificaci\u00f3 i baixa en el cens d\u2019obligats tributaris (model 036 o 037).<br \/>\n<\/strong><\/li>\n<\/ol>\n<\/li>\n<li><em> Renda anual<\/em>: <strong>Documentaci\u00f3 acreditativa de ser beneficiari<\/strong> de la <strong>prestaci\u00f3<\/strong> econ\u00f2mica de la <strong>renda garantida de ciutadania.<\/strong><\/li>\n<li><em>Discapacitat de l\u2019alumne\/a, pare, mare, tutor\/a o germans igual o superior al 33%<\/em>:<strong> Original i fotoc\u00f2pia del certificat o targeta de discapacitat<\/strong> expedit pel Dept. de Treball, Afers Socials i Fam\u00edlies.<\/li>\n<\/ol>\n<\/td>\n<\/tr>\n<tr style=\"height: 49px;\">\n<td style=\"width: 819px; background-color: #5bde40; height: 49px;\" colspan=\"2\">\n<h5><span style=\"color: #ffffff;\"><strong>4. SI S&#8217;HAN DE JUSTIFICAR\u00a0 CRITERIS COMPLEMENTARIS DE BAREMACI\u00d3<\/strong><\/span><\/h5>\n<\/td>\n<\/tr>\n<tr style=\"height: 77px;\">\n<td style=\"width: 819px; height: 77px;\" colspan=\"2\">\n<ol style=\"list-style-type: lower-alpha;\">\n<li><em>Condici\u00f3 legal de fam\u00edlia nombrosa o monoparental: <\/em><strong>Original i fotoc\u00f2pia del carnet de fam\u00edlia nombrosa o monoparental vigent.<\/strong><\/li>\n<\/ol>\n<\/td>\n<\/tr>\n<tr style=\"height: 78px;\">\n<td style=\"height: 78px; width: 819px;\" colspan=\"2\">\n<h5><strong><span style=\"color: #0000ff;\">Cal presentar les fotoc\u00f2pies, acompanyades de l\u2019original corresponent.<\/span><\/strong><\/h5>\n<h5><strong><span style=\"color: #0000ff;\">Les fotoc\u00f2pies han de ser de mida DIN-A4, sense retallar, i un document per full.<\/span><\/strong><\/h5>\n<\/td>\n<\/tr>\n<tr style=\"height: 180px;\">\n<td style=\"height: 180px; width: 543px;\">\n<h4><strong><a href=\"https:\/\/agora.xtec.cat\/iesventuragassol\/wp-content\/uploads\/usu1243\/2020\/05\/PREINSCRIPCI\u00d3-presencial-BAT-CURS-2020.pdf\" target=\"_blank\" rel=\"noopener noreferrer\"><span style=\"color: #008000;\">S\u00cdNTESI I INFORMACI\u00d3 PREINSCRIPCI\u00d3 <\/span><span style=\"color: #008000;\">[modalitat presencial]<\/span><\/a><\/strong><\/h4>\n<\/td>\n<td style=\"height: 180px; width: 274px;\">\n<h4 style=\"text-align: center;\"><a href=\"https:\/\/agora.xtec.cat\/iesventuragassol\/wp-content\/uploads\/usu1243\/2020\/05\/PREINSCRIPCI\u00d3-presencial-BAT-CURS-2020.pdf\" target=\"_blank\" rel=\"noopener noreferrer\"><strong><span style=\"color: #ffffff;\"><img loading=\"lazy\" decoding=\"async\" class=\"aligncenter size-thumbnail wp-image-1915\" src=\"https:\/\/agora.xtec.cat\/iesventuragassol\/wp-content\/uploads\/usu1243\/2020\/04\/info-150x150.png\" alt=\"\" width=\"150\" height=\"150\" srcset=\"https:\/\/agora.xtec.cat\/iesventuragassol\/wp-content\/uploads\/usu1243\/2020\/04\/info-150x150.png 150w, https:\/\/agora.xtec.cat\/iesventuragassol\/wp-content\/uploads\/usu1243\/2020\/04\/info-300x300.png 300w, https:\/\/agora.xtec.cat\/iesventuragassol\/wp-content\/uploads\/usu1243\/2020\/04\/info.png 512w\" sizes=\"auto, (max-width: 150px) 100vw, 150px\" \/><\/span><\/strong><\/a><\/h4>\n<\/td>\n<\/tr>\n<tr style=\"height: 58px;\">\n<td style=\"background-color: #0eab16; height: 58px; width: 819px;\" colspan=\"2\">\n<h4 style=\"text-align: center;\"><strong><span style=\"color: #ffffff;\">INFORMACIONS I RECOMANACIONS A TENIR EN COMPTE<\/span><\/strong><\/h4>\n<\/td>\n<\/tr>\n<tr style=\"height: 192px;\">\n<td style=\"width: 819px; height: 192px;\" colspan=\"2\">\n<ul>\n<li>\n<h5><strong><span style=\"color: #ff0000;\">No s\u2019atendr\u00e0 a ning\u00fa sense cita pr\u00e8via.<\/span><\/strong><\/h5>\n<\/li>\n<li>\n<h5><strong><span style=\"color: #ff0000;\">Els tr\u00e0mits nom\u00e9s els ha de fer una \u00fanica persona.<\/span><\/strong><\/h5>\n<\/li>\n<li>\n<h5><strong><span style=\"color: #ff0000;\">\u00c9s recomanable portar guants i mascareta.<\/span><\/strong><\/h5>\n<\/li>\n<li>\n<h5><strong><span style=\"color: #ff0000;\">No poden accedir al centre persones de grups d\u2019especial vulnerabilitat o en per\u00edode de confinament o que tinguin s\u00edmptomes; en aquest cas, podeu autoritzar per escrit a una altra persona a portar la sol\u00b7licitud i la documentaci\u00f3.<\/span><\/strong><\/h5>\n<\/li>\n<\/ul>\n<\/td>\n<\/tr>\n<\/tbody>\n<\/table>\n","protected":false},"excerpt":{"rendered":"<p>TENIU TOTA LA INFORMACI\u00d3 SOBRE EL PROC\u00c9S DE PREINSCRIPCI\u00d3 DE BATXILLERAT I EL NOSTRE PROJECTE PER AQUESTA ETAPA EDUCATIVA.<\/p>\n","protected":false},"author":1,"featured_media":2108,"comment_status":"closed","ping_status":"closed","sticky":false,"template":"","format":"standard","meta":{"_bbp_topic_count":0,"_bbp_reply_count":0,"_bbp_total_topic_count":0,"_bbp_total_reply_count":0,"_bbp_voice_count":0,"_bbp_anonymous_reply_count":0,"_bbp_topic_count_hidden":0,"_bbp_reply_count_hidden":0,"_bbp_forum_subforum_count":0,"site-sidebar-layout":"default","site-content-layout":"","ast-site-content-layout":"","site-content-style":"default","site-sidebar-style":"default","ast-global-header-display":"","ast-banner-title-visibility":"","ast-main-header-display":"","ast-hfb-above-header-display":"","ast-hfb-below-header-display":"","ast-hfb-mobile-header-display":"","site-post-title":"","ast-breadcrumbs-content":"","ast-featured-img":"","footer-sml-layout":"","theme-transparent-header-meta":"","adv-header-id-meta":"","stick-header-meta":"","header-above-stick-meta":"","header-main-stick-meta":"","header-below-stick-meta":"","astra-migrate-meta-layouts":"default","ast-page-background-enabled":"default","ast-page-background-meta":{"desktop":{"background-color":"var(--ast-global-color-4)","background-image":"","background-repeat":"repeat","background-position":"center center","background-size":"auto","background-attachment":"scroll","background-type":"","background-media":"","overlay-type":"","overlay-color":"","overlay-opacity":"","overlay-gradient":""},"tablet":{"background-color":"","background-image":"","background-repeat":"repeat","background-position":"center center","background-size":"auto","background-attachment":"scroll","background-type":"","background-media":"","overlay-type":"","overlay-color":"","overlay-opacity":"","overlay-gradient":""},"mobile":{"background-color":"","background-image":"","background-repeat":"repeat","background-position":"center center","background-size":"auto","background-attachment":"scroll","background-type":"","background-media":"","overlay-type":"","overlay-color":"","overlay-opacity":"","overlay-gradient":""}},"ast-content-background-meta":{"desktop":{"background-color":"var(--ast-global-color-5)","background-image":"","background-repeat":"repeat","background-position":"center center","background-size":"auto","background-attachment":"scroll","background-type":"","background-media":"","overlay-type":"","overlay-color":"","overlay-opacity":"","overlay-gradient":""},"tablet":{"background-color":"var(--ast-global-color-5)","background-image":"","background-repeat":"repeat","background-position":"center center","background-size":"auto","background-attachment":"scroll","background-type":"","background-media":"","overlay-type":"","overlay-color":"","overlay-opacity":"","overlay-gradient":""},"mobile":{"background-color":"var(--ast-global-color-5)","background-image":"","background-repeat":"repeat","background-position":"center center","background-size":"auto","background-attachment":"scroll","background-type":"","background-media":"","overlay-type":"","overlay-color":"","overlay-opacity":"","overlay-gradient":""}},"footnotes":""},"categories":[31,1,29,88],"tags":[189,172,168,170,164,171,184],"class_list":["post-2070","post","type-post","status-publish","format-standard","has-post-thumbnail","hentry","category-ampa","category-general","category-portada","category-secretaria","tag-2019-20","tag-alumnat","tag-batxillerat","tag-comunicats-oficials","tag-comunitat-esducativa-acollida-informacio-families","tag-informacio-families","tag-preinscripcio"],"post_mailing_queue_ids":[],"_links":{"self":[{"href":"https:\/\/agora.xtec.cat\/iesventuragassol\/wp-json\/wp\/v2\/posts\/2070","targetHints":{"allow":["GET"]}}],"collection":[{"href":"https:\/\/agora.xtec.cat\/iesventuragassol\/wp-json\/wp\/v2\/posts"}],"about":[{"href":"https:\/\/agora.xtec.cat\/iesventuragassol\/wp-json\/wp\/v2\/types\/post"}],"author":[{"embeddable":true,"href":"https:\/\/agora.xtec.cat\/iesventuragassol\/wp-json\/wp\/v2\/users\/1"}],"replies":[{"embeddable":true,"href":"https:\/\/agora.xtec.cat\/iesventuragassol\/wp-json\/wp\/v2\/comments?post=2070"}],"version-history":[{"count":4,"href":"https:\/\/agora.xtec.cat\/iesventuragassol\/wp-json\/wp\/v2\/posts\/2070\/revisions"}],"predecessor-version":[{"id":2172,"href":"https:\/\/agora.xtec.cat\/iesventuragassol\/wp-json\/wp\/v2\/posts\/2070\/revisions\/2172"}],"wp:featuredmedia":[{"embeddable":true,"href":"https:\/\/agora.xtec.cat\/iesventuragassol\/wp-json\/wp\/v2\/media\/2108"}],"wp:attachment":[{"href":"https:\/\/agora.xtec.cat\/iesventuragassol\/wp-json\/wp\/v2\/media?parent=2070"}],"wp:term":[{"taxonomy":"category","embeddable":true,"href":"https:\/\/agora.xtec.cat\/iesventuragassol\/wp-json\/wp\/v2\/categories?post=2070"},{"taxonomy":"post_tag","embeddable":true,"href":"https:\/\/agora.xtec.cat\/iesventuragassol\/wp-json\/wp\/v2\/tags?post=2070"}],"curies":[{"name":"wp","href":"https:\/\/api.w.org\/{rel}","templated":true}]}}