{"id":2009,"date":"2020-05-12T17:50:16","date_gmt":"2020-05-12T15:50:16","guid":{"rendered":"http:\/\/agora.xtec.cat\/iesventuragassol\/?p=2009"},"modified":"2020-06-21T09:21:00","modified_gmt":"2020-06-21T07:21:00","slug":"preinscripcio-2020-21-tot-el-que-em-cal-saber","status":"publish","type":"post","link":"https:\/\/agora.xtec.cat\/iesventuragassol\/general\/preinscripcio-2020-21-tot-el-que-em-cal-saber\/","title":{"rendered":"PREINSCRIPCI\u00d3 ESO [2020-21]: Tot el que cal saber i com s&#8217;ha de fer"},"content":{"rendered":"<p>Benvolgudes fam\u00edlies, que <strong>desitgeu inscriure per primer cop els vostres fills\/es al nostre institut<\/strong>, us facilitem tot all\u00f2 que us cal saber per a dur a terme <strong>el proc\u00e9s de PREINSCRIPCI\u00d3 per al proper curs escolar.<\/strong><\/p>\n<p><span style=\"font-weight: 400;\">A causa de l\u2019emerg\u00e8ncia sanit\u00e0ria ocasionada per la COVID-19, cal reduir al m\u00e0xim els tr\u00e0mits presencials i per aquest motiu <\/span><b>\u00e9s important que les fam\u00edlies realitzin la tramitaci\u00f3 de la sol\u00b7licitud de preinscripci\u00f3 de manera telem\u00e0tica<\/b><span style=\"font-weight: 400;\">.<\/span><\/p>\n<p><strong>Llegiu atentament totes les informacions que us facilitiem i, si teniu qualsevol dubte, poseu-vos en contacte amb nosaltres mitjan\u00e7ant els canals de comunicaci\u00f3 habituals<\/strong> [correu electr\u00f2nic i tel\u00e8fon].<\/p>\n<p><iframe loading=\"lazy\" src=\"\/\/www.gencat.cat\/big\/visormedia\/iframe\/index.html?type=default&amp;idBig=7997472117050820&amp;idNice=7a37b0e4e2a41d3a3582&amp;width=480&amp;height=270&amp;subt=true\" width=\"480\" height=\"270\" frameborder=\"0\"><\/iframe><\/p>\n<table>\n<tbody>\n<tr>\n<td style=\"background-color: #0eab16; width: 816px;\" colspan=\"2\">\n<h3 style=\"text-align: center;\"><strong><span style=\"color: #ffffff;\">PREINSCRIPCI\u00d3 TELEM\u00c0TICA [tramitaci\u00f3 habitual]<\/span><\/strong><\/h3>\n<\/td>\n<\/tr>\n<tr>\n<td style=\"background-color: #5bde40; width: 541px;\">\n<h4><strong><span style=\"color: #ffffff;\">Per\u00edode de la preinscripci\u00f3 telem\u00e0tica<\/span><\/strong><\/h4>\n<\/td>\n<td style=\"width: 273px;\">\n<h4>del 13 al 22 de maig<\/h4>\n<\/td>\n<\/tr>\n<tr>\n<td style=\"width: 816px; background-color: #0eab16;\" colspan=\"2\">\n<h4 style=\"text-align: center;\"><strong><span style=\"color: #ffffff;\">QUI L&#8217;HA DE FER?<\/span><\/strong><\/h4>\n<\/td>\n<\/tr>\n<tr>\n<td colspan=\"2\">\n<h4><strong>El proc\u00e9s de preinscripci\u00f3 <span style=\"color: #ff0000;\">nom\u00e9s \u00e9s destinat a l&#8217;alumnat de nova incorporaci\u00f3 al centre, com ara<\/span>:<\/strong><\/h4>\n<ul>\n<li>\n<h4><strong><span style=\"color: #0000ff;\">Perqu\u00e8 fa el canvi d&#8217;etapa: de l&#8217;escola de prim\u00e0ria a l&#8217;institut.<\/span><\/strong><\/h4>\n<\/li>\n<li>\n<h4><strong><span style=\"color: #0000ff;\">Perqu\u00e8 ha iniciat i cursat estudis de secund\u00e0ria en un altre centre educatiu i fa un canvi d&#8217;institut per diferents motius com ara un canvi de domicili, etc.<\/span><\/strong><\/h4>\n<\/li>\n<\/ul>\n<h4><strong><span style=\"color: #008000;\"><span style=\"color: #0000ff;\">Per a l&#8217;alumnat que actualment cursa estudis a l&#8217;institut NO S&#8217;HA DE FER EL PROC\u00c9S DE PREINSCRIPCI\u00d3<\/span>. El proc\u00e9s de confirmaci\u00f3 de pla\u00e7a actual \u00e9s un altre procediment de tipus intern, del qual informarem les fam\u00edlies de la nostra comunitat escolar <\/span><span style=\"color: #008000;\">oportunament.<\/span><\/strong><\/h4>\n<h4 style=\"text-align: center;\"><strong><span style=\"color: #ff0000;\">La MODALITAT TELEM\u00c0TICA \u00e9s la modalitat de preinscripci\u00f3 habitual i generalitzada. Seguiu les passes que us indiquem.<\/span><\/strong><\/h4>\n<\/td>\n<\/tr>\n<tr>\n<td style=\"background-color: #0eab16;\" colspan=\"2\">\n<h4 style=\"text-align: center;\"><strong><span style=\"color: #ffffff;\">COM S&#8217;HA DE FER?<\/span><\/strong><\/h4>\n<\/td>\n<\/tr>\n<tr>\n<td style=\"width: 541px;\">\n<h5><strong>1. Cal omplir la <a href=\"http:\/\/ensenyament.gencat.cat\/ca\/tramits\/tramits-temes\/20483_preinscripcio_escolar?moda=1\" target=\"_blank\" rel=\"noopener noreferrer\">SOL\u00b7LICITUD<\/a>\u00a0 que us adjuntem i, una vegada enviada, descarregueu-ne el resguard.\u00a0<\/strong><\/h5>\n<\/td>\n<td style=\"width: 273px;\">\n<h4 style=\"text-align: center;\"><a href=\"http:\/\/ensenyament.gencat.cat\/ca\/tramits\/tramits-temes\/20483_preinscripcio_escolar?moda=1\" target=\"_blank\" rel=\"noopener noreferrer\"><strong>SOL\u00b7LICITUD<\/strong><\/a><\/h4>\n<p><a href=\"http:\/\/ensenyament.gencat.cat\/ca\/tramits\/tramits-temes\/20483_preinscripcio_escolar?moda=1\" target=\"_blank\" rel=\"noopener noreferrer\"><img loading=\"lazy\" decoding=\"async\" class=\"aligncenter wp-image-1914 size-thumbnail\" src=\"https:\/\/agora.xtec.cat\/iesventuragassol\/wp-content\/uploads\/usu1243\/2020\/04\/educacion-150x150.png\" alt=\"\" width=\"150\" height=\"150\" srcset=\"https:\/\/agora.xtec.cat\/iesventuragassol\/wp-content\/uploads\/usu1243\/2020\/04\/educacion-150x150.png 150w, https:\/\/agora.xtec.cat\/iesventuragassol\/wp-content\/uploads\/usu1243\/2020\/04\/educacion-300x300.png 300w, https:\/\/agora.xtec.cat\/iesventuragassol\/wp-content\/uploads\/usu1243\/2020\/04\/educacion.png 512w\" sizes=\"auto, (max-width: 150px) 100vw, 150px\" \/><\/a><\/td>\n<\/tr>\n<tr>\n<td style=\"width: 541px;\">\n<h5><strong>2. Envieu un correu electr\u00f2nic a l\u2019adre\u00e7a de l\u2019institut:<\/strong><\/h5>\n<ul>\n<li style=\"list-style-type: none;\">\n<ul>\n<li>\n<h5><strong>a8046751@xtec.cat<\/strong><\/h5>\n<\/li>\n<li>\n<h5><strong>Assumpte:<i> \u201cPreinscripci\u00f3 ESO_Nom_cognoms de l\u2019alumne\/a\u201d<\/i>.<\/strong><\/h5>\n<\/li>\n<\/ul>\n<\/li>\n<\/ul>\n<h5><strong>Heu d\u2019adjuntar-hi els seg\u00fcents documents acreditatius escanejats o fotografiats.<\/strong><\/h5>\n<\/td>\n<td style=\"width: 273px;\">\n<ul>\n<li><strong><span style=\"font-family: inherit; font-size: 1em;\">Resguard de preinscripci\u00f3<\/span><\/strong><span style=\"font-family: inherit; font-size: 1em;\"> (descarregat d\u2019acord amb el pas anterior)<\/span><\/li>\n<li><strong>DNI o NIE <\/strong><strong>del sol\u00b7licitant <\/strong>(pare\/mare\/tutor\/a legal)<strong><br \/>\n<\/strong><\/li>\n<li><strong>P\u00e0gines del llibre de fam\u00edlia de l\u2019alumne\/a i dels pares <\/strong>o altres documents relatius a la filiaci\u00f3<strong>.<\/strong><strong><br \/>\n<\/strong><\/li>\n<li><strong>DNI o de la targeta de resid\u00e8ncia on consta el NIE de l\u2019alumne\/a, si t\u00e9 m\u00e9s de 14 anys. <\/strong>(Si \u00e9s menor de 14 anys i en t\u00e9, adjuntar-ho tamb\u00e9)<\/li>\n<\/ul>\n<\/td>\n<\/tr>\n<tr>\n<td style=\"width: 541px;\">\n<h5><b>3. Si al\u00b7legueu el compliment d\u2019un o m\u00e9s criteris de prioritat haureu d\u2019enviar tamb\u00e9 <\/b><strong>escanejats o fotografiats <\/strong><b>els <\/b><a href=\"http:\/\/queestudiar.gencat.cat\/ca\/preinscripcio\/estudis\/obligatoris\/documentacio\/\" target=\"_blank\" rel=\"noopener noreferrer\"><b>documents acreditatius<\/b><\/a><b> de cada criteri (certificat o targeta acreditativa de discapacitat, t\u00edtol de fam\u00edlia nombrosa o monoparental vigent, etc.).<\/b><\/h5>\n<\/td>\n<td style=\"width: 273px;\">\n<h4 style=\"text-align: center;\"><a href=\"http:\/\/queestudiar.gencat.cat\/ca\/preinscripcio\/estudis\/obligatoris\/documentacio\/\" target=\"_blank\" rel=\"noopener noreferrer\">Altres documents acreditatius<\/a><\/h4>\n<p><a href=\"http:\/\/queestudiar.gencat.cat\/ca\/preinscripcio\/estudis\/obligatoris\/documentacio\/\" target=\"_blank\" rel=\"noopener noreferrer\"><img loading=\"lazy\" decoding=\"async\" class=\"aligncenter wp-image-1914 size-thumbnail\" src=\"https:\/\/agora.xtec.cat\/iesventuragassol\/wp-content\/uploads\/usu1243\/2020\/04\/educacion-150x150.png\" alt=\"\" width=\"150\" height=\"150\" srcset=\"https:\/\/agora.xtec.cat\/iesventuragassol\/wp-content\/uploads\/usu1243\/2020\/04\/educacion-150x150.png 150w, https:\/\/agora.xtec.cat\/iesventuragassol\/wp-content\/uploads\/usu1243\/2020\/04\/educacion-300x300.png 300w, https:\/\/agora.xtec.cat\/iesventuragassol\/wp-content\/uploads\/usu1243\/2020\/04\/educacion.png 512w\" sizes=\"auto, (max-width: 150px) 100vw, 150px\" \/><\/a><\/td>\n<\/tr>\n<tr>\n<td style=\"background-color: #5bde40;\" colspan=\"2\">\n<h5 style=\"text-align: center;\"><span style=\"color: #ffffff;\"><b>FINALITZAT EL TR\u00c0MIT EL CENTRE US RESPONDR\u00c0 CONFIRMANT QUE EL TR\u00c0MIT S&#8217;HA EFECTUAT CORRECTAMENT A MODE DE JUSTIFICANT DE LA VOSTRA SOL\u00b7LICITUD.<\/b><\/span><\/h5>\n<\/td>\n<\/tr>\n<tr>\n<td>\n<h4><a href=\"https:\/\/agora.xtec.cat\/iesventuragassol\/wp-content\/uploads\/usu1243\/2020\/05\/PREINSCRIPCI\u00d3-telem\u00e0tica-ESO-2020.pdf\" target=\"_blank\" rel=\"noopener noreferrer\"><strong><span style=\"color: #008000;\">S\u00cdNTESI I INFORMACI\u00d3 PREINSCRIPCI\u00d3 <\/span><\/strong><\/a><a href=\"https:\/\/agora.xtec.cat\/iesventuragassol\/wp-content\/uploads\/usu1243\/2020\/05\/PREINSCRIPCI\u00d3-telem\u00e0tica-ESO-2020.pdf\" target=\"_blank\" rel=\"noopener noreferrer\"><strong><span style=\"color: #008000;\">[modalitat telem\u00e0tica]<\/span><\/strong><\/a><\/h4>\n<\/td>\n<td>\n<h5 style=\"text-align: center;\"><a href=\"https:\/\/agora.xtec.cat\/iesventuragassol\/wp-content\/uploads\/usu1243\/2020\/05\/PREINSCRIPCI\u00d3-telem\u00e0tica-ESO-2020.pdf\" target=\"_blank\" rel=\"noopener noreferrer\"><span style=\"color: #ffffff;\"><b><img loading=\"lazy\" decoding=\"async\" class=\"aligncenter size-thumbnail wp-image-1915\" src=\"https:\/\/agora.xtec.cat\/iesventuragassol\/wp-content\/uploads\/usu1243\/2020\/04\/info-150x150.png\" alt=\"\" width=\"150\" height=\"150\" srcset=\"https:\/\/agora.xtec.cat\/iesventuragassol\/wp-content\/uploads\/usu1243\/2020\/04\/info-150x150.png 150w, https:\/\/agora.xtec.cat\/iesventuragassol\/wp-content\/uploads\/usu1243\/2020\/04\/info-300x300.png 300w, https:\/\/agora.xtec.cat\/iesventuragassol\/wp-content\/uploads\/usu1243\/2020\/04\/info.png 512w\" sizes=\"auto, (max-width: 150px) 100vw, 150px\" \/><\/b><\/span><\/a><\/h5>\n<\/td>\n<\/tr>\n<\/tbody>\n<\/table>\n<p>&nbsp;<\/p>\n<table style=\"height: 1905px;\">\n<tbody>\n<tr style=\"height: 65px;\">\n<td style=\"background-color: #0eab16; width: 819px; height: 65px;\" colspan=\"2\">\n<h3 style=\"text-align: center;\"><strong><span style=\"color: #ffffff;\">PREINSCRIPCI\u00d3 PRESENCIAL [tramitaci\u00f3 presencial]<\/span><\/strong><\/h3>\n<\/td>\n<\/tr>\n<tr style=\"height: 58px;\">\n<td style=\"background-color: #5bde40; width: 543px; height: 58px;\">\n<h4><strong><span style=\"color: #ffffff;\">Per\u00edode de la preinscripci\u00f3 presencial<\/span><\/strong><\/h4>\n<\/td>\n<td style=\"width: 274px; height: 58px;\">\n<h4>del 19 al 22 de maig<\/h4>\n<\/td>\n<\/tr>\n<tr style=\"height: 58px;\">\n<td style=\"background-color: #0eab16; height: 58px; width: 819px;\" colspan=\"2\">\n<h4 style=\"text-align: center;\"><strong><span style=\"color: #ffffff;\">QUI L&#8217;HA DE FER?<\/span><\/strong><\/h4>\n<\/td>\n<\/tr>\n<tr style=\"height: 114px;\">\n<td style=\"width: 819px; height: 114px;\" colspan=\"2\">\n<h4 style=\"text-align: center;\"><strong><span style=\"color: #ff0000;\">\u00c9s una modalitat de preinscripci\u00f3 excepcional. Nom\u00e9s s&#8217;ofereix per als casos en qu\u00e8 els sol\u00b7licitants no puguin fer la tramitaci\u00f3 telem\u00e0tica, per manca de connectivitat i\/o mitjans inform\u00e0tics.<\/span><\/strong><\/h4>\n<\/td>\n<\/tr>\n<tr style=\"height: 58px;\">\n<td style=\"background-color: #0eab16; height: 58px; width: 819px;\" colspan=\"2\">\n<h4 style=\"text-align: center;\"><strong><span style=\"color: #ffffff;\">COM S&#8217;HA DE FER?<\/span><\/strong><\/h4>\n<\/td>\n<\/tr>\n<tr style=\"height: 49px;\">\n<td style=\"background-color: #5bde40; height: 49px; width: 819px;\" colspan=\"2\">\n<h5><span style=\"color: #ffffff;\"><strong>1. S&#8217;HA DE SOL\u00b7LICITAR <\/strong><strong>CITA PR\u00c8VIA <\/strong><strong>AMB ANTELACI\u00d3<\/strong><\/span><\/h5>\n<\/td>\n<\/tr>\n<tr style=\"height: 265px;\">\n<td style=\"width: 543px; height: 265px;\">\n<h5><strong>Ho podeu fer:<\/strong><\/h5>\n<ul>\n<li>\n<h5><strong>Mitjan\u00e7ant l\u2019<a href=\"https:\/\/aplicacions.gestioeducativa.gencat.cat\/pls\/apex\/f?p=CITA_PREVIA:4::::4:P4_TIPUS_CALENDARI,P4_DOMINI:01_Oblig,08046751\" target=\"_blank\" rel=\"noopener noreferrer\">eina de gesti\u00f3 habilitada pel Departament d\u2019Educaci\u00f3<\/a>.<\/strong><\/h5>\n<\/li>\n<li>\n<h5><strong>Trucant al tel\u00e8fon del centre (933991801) a partir del dia 13 maig de 9:00h a 13:30h.<\/strong><\/h5>\n<\/li>\n<\/ul>\n<\/td>\n<td style=\"width: 274px; height: 265px;\">\n<h4 style=\"text-align: center;\"><a href=\"https:\/\/aplicacions.gestioeducativa.gencat.cat\/pls\/apex\/f?p=CITA_PREVIA:4::::4:P4_TIPUS_CALENDARI,P4_DOMINI:01_Oblig,08046751\" target=\"_blank\" rel=\"noopener noreferrer\">CITA PR\u00c8VIA<\/a><\/h4>\n<p><a href=\"https:\/\/aplicacions.gestioeducativa.gencat.cat\/pls\/apex\/f?p=CITA_PREVIA:4::::4:P4_TIPUS_CALENDARI,P4_DOMINI:01_Oblig,08046751\" target=\"_blank\" rel=\"noopener noreferrer\"><img loading=\"lazy\" decoding=\"async\" class=\"aligncenter size-thumbnail wp-image-1880\" src=\"https:\/\/agora.xtec.cat\/iesventuragassol\/wp-content\/uploads\/usu1243\/2020\/04\/digital-150x150.png\" alt=\"\" width=\"150\" height=\"150\" srcset=\"https:\/\/agora.xtec.cat\/iesventuragassol\/wp-content\/uploads\/usu1243\/2020\/04\/digital-150x150.png 150w, https:\/\/agora.xtec.cat\/iesventuragassol\/wp-content\/uploads\/usu1243\/2020\/04\/digital-300x300.png 300w, https:\/\/agora.xtec.cat\/iesventuragassol\/wp-content\/uploads\/usu1243\/2020\/04\/digital.png 512w\" sizes=\"auto, (max-width: 150px) 100vw, 150px\" \/><\/a><\/td>\n<\/tr>\n<tr style=\"height: 49px;\">\n<td style=\"background-color: #5bde40; height: 49px; width: 819px;\" colspan=\"2\">\n<h5><span style=\"color: #ffffff;\"><strong>2. HEU DE PORTAR i APORTAR LA DOCUMENTACI\u00d3 QUE US INDIQUEM<\/strong><\/span><\/h5>\n<\/td>\n<\/tr>\n<tr style=\"height: 165px;\">\n<td style=\"width: 819px; height: 165px;\" colspan=\"2\">\n<ul>\n<li><strong><a href=\"http:\/\/ensenyament.gencat.cat\/web\/shared\/OVT\/Departaments\/ENS\/TramitOVT\/preinscripcio\/obligatoris\/B42.pdf\" target=\"_blank\" rel=\"noopener noreferrer\">Sol\u00b7licitud de preinscripci\u00f3 en format paper<\/a><\/strong><\/li>\n<li><strong>Original i fotoc\u00f2pia del llibre de fam\u00edlia <\/strong>(pares i alumne\/a)<strong> o altres documents relatius a la filiaci\u00f3.<\/strong><\/li>\n<li><strong>Original i fotoc\u00f2pia del DNI de la persona sol\u00b7licitant <\/strong>(pare, mare, tutor\/a)<strong> o de la targeta de resid\u00e8ncia on consta el NIE o del passaport.<\/strong><\/li>\n<li><strong>Original i fotoc\u00f2pia del DNI o de la targeta de resid\u00e8ncia on consta el NIE de l\u2019alumne\/a, si t\u00e9 m\u00e9s de 14 anys. <\/strong>(Si \u00e9s menor de 14 anys i en t\u00e9, adjuntar-ho tamb\u00e9).<\/li>\n<\/ul>\n<\/td>\n<\/tr>\n<tr style=\"height: 49px;\">\n<td style=\"width: 819px; background-color: #5bde40; height: 49px;\" colspan=\"2\">\n<h5><span style=\"color: #ffffff;\"><strong>3. SI S&#8217;HAN DE JUSTIFICAR\u00a0 CRITERIS GENERALS DE BAREMACI\u00d3<\/strong><\/span><\/h5>\n<\/td>\n<\/tr>\n<tr style=\"height: 341px;\">\n<td style=\"width: 819px; height: 341px;\" colspan=\"2\">\n<ol style=\"list-style-type: lower-alpha;\">\n<li><em>Exist\u00e8ncia germans\/es<\/em><em> matriculats al centre o de pares o tutors legals que hi treballen<\/em> <strong>:<\/strong> <strong>El centre ho comprovar\u00e0 directament, no cal presentar cap document. <\/strong><\/li>\n<li><em>Proximitat del domicili<\/em><strong>: <\/strong>\n<ol>\n<li><strong>Quan el domicili familiar que s\u2019al\u00b7lega no coincideix<\/strong> amb el del DNI o NIE de la persona sol\u00b7licitant, certificat o volant municipal de conviv\u00e8ncia de l\u2019alumne\/a on hi ha de constar que conviu amb la persona sol\u00b7licitant. <strong>En aquest cas, cal presentar el DNI renovat amb l\u2019adre\u00e7a correcta el dia de la matr\u00edcula.<\/strong><\/li>\n<li><strong>Quan es consideri el domicili del lloc de treball de la persona sol\u00b7licitant<\/strong> a efectes de barem, <strong>original i fotoc\u00f2pia del contracte laboral o d\u2019un certificat em\u00e8s a aquest efecte per l\u2019empresa<\/strong>. En el cas de <strong>treballadors en el r\u00e8gim d\u2019aut\u00f2noms,<\/strong> es t\u00e9 en compte el domicili acreditat a l\u2019Ag\u00e8ncia Tribut\u00e0ria i<strong> s\u2019acredita amb una c\u00f2pia del formulari de la declaraci\u00f3 censal d\u2019alta, modificaci\u00f3 i baixa en el cens d\u2019obligats tributaris (model 036 o 037).<br \/>\n<\/strong><\/li>\n<\/ol>\n<\/li>\n<li><em> Renda anual<\/em>: <strong>Documentaci\u00f3 acreditativa de ser beneficiari<\/strong> de la <strong>prestaci\u00f3<\/strong> econ\u00f2mica de la <strong>renda garantida de ciutadania.<\/strong><\/li>\n<li><em>Discapacitat de l\u2019alumne\/a, pare, mare, tutor\/a o germans igual o superior al 33%<\/em>:<strong> Original i fotoc\u00f2pia del certificat o targeta de discapacitat<\/strong> expedit pel Dept. de Treball, Afers Socials i Fam\u00edlies<\/li>\n<\/ol>\n<\/td>\n<\/tr>\n<tr style=\"height: 49px;\">\n<td style=\"width: 819px; background-color: #5bde40; height: 49px;\" colspan=\"2\">\n<h5><span style=\"color: #ffffff;\"><strong>4. SI S&#8217;HAN DE JUSTIFICAR\u00a0 CRITERIS COMPLEMENTARIS DE BAREMACI\u00d3<\/strong><\/span><\/h5>\n<\/td>\n<\/tr>\n<tr style=\"height: 77px;\">\n<td style=\"width: 819px; height: 77px;\" colspan=\"2\">\n<ol style=\"list-style-type: lower-alpha;\">\n<li><em>Condici\u00f3 legal de fam\u00edlia nombrosa o monoparental: <\/em><strong>Original i fotoc\u00f2pia del carnet de fam\u00edlia nombrosa o monoparental vigent.<\/strong><\/li>\n<\/ol>\n<\/td>\n<\/tr>\n<tr style=\"height: 78px;\">\n<td style=\"height: 78px; width: 819px;\" colspan=\"2\">\n<h5><strong><span style=\"color: #0000ff;\">Cal presentar les fotoc\u00f2pies, acompanyades de l\u2019original corresponent.<\/span><\/strong><\/h5>\n<h5><strong><span style=\"color: #0000ff;\">Les fotoc\u00f2pies han de ser de mida DIN-A4, sense retallar, i un document per full.<\/span><\/strong><\/h5>\n<\/td>\n<\/tr>\n<tr style=\"height: 180px;\">\n<td style=\"height: 180px; width: 543px;\">\n<h4><a href=\"https:\/\/agora.xtec.cat\/iesventuragassol\/wp-content\/uploads\/usu1243\/2020\/05\/PREINSCRIPCI\u00d3-presencial-ESO-CURS-2020.pdf\" target=\"_blank\" rel=\"noopener noreferrer\"><strong><span style=\"color: #008000;\">S\u00cdNTESI I INFORMACI\u00d3 PREINSCRIPCI\u00d3 <\/span><\/strong><strong><span style=\"color: #008000;\">[modalitat presencial]<\/span><\/strong><\/a><\/h4>\n<\/td>\n<td style=\"height: 180px; width: 274px;\">\n<h4 style=\"text-align: center;\"><a href=\"https:\/\/agora.xtec.cat\/iesventuragassol\/wp-content\/uploads\/usu1243\/2020\/05\/PREINSCRIPCI\u00d3-presencial-ESO-CURS-2020.pdf\" target=\"_blank\" rel=\"noopener noreferrer\"><strong><span style=\"color: #ffffff;\"><img loading=\"lazy\" decoding=\"async\" class=\"aligncenter size-thumbnail wp-image-1915\" src=\"https:\/\/agora.xtec.cat\/iesventuragassol\/wp-content\/uploads\/usu1243\/2020\/04\/info-150x150.png\" alt=\"\" width=\"150\" height=\"150\" srcset=\"https:\/\/agora.xtec.cat\/iesventuragassol\/wp-content\/uploads\/usu1243\/2020\/04\/info-150x150.png 150w, https:\/\/agora.xtec.cat\/iesventuragassol\/wp-content\/uploads\/usu1243\/2020\/04\/info-300x300.png 300w, https:\/\/agora.xtec.cat\/iesventuragassol\/wp-content\/uploads\/usu1243\/2020\/04\/info.png 512w\" sizes=\"auto, (max-width: 150px) 100vw, 150px\" \/><\/span><\/strong><\/a><\/h4>\n<\/td>\n<\/tr>\n<tr style=\"height: 58px;\">\n<td style=\"background-color: #0eab16; height: 58px; width: 819px;\" colspan=\"2\">\n<h4 style=\"text-align: center;\"><strong><span style=\"color: #ffffff;\">INFORMACIONS I RECOMANACIONS A TENIR EN COMPTE<\/span><\/strong><\/h4>\n<\/td>\n<\/tr>\n<tr style=\"height: 192px;\">\n<td style=\"width: 819px; height: 192px;\" colspan=\"2\">\n<ul>\n<li>\n<h5><strong><span style=\"color: #ff0000;\">No s\u2019atendr\u00e0 a ning\u00fa sense cita pr\u00e8via.<\/span><\/strong><\/h5>\n<\/li>\n<li>\n<h5><strong><span style=\"color: #ff0000;\">Els tr\u00e0mits nom\u00e9s els ha de fer una \u00fanica persona.<\/span><\/strong><\/h5>\n<\/li>\n<li>\n<h5><strong><span style=\"color: #ff0000;\">\u00c9s recomanable portar guants i mascareta.<\/span><\/strong><\/h5>\n<\/li>\n<li>\n<h5><strong><span style=\"color: #ff0000;\">No poden accedir al centre persones de grups d\u2019especial vulnerabilitat o en per\u00edode de confinament o que tinguin s\u00edmptomes; en aquest cas, podeu autoritzar per escrit a una altra persona a portar la sol\u00b7licitud i la documentaci\u00f3.<\/span><\/strong><\/h5>\n<\/li>\n<\/ul>\n<\/td>\n<\/tr>\n<\/tbody>\n<\/table>\n","protected":false},"excerpt":{"rendered":"<p>Benvolgudes fam\u00edlies, que desitgeu inscriure per primer cop els vostres fills\/es al nostre institut, us facilitem tot all\u00f2 que us cal saber per a dur a terme el proc\u00e9s de PREINSCRIPCI\u00d3 per al proper curs escolar.<br \/>\nA causa de l\u2019emerg\u00e8ncia sanit\u00e0ria ocasionada per la COVID-19, cal&hellip;  <a href=\"https:\/\/agora.xtec.cat\/iesventuragassol\/general\/preinscripcio-2020-21-tot-el-que-em-cal-saber\/\" title=\"Read PREINSCRIPCI\u00d3 ESO [2020-21]: Tot el que cal saber i com s&#8217;ha de fer\">Llegeix m\u00e9s\u00bb<\/a><\/p>\n","protected":false},"author":1,"featured_media":2062,"comment_status":"closed","ping_status":"closed","sticky":false,"template":"","format":"standard","meta":{"_bbp_topic_count":0,"_bbp_reply_count":0,"_bbp_total_topic_count":0,"_bbp_total_reply_count":0,"_bbp_voice_count":0,"_bbp_anonymous_reply_count":0,"_bbp_topic_count_hidden":0,"_bbp_reply_count_hidden":0,"_bbp_forum_subforum_count":0,"footnotes":""},"categories":[31,1,29,88],"tags":[189,170,164,166,169,87,171,184],"class_list":["post-2009","post","type-post","status-publish","format-standard","has-post-thumbnail","hentry","category-ampa","category-general","category-portada","category-secretaria","tag-2019-20","tag-comunicats-oficials","tag-comunitat-esducativa-acollida-informacio-families","tag-covid-19","tag-dept-educacio","tag-eso","tag-informacio-families","tag-preinscripcio"],"post_mailing_queue_ids":[],"_links":{"self":[{"href":"https:\/\/agora.xtec.cat\/iesventuragassol\/wp-json\/wp\/v2\/posts\/2009","targetHints":{"allow":["GET"]}}],"collection":[{"href":"https:\/\/agora.xtec.cat\/iesventuragassol\/wp-json\/wp\/v2\/posts"}],"about":[{"href":"https:\/\/agora.xtec.cat\/iesventuragassol\/wp-json\/wp\/v2\/types\/post"}],"author":[{"embeddable":true,"href":"https:\/\/agora.xtec.cat\/iesventuragassol\/wp-json\/wp\/v2\/users\/1"}],"replies":[{"embeddable":true,"href":"https:\/\/agora.xtec.cat\/iesventuragassol\/wp-json\/wp\/v2\/comments?post=2009"}],"version-history":[{"count":3,"href":"https:\/\/agora.xtec.cat\/iesventuragassol\/wp-json\/wp\/v2\/posts\/2009\/revisions"}],"predecessor-version":[{"id":2072,"href":"https:\/\/agora.xtec.cat\/iesventuragassol\/wp-json\/wp\/v2\/posts\/2009\/revisions\/2072"}],"wp:featuredmedia":[{"embeddable":true,"href":"https:\/\/agora.xtec.cat\/iesventuragassol\/wp-json\/wp\/v2\/media\/2062"}],"wp:attachment":[{"href":"https:\/\/agora.xtec.cat\/iesventuragassol\/wp-json\/wp\/v2\/media?parent=2009"}],"wp:term":[{"taxonomy":"category","embeddable":true,"href":"https:\/\/agora.xtec.cat\/iesventuragassol\/wp-json\/wp\/v2\/categories?post=2009"},{"taxonomy":"post_tag","embeddable":true,"href":"https:\/\/agora.xtec.cat\/iesventuragassol\/wp-json\/wp\/v2\/tags?post=2009"}],"curies":[{"name":"wp","href":"https:\/\/api.w.org\/{rel}","templated":true}]}}