{"id":12900,"date":"2026-02-11T15:05:09","date_gmt":"2026-02-11T14:05:09","guid":{"rendered":"https:\/\/agora.xtec.cat\/iesvallvera\/?p=12900"},"modified":"2026-02-17T22:19:40","modified_gmt":"2026-02-17T21:19:40","slug":"dema-linstitut-estara-tancat-per-risc-de-fortes-ventades","status":"publish","type":"post","link":"https:\/\/agora.xtec.cat\/iesvallvera\/general\/dema-linstitut-estara-tancat-per-risc-de-fortes-ventades\/","title":{"rendered":"El divendres 12 de febrer l&#8217;institut romandr\u00e0 tancat per risc de fortes ventades"},"content":{"rendered":"<p><a href=\"https:\/\/agora.xtec.cat\/iesvallvera\/wp-content\/uploads\/usu783\/2026\/02\/ventcat.jpg\"><img loading=\"lazy\" decoding=\"async\" class=\"wp-image-12902 alignleft\" src=\"https:\/\/agora.xtec.cat\/iesvallvera\/wp-content\/uploads\/usu783\/2026\/02\/ventcat.jpg\" alt=\"\" width=\"231\" height=\"225\" srcset=\"https:\/\/agora.xtec.cat\/iesvallvera\/wp-content\/uploads\/usu783\/2026\/02\/ventcat.jpg 597w, https:\/\/agora.xtec.cat\/iesvallvera\/wp-content\/uploads\/usu783\/2026\/02\/ventcat-300x292.jpg 300w\" sizes=\"auto, (max-width: 231px) 100vw, 231px\" \/><\/a>Davant la previsi\u00f3 de fortes ventades a tot Catalunya i l&#8217;activaci\u00f3, per part de\u00a0Protecci\u00f3 Civil de la Generalitat,\u00a0del Pla especial d&#8217;emerg\u00e8ncies per risc de vent (<a title=\"Pla VENTCAT\" href=\"https:\/\/interior.gencat.cat\/ca\/arees_dactuacio\/proteccio_civil\/plans-proteccio-civil\/plans-especials\/ventcat\/index.html\" target=\"_blank\" rel=\"noopener\">VENTCAT<\/a>),\u00a0<strong>d<\/strong><strong>em\u00e0 dijous 12 de febrer se suspenen les activitats educatives, sanit\u00e0ries no urgents, sociosanit\u00e0ries i esportives<\/strong>. Tamb\u00e9 es tanquen tots els espais naturals no urbans i es prohibeixen les activitats previstes. Protecci\u00f3 Civil demana evitar despla\u00e7aments innecessaris i aplicar el teletreball sempre que sigui possible.<\/p>\n<p>&nbsp;<\/p>\n<h5>Recomanem molta precauci\u00f3 i seguir les indicacions\u00a0<a title=\"Ves a la p\u00e0gina\" href=\"https:\/\/x.com\/emergenciescat\" target=\"_blank\" rel=\"noopener\">Protecci\u00f3 civil (@emergenciescat)<\/a><\/h5>\n","protected":false},"excerpt":{"rendered":"<p>Davant la previsi\u00f3 de fortes ventades a tot Catalunya i l&#8217;activaci\u00f3, per part de\u00a0Protecci\u00f3 Civil de la Generalitat,\u00a0del Pla especial d&#8217;emerg\u00e8ncies per risc de vent (VENTCAT),\u00a0dem\u00e0 dijous 12 de febrer se suspenen les activitats educatives, sanit\u00e0ries no urgents, sociosanit\u00e0ries i esportives. Tamb\u00e9 es tanquen tots els espais naturals no urbans i es prohibeixen les activitats [&hellip;]<\/p>\n","protected":false},"author":1,"featured_media":12902,"comment_status":"closed","ping_status":"closed","sticky":false,"template":"","format":"standard","meta":{"_bbp_topic_count":0,"_bbp_reply_count":0,"_bbp_total_topic_count":0,"_bbp_total_reply_count":0,"_bbp_voice_count":0,"_bbp_anonymous_reply_count":0,"_bbp_topic_count_hidden":0,"_bbp_reply_count_hidden":0,"_bbp_forum_subforum_count":0,"site-sidebar-layout":"default","site-content-layout":"","ast-site-content-layout":"","site-content-style":"default","site-sidebar-style":"default","ast-global-header-display":"","ast-banner-title-visibility":"","ast-main-header-display":"","ast-hfb-above-header-display":"","ast-hfb-below-header-display":"","ast-hfb-mobile-header-display":"","site-post-title":"","ast-breadcrumbs-content":"","ast-featured-img":"","footer-sml-layout":"","theme-transparent-header-meta":"","adv-header-id-meta":"","stick-header-meta":"","header-above-stick-meta":"","header-main-stick-meta":"","header-below-stick-meta":"","astra-migrate-meta-layouts":"default","ast-page-background-enabled":"default","ast-page-background-meta":{"desktop":{"background-color":"var(--ast-global-color-4)","background-image":"","background-repeat":"repeat","background-position":"center center","background-size":"auto","background-attachment":"scroll","background-type":"","background-media":"","overlay-type":"","overlay-color":"","overlay-opacity":"","overlay-gradient":""},"tablet":{"background-color":"","background-image":"","background-repeat":"repeat","background-position":"center center","background-size":"auto","background-attachment":"scroll","background-type":"","background-media":"","overlay-type":"","overlay-color":"","overlay-opacity":"","overlay-gradient":""},"mobile":{"background-color":"","background-image":"","background-repeat":"repeat","background-position":"center center","background-size":"auto","background-attachment":"scroll","background-type":"","background-media":"","overlay-type":"","overlay-color":"","overlay-opacity":"","overlay-gradient":""}},"ast-content-background-meta":{"desktop":{"background-color":"var(--ast-global-color-5)","background-image":"","background-repeat":"repeat","background-position":"center center","background-size":"auto","background-attachment":"scroll","background-type":"","background-media":"","overlay-type":"","overlay-color":"","overlay-opacity":"","overlay-gradient":""},"tablet":{"background-color":"var(--ast-global-color-5)","background-image":"","background-repeat":"repeat","background-position":"center center","background-size":"auto","background-attachment":"scroll","background-type":"","background-media":"","overlay-type":"","overlay-color":"","overlay-opacity":"","overlay-gradient":""},"mobile":{"background-color":"var(--ast-global-color-5)","background-image":"","background-repeat":"repeat","background-position":"center center","background-size":"auto","background-attachment":"scroll","background-type":"","background-media":"","overlay-type":"","overlay-color":"","overlay-opacity":"","overlay-gradient":""}},"footnotes":""},"categories":[1,29],"tags":[],"class_list":["post-12900","post","type-post","status-publish","format-standard","has-post-thumbnail","hentry","category-general","category-portada"],"post_mailing_queue_ids":[],"_links":{"self":[{"href":"https:\/\/agora.xtec.cat\/iesvallvera\/wp-json\/wp\/v2\/posts\/12900","targetHints":{"allow":["GET"]}}],"collection":[{"href":"https:\/\/agora.xtec.cat\/iesvallvera\/wp-json\/wp\/v2\/posts"}],"about":[{"href":"https:\/\/agora.xtec.cat\/iesvallvera\/wp-json\/wp\/v2\/types\/post"}],"author":[{"embeddable":true,"href":"https:\/\/agora.xtec.cat\/iesvallvera\/wp-json\/wp\/v2\/users\/1"}],"replies":[{"embeddable":true,"href":"https:\/\/agora.xtec.cat\/iesvallvera\/wp-json\/wp\/v2\/comments?post=12900"}],"version-history":[{"count":6,"href":"https:\/\/agora.xtec.cat\/iesvallvera\/wp-json\/wp\/v2\/posts\/12900\/revisions"}],"predecessor-version":[{"id":12914,"href":"https:\/\/agora.xtec.cat\/iesvallvera\/wp-json\/wp\/v2\/posts\/12900\/revisions\/12914"}],"wp:featuredmedia":[{"embeddable":true,"href":"https:\/\/agora.xtec.cat\/iesvallvera\/wp-json\/wp\/v2\/media\/12902"}],"wp:attachment":[{"href":"https:\/\/agora.xtec.cat\/iesvallvera\/wp-json\/wp\/v2\/media?parent=12900"}],"wp:term":[{"taxonomy":"category","embeddable":true,"href":"https:\/\/agora.xtec.cat\/iesvallvera\/wp-json\/wp\/v2\/categories?post=12900"},{"taxonomy":"post_tag","embeddable":true,"href":"https:\/\/agora.xtec.cat\/iesvallvera\/wp-json\/wp\/v2\/tags?post=12900"}],"curies":[{"name":"wp","href":"https:\/\/api.w.org\/{rel}","templated":true}]}}