{"id":12491,"date":"2025-03-27T12:41:24","date_gmt":"2025-03-27T11:41:24","guid":{"rendered":"https:\/\/agora.xtec.cat\/iesvallvera\/?p=12491"},"modified":"2025-03-27T12:41:24","modified_gmt":"2025-03-27T11:41:24","slug":"guimera-76-un-espai-per-fomentar-la-lectura-a-salt","status":"publish","type":"post","link":"https:\/\/agora.xtec.cat\/iesvallvera\/general\/guimera-76-un-espai-per-fomentar-la-lectura-a-salt\/","title":{"rendered":"Guimer\u00e0 76: un espai per fomentar la lectura a Salt"},"content":{"rendered":"<div dir=\"ltr\"><i><br \/>\n<a href=\"https:\/\/agora.xtec.cat\/iesvallvera\/wp-content\/uploads\/usu783\/2025\/03\/Guimera-76-7.jpg\"><img loading=\"lazy\" decoding=\"async\" class=\"size-medium wp-image-12492 alignleft\" src=\"https:\/\/agora.xtec.cat\/iesvallvera\/wp-content\/uploads\/usu783\/2025\/03\/Guimera-76-7-300x225.jpg\" alt=\"\" width=\"300\" height=\"225\" srcset=\"https:\/\/agora.xtec.cat\/iesvallvera\/wp-content\/uploads\/usu783\/2025\/03\/Guimera-76-7-300x225.jpg 300w, https:\/\/agora.xtec.cat\/iesvallvera\/wp-content\/uploads\/usu783\/2025\/03\/Guimera-76-7-1024x768.jpg 1024w, https:\/\/agora.xtec.cat\/iesvallvera\/wp-content\/uploads\/usu783\/2025\/03\/Guimera-76-7-768x576.jpg 768w, https:\/\/agora.xtec.cat\/iesvallvera\/wp-content\/uploads\/usu783\/2025\/03\/Guimera-76-7-1536x1152.jpg 1536w, https:\/\/agora.xtec.cat\/iesvallvera\/wp-content\/uploads\/usu783\/2025\/03\/Guimera-76-7-200x150.jpg 200w, https:\/\/agora.xtec.cat\/iesvallvera\/wp-content\/uploads\/usu783\/2025\/03\/Guimera-76-7.jpg 1600w\" sizes=\"auto, (max-width: 300px) 100vw, 300px\" \/><\/a>Aquest mes, l\u2019alumnat de 1r i 2n d&#8217;ESO han tingut l&#8217;oportunitat de visitar l&#8217;espai &#8220;Guimer\u00e0 76&#8221;, un projecte educatiu situat a Salt que t\u00e9 com a objectiu principal apropar la lectura als infants i joves. Aquest espai ofereix una selecci\u00f3 de llibres juvenils a un preu simb\u00f2lic de 0,50 c\u00e8ntims, facilitant aix\u00ed l&#8217;acc\u00e9s a la lectura per a tothom.<\/p>\n<p>Durant la visita, els nostres alumnes han pogut con\u00e8ixer de primera m\u00e0 les instal\u00b7lacions, que es troben molt a prop d<a href=\"https:\/\/agora.xtec.cat\/iesvallvera\/wp-content\/uploads\/usu783\/2025\/03\/Guimera-76-2.jpg\"><img loading=\"lazy\" decoding=\"async\" class=\"size-medium wp-image-12493 alignright\" src=\"https:\/\/agora.xtec.cat\/iesvallvera\/wp-content\/uploads\/usu783\/2025\/03\/Guimera-76-2-300x272.jpg\" alt=\"\" width=\"300\" height=\"272\" srcset=\"https:\/\/agora.xtec.cat\/iesvallvera\/wp-content\/uploads\/usu783\/2025\/03\/Guimera-76-2-300x272.jpg 300w, https:\/\/agora.xtec.cat\/iesvallvera\/wp-content\/uploads\/usu783\/2025\/03\/Guimera-76-2.jpg 768w\" sizes=\"auto, (max-width: 300px) 100vw, 300px\" \/><\/a>el Vallvera. Els responsables de l&#8217;espai han explicat als alumnes la varietat de llibres disponibles i els han informat sobre l&#8217;horari i el funcionament. Al final de la trobada, cada alumne ha tingut l&#8217;oportunitat de triar un llibre per endur-se&#8217;l a casa!<\/p>\n<p>\u00c9s important destacar que &#8220;Guimer\u00e0 76&#8221; forma part d&#8217;una iniciativa m\u00e9s \u00e0mplia que inclou &#8220;Connexi\u00f3 Papyrus&#8221;, un espai de redistribuci\u00f3 de llibres situat a Celr\u00e0, amb molts llibres a preus assequibles. Aquest projecte t\u00e9 com a missi\u00f3 cobrir la necessitat d&#8217;oferir llibres a preus assequibles, contribuint a la promoci\u00f3 de la lectura tant en infants i joves com en adults.<\/p>\n<p>Aquesta experi\u00e8ncia ha donat a con\u00e8ixer a l\u2019alumnat una iniciativa local de foment de la lectura; esperem que hagin gaudit de la visita!\u00a0<\/i><\/div>\n<div dir=\"ltr\"><i>\u00a0<\/i><\/div>\n<div dir=\"ltr\"><i>Podeu veure m\u00e9s fotos de la visita en aquest\u00a0<a href=\"https:\/\/drive.google.com\/drive\/folders\/1LP80orD7mFvzCz_YHx7WBr_Y69X4fXC_\" target=\"_blank\" rel=\"noopener\" data-saferedirecturl=\"https:\/\/www.google.com\/url?q=https:\/\/drive.google.com\/drive\/folders\/1LP80orD7mFvzCz_YHx7WBr_Y69X4fXC_&amp;source=gmail&amp;ust=1743161942557000&amp;usg=AOvVaw2OdsxNyWuABFMuzkiPukVD\">enlla\u00e7<\/a><\/i><\/div>\n","protected":false},"excerpt":{"rendered":"<p>Aquest mes, l\u2019alumnat de 1r i 2n d&#8217;ESO han tingut l&#8217;oportunitat de visitar l&#8217;espai &#8220;Guimer\u00e0 76&#8221;, un projecte educatiu situat a Salt que t\u00e9 com a objectiu principal apropar la lectura als infants i joves. Aquest espai ofereix una selecci\u00f3 de llibres juvenils a un preu simb\u00f2lic de 0,50 c\u00e8ntims, facilitant aix\u00ed l&#8217;acc\u00e9s a la [&hellip;]<\/p>\n","protected":false},"author":1,"featured_media":12493,"comment_status":"closed","ping_status":"closed","sticky":false,"template":"","format":"standard","meta":{"_bbp_topic_count":0,"_bbp_reply_count":0,"_bbp_total_topic_count":0,"_bbp_total_reply_count":0,"_bbp_voice_count":0,"_bbp_anonymous_reply_count":0,"_bbp_topic_count_hidden":0,"_bbp_reply_count_hidden":0,"_bbp_forum_subforum_count":0,"site-sidebar-layout":"default","site-content-layout":"","ast-site-content-layout":"","site-content-style":"default","site-sidebar-style":"default","ast-global-header-display":"","ast-banner-title-visibility":"","ast-main-header-display":"","ast-hfb-above-header-display":"","ast-hfb-below-header-display":"","ast-hfb-mobile-header-display":"","site-post-title":"","ast-breadcrumbs-content":"","ast-featured-img":"","footer-sml-layout":"","theme-transparent-header-meta":"","adv-header-id-meta":"","stick-header-meta":"","header-above-stick-meta":"","header-main-stick-meta":"","header-below-stick-meta":"","astra-migrate-meta-layouts":"default","ast-page-background-enabled":"default","ast-page-background-meta":{"desktop":{"background-color":"var(--ast-global-color-4)","background-image":"","background-repeat":"repeat","background-position":"center center","background-size":"auto","background-attachment":"scroll","background-type":"","background-media":"","overlay-type":"","overlay-color":"","overlay-opacity":"","overlay-gradient":""},"tablet":{"background-color":"","background-image":"","background-repeat":"repeat","background-position":"center center","background-size":"auto","background-attachment":"scroll","background-type":"","background-media":"","overlay-type":"","overlay-color":"","overlay-opacity":"","overlay-gradient":""},"mobile":{"background-color":"","background-image":"","background-repeat":"repeat","background-position":"center center","background-size":"auto","background-attachment":"scroll","background-type":"","background-media":"","overlay-type":"","overlay-color":"","overlay-opacity":"","overlay-gradient":""}},"ast-content-background-meta":{"desktop":{"background-color":"var(--ast-global-color-5)","background-image":"","background-repeat":"repeat","background-position":"center center","background-size":"auto","background-attachment":"scroll","background-type":"","background-media":"","overlay-type":"","overlay-color":"","overlay-opacity":"","overlay-gradient":""},"tablet":{"background-color":"var(--ast-global-color-5)","background-image":"","background-repeat":"repeat","background-position":"center center","background-size":"auto","background-attachment":"scroll","background-type":"","background-media":"","overlay-type":"","overlay-color":"","overlay-opacity":"","overlay-gradient":""},"mobile":{"background-color":"var(--ast-global-color-5)","background-image":"","background-repeat":"repeat","background-position":"center center","background-size":"auto","background-attachment":"scroll","background-type":"","background-media":"","overlay-type":"","overlay-color":"","overlay-opacity":"","overlay-gradient":""}},"footnotes":""},"categories":[188,133,3,4,5,1,29],"tags":[],"class_list":["post-12491","post","type-post","status-publish","format-standard","has-post-thumbnail","hentry","category-2024-2025","category-biblioteca","category-eso","category-eso-1","category-eso-2","category-general","category-portada"],"post_mailing_queue_ids":[],"_links":{"self":[{"href":"https:\/\/agora.xtec.cat\/iesvallvera\/wp-json\/wp\/v2\/posts\/12491","targetHints":{"allow":["GET"]}}],"collection":[{"href":"https:\/\/agora.xtec.cat\/iesvallvera\/wp-json\/wp\/v2\/posts"}],"about":[{"href":"https:\/\/agora.xtec.cat\/iesvallvera\/wp-json\/wp\/v2\/types\/post"}],"author":[{"embeddable":true,"href":"https:\/\/agora.xtec.cat\/iesvallvera\/wp-json\/wp\/v2\/users\/1"}],"replies":[{"embeddable":true,"href":"https:\/\/agora.xtec.cat\/iesvallvera\/wp-json\/wp\/v2\/comments?post=12491"}],"version-history":[{"count":1,"href":"https:\/\/agora.xtec.cat\/iesvallvera\/wp-json\/wp\/v2\/posts\/12491\/revisions"}],"predecessor-version":[{"id":12494,"href":"https:\/\/agora.xtec.cat\/iesvallvera\/wp-json\/wp\/v2\/posts\/12491\/revisions\/12494"}],"wp:featuredmedia":[{"embeddable":true,"href":"https:\/\/agora.xtec.cat\/iesvallvera\/wp-json\/wp\/v2\/media\/12493"}],"wp:attachment":[{"href":"https:\/\/agora.xtec.cat\/iesvallvera\/wp-json\/wp\/v2\/media?parent=12491"}],"wp:term":[{"taxonomy":"category","embeddable":true,"href":"https:\/\/agora.xtec.cat\/iesvallvera\/wp-json\/wp\/v2\/categories?post=12491"},{"taxonomy":"post_tag","embeddable":true,"href":"https:\/\/agora.xtec.cat\/iesvallvera\/wp-json\/wp\/v2\/tags?post=12491"}],"curies":[{"name":"wp","href":"https:\/\/api.w.org\/{rel}","templated":true}]}}