{"id":9282,"date":"2020-03-25T11:05:37","date_gmt":"2020-03-25T10:05:37","guid":{"rendered":"http:\/\/agora.xtec.cat\/iesvallhebron\/?p=9282"},"modified":"2020-04-08T13:14:01","modified_gmt":"2020-04-08T11:14:01","slug":"prorrogat-lestat-dalarma-fins-al-proper-11-dabril","status":"publish","type":"post","link":"https:\/\/agora.xtec.cat\/iesvallhebron\/portada\/prorrogat-lestat-dalarma-fins-al-proper-11-dabril\/","title":{"rendered":"Prorrogat l&#8217;estat d&#8217;alarma fins a l&#8217;11 d&#8217;abril"},"content":{"rendered":"<p><img loading=\"lazy\" decoding=\"async\" class=\"aligncenter size-large wp-image-9283\" src=\"https:\/\/agora.xtec.cat\/iesvallhebron\/wp-content\/uploads\/usu893\/2020\/03\/deures-1024x683.jpeg\" alt=\"\" width=\"1024\" height=\"683\" srcset=\"https:\/\/agora.xtec.cat\/iesvallhebron\/wp-content\/uploads\/usu893\/2020\/03\/deures-1024x683.jpeg 1024w, https:\/\/agora.xtec.cat\/iesvallhebron\/wp-content\/uploads\/usu893\/2020\/03\/deures-300x200.jpeg 300w, https:\/\/agora.xtec.cat\/iesvallhebron\/wp-content\/uploads\/usu893\/2020\/03\/deures-768x512.jpeg 768w, https:\/\/agora.xtec.cat\/iesvallhebron\/wp-content\/uploads\/usu893\/2020\/03\/deures.jpeg 1920w\" sizes=\"auto, (max-width: 1024px) 100vw, 1024px\" \/><\/p>\n<p>At\u00e8s que el confinament inicial decretat fins al 27 de mar\u00e7 s\u2019ha allargat 15 dies m\u00e9s ens posem en contacte per aportar algunes informacions i suggeriments que ens poden ser \u00fatils en aquests moments.<\/p>\n<p>Destacar que, tot i que el centre est\u00e0 tancat, <strong>no estem en un per\u00edode de vacances<\/strong>. El professorat del centre, mitjan\u00e7ant diferents entorns virtuals (plataforma moodle, Google Classroom), s\u2019ha posat en contacte amb l\u2019alumnat per tal de fer un seguiment de les diferents mat\u00e8ries i m\u00f2duls. Tot i que les activitats a realitzar no poden ser avaluables, la seva realitzaci\u00f3 i correcci\u00f3 contribuir\u00e0 al desenvolupament personal i acad\u00e8mic dels alumnes.<\/p>\n<p>Si algun alumne no est\u00e0 donat d\u2019alta a la intranet del centre cal que accedeixi a la web de l\u2019institut, a la secci\u00f3 rac\u00f3 de l\u2019alumnat i es doni d\u2019alta des de l\u2019apartat <a href=\"http:\/\/agora.xtec.cat\/iesvallhebron\/raco-de-lalumnat\/alta-correu-del-centre\/\">Alta al correu del Centre<\/a>. Per altra banda, si un alumne no pot accedir al Google Classroom perqu\u00e8 no recorda l\u2019usuari o la contrasenya, ha d\u2019enviar un correu a <a href=\"mailto:usuari@insvallhebron.cat\">usuari@insvallhebron.cat<\/a><\/p>\n<p>Segons el calendari d\u2019inici de curs, estava previst lliurar el <strong>butllet\u00ed de notes de la segona avaluaci\u00f3<\/strong> abans de les vacances de Setmana Santa. El tancament del centre des del divendres 13 de mar\u00e7, no ens ha perm\u00e8s poder disposar dels butlletins. No obstant aix\u00f2, tenim previst poder tenir-los una vegada ens incorporem a la normalitat.<\/p>\n<p>Informar tamb\u00e9 a les fam\u00edlies de 2n de Batxillerat i 2n de Grau Superior que <strong>la selectivitat<\/strong> ha estat ajornada i encara no s\u2019ha publicat una nova data.<\/p>\n<p>No volem acabar aquest comunicat sense recordar-vos que el m\u00e9s important \u00e9s no posar-nos neguitosos i conservar la calma. Tots estem preocupats per les not\u00edcies que ens arriben i per tenir els nostres fills moltes hores sense fer res \u201cproductiu\u201d, per\u00f2 evitem les confrontacions.\u00a0 Establiu horaris, assegureu-nos que van fent les tasques proposades i tingueu molta paci\u00e8ncia.<\/p>\n<p>Us recomanem un parell d\u2019articles que tracten com gestionar el confinament amb infants i adolescents a casa.<\/p>\n<p>Com sobreviure\u00a0 al confinament en fam\u00edlia? &#8211; <a href=\"http:\/\/ara.cat\/_9012e8be?s=e\">http:\/\/ara.cat\/_9012e8be?s=e<\/a><\/p>\n<p>Set consells per a passar el confinament amb els fills. <a href=\"https:\/\/www.vilaweb.cat\/noticies\/confinament-fills-set-consells-infants-adolescents\/\">https:\/\/www.vilaweb.cat\/noticies\/confinament-fills-set-consells-infants-adolescents\/<\/a><\/p>\n","protected":false},"excerpt":{"rendered":"<p>At\u00e8s que el confinament inicial decretat fins al 27 de mar\u00e7 s\u2019ha allargat 15 dies m\u00e9s ens posem en contacte per aportar algunes informacions i suggeriments que ens poden ser \u00fatils en aquests moments. Destacar que, tot i que el centre est\u00e0 tancat, no estem en un per\u00edode de vacances. El professorat del centre, mitjan\u00e7ant [&hellip;]<\/p>\n","protected":false},"author":1,"featured_media":9283,"comment_status":"closed","ping_status":"closed","sticky":false,"template":"","format":"standard","meta":{"_bbp_topic_count":0,"_bbp_reply_count":0,"_bbp_total_topic_count":0,"_bbp_total_reply_count":0,"_bbp_voice_count":0,"_bbp_anonymous_reply_count":0,"_bbp_topic_count_hidden":0,"_bbp_reply_count_hidden":0,"_bbp_forum_subforum_count":0,"site-sidebar-layout":"default","site-content-layout":"","ast-site-content-layout":"","site-content-style":"default","site-sidebar-style":"default","ast-global-header-display":"","ast-banner-title-visibility":"","ast-main-header-display":"","ast-hfb-above-header-display":"","ast-hfb-below-header-display":"","ast-hfb-mobile-header-display":"","site-post-title":"","ast-breadcrumbs-content":"","ast-featured-img":"","footer-sml-layout":"","theme-transparent-header-meta":"","adv-header-id-meta":"","stick-header-meta":"","header-above-stick-meta":"","header-main-stick-meta":"","header-below-stick-meta":"","astra-migrate-meta-layouts":"default","ast-page-background-enabled":"default","ast-page-background-meta":{"desktop":{"background-color":"var(--ast-global-color-4)","background-image":"","background-repeat":"repeat","background-position":"center center","background-size":"auto","background-attachment":"scroll","background-type":"","background-media":"","overlay-type":"","overlay-color":"","overlay-opacity":"","overlay-gradient":""},"tablet":{"background-color":"","background-image":"","background-repeat":"repeat","background-position":"center center","background-size":"auto","background-attachment":"scroll","background-type":"","background-media":"","overlay-type":"","overlay-color":"","overlay-opacity":"","overlay-gradient":""},"mobile":{"background-color":"","background-image":"","background-repeat":"repeat","background-position":"center center","background-size":"auto","background-attachment":"scroll","background-type":"","background-media":"","overlay-type":"","overlay-color":"","overlay-opacity":"","overlay-gradient":""}},"ast-content-background-meta":{"desktop":{"background-color":"var(--ast-global-color-5)","background-image":"","background-repeat":"repeat","background-position":"center center","background-size":"auto","background-attachment":"scroll","background-type":"","background-media":"","overlay-type":"","overlay-color":"","overlay-opacity":"","overlay-gradient":""},"tablet":{"background-color":"var(--ast-global-color-5)","background-image":"","background-repeat":"repeat","background-position":"center center","background-size":"auto","background-attachment":"scroll","background-type":"","background-media":"","overlay-type":"","overlay-color":"","overlay-opacity":"","overlay-gradient":""},"mobile":{"background-color":"var(--ast-global-color-5)","background-image":"","background-repeat":"repeat","background-position":"center center","background-size":"auto","background-attachment":"scroll","background-type":"","background-media":"","overlay-type":"","overlay-color":"","overlay-opacity":"","overlay-gradient":""}},"footnotes":""},"categories":[29],"tags":[45],"class_list":["post-9282","post","type-post","status-publish","format-standard","has-post-thumbnail","hentry","category-portada","tag-general"],"post_mailing_queue_ids":[],"_links":{"self":[{"href":"https:\/\/agora.xtec.cat\/iesvallhebron\/wp-json\/wp\/v2\/posts\/9282","targetHints":{"allow":["GET"]}}],"collection":[{"href":"https:\/\/agora.xtec.cat\/iesvallhebron\/wp-json\/wp\/v2\/posts"}],"about":[{"href":"https:\/\/agora.xtec.cat\/iesvallhebron\/wp-json\/wp\/v2\/types\/post"}],"author":[{"embeddable":true,"href":"https:\/\/agora.xtec.cat\/iesvallhebron\/wp-json\/wp\/v2\/users\/1"}],"replies":[{"embeddable":true,"href":"https:\/\/agora.xtec.cat\/iesvallhebron\/wp-json\/wp\/v2\/comments?post=9282"}],"version-history":[{"count":2,"href":"https:\/\/agora.xtec.cat\/iesvallhebron\/wp-json\/wp\/v2\/posts\/9282\/revisions"}],"predecessor-version":[{"id":9285,"href":"https:\/\/agora.xtec.cat\/iesvallhebron\/wp-json\/wp\/v2\/posts\/9282\/revisions\/9285"}],"wp:featuredmedia":[{"embeddable":true,"href":"https:\/\/agora.xtec.cat\/iesvallhebron\/wp-json\/wp\/v2\/media\/9283"}],"wp:attachment":[{"href":"https:\/\/agora.xtec.cat\/iesvallhebron\/wp-json\/wp\/v2\/media?parent=9282"}],"wp:term":[{"taxonomy":"category","embeddable":true,"href":"https:\/\/agora.xtec.cat\/iesvallhebron\/wp-json\/wp\/v2\/categories?post=9282"},{"taxonomy":"post_tag","embeddable":true,"href":"https:\/\/agora.xtec.cat\/iesvallhebron\/wp-json\/wp\/v2\/tags?post=9282"}],"curies":[{"name":"wp","href":"https:\/\/api.w.org\/{rel}","templated":true}]}}