{"id":557,"date":"2016-02-01T23:47:47","date_gmt":"2016-02-01T22:47:47","guid":{"rendered":"http:\/\/agora.xtec.cat\/iesvallhebron\/?p=557"},"modified":"2016-02-01T23:48:26","modified_gmt":"2016-02-01T22:48:26","slug":"activitats-extraescolars","status":"publish","type":"post","link":"https:\/\/agora.xtec.cat\/iesvallhebron\/serveis\/activitats-extraescolars\/","title":{"rendered":"Activitats extraescolars"},"content":{"rendered":"<p>L\u2019<a class=\"spip_in\" href=\"http:\/\/agora.xtec.cat\/iesvallhebron\/categoria\/serveis\/ampa\/\">AMPA<\/a>, en co\u0140laboraci\u00f3 amb el professorat de l\u2019Institut organitza activitats extraescolars de dilluns a dijous a la tarda. La llista concreta d\u2019activitats s\u00f3n variables en funci\u00f3 dels interessos dels alumnes i les seves fam\u00edlies. De totes les activitats en tenen cura professionals qualificats i estan supervisades per professors de l\u2019Institut.<\/p>\n<div class=\"surlignable\">\n<div class=\"texte\">\n<p>Aquest curs\u00a0s\u2019organitzen les seg\u00fcents activitats extraescolars:<\/p>\n<ul class=\"spip\">\n<li>Teatre: dilluns i dimecres<\/li>\n<li>Hip-hop: dimecres<\/li>\n<li>Conversa en angl\u00e8s: dijous<\/li>\n<\/ul>\n<p>Totes les activitats es fan en horari de 16:00 a 17:30.<\/p>\n<p>Si esteu interessats en alguna d\u2019aquestes activitats, o en voleu suggerir alguna altra, ho podeu comunicar al vostre tutor o parlar-ne directament amb l\u2019<a class=\"spip_in\" href=\"http:\/\/agora.xtec.cat\/iesvallhebron\/categoria\/serveis\/ampa\/\">AMPA<\/a>.<\/p>\n<\/div>\n<\/div>\n<p>En el cas dels alumnes de l\u2019ESO, a banda d\u2019aquestes activitats extraescolars, tamb\u00e9 tenen el servei de suport escolar <a class=\"spip_in\" href=\"http:\/\/agora.xtec.cat\/iesvallhebron\/categoria\/serveis\/amic-gran\/\">Amic gran<\/a>.<\/p>\n","protected":false},"excerpt":{"rendered":"<p>L\u2019AMPA, en co\u0140laboraci\u00f3 amb el professorat de l\u2019Institut organitza activitats extraescolars de dilluns a dijous a la tarda. La llista concreta d\u2019activitats s\u00f3n variables en funci\u00f3 dels interessos dels alumnes i les seves fam\u00edlies. De totes les activitats en tenen cura professionals qualificats i estan supervisades per professors de l\u2019Institut. Aquest curs\u00a0s\u2019organitzen les seg\u00fcents activitats [&hellip;]<\/p>\n","protected":false},"author":1,"featured_media":0,"comment_status":"closed","ping_status":"closed","sticky":false,"template":"","format":"standard","meta":{"_bbp_topic_count":0,"_bbp_reply_count":0,"_bbp_total_topic_count":0,"_bbp_total_reply_count":0,"_bbp_voice_count":0,"_bbp_anonymous_reply_count":0,"_bbp_topic_count_hidden":0,"_bbp_reply_count_hidden":0,"_bbp_forum_subforum_count":0,"site-sidebar-layout":"default","site-content-layout":"","ast-site-content-layout":"","site-content-style":"default","site-sidebar-style":"default","ast-global-header-display":"","ast-banner-title-visibility":"","ast-main-header-display":"","ast-hfb-above-header-display":"","ast-hfb-below-header-display":"","ast-hfb-mobile-header-display":"","site-post-title":"","ast-breadcrumbs-content":"","ast-featured-img":"","footer-sml-layout":"","theme-transparent-header-meta":"","adv-header-id-meta":"","stick-header-meta":"","header-above-stick-meta":"","header-main-stick-meta":"","header-below-stick-meta":"","astra-migrate-meta-layouts":"default","ast-page-background-enabled":"default","ast-page-background-meta":{"desktop":{"background-color":"var(--ast-global-color-4)","background-image":"","background-repeat":"repeat","background-position":"center center","background-size":"auto","background-attachment":"scroll","background-type":"","background-media":"","overlay-type":"","overlay-color":"","overlay-opacity":"","overlay-gradient":""},"tablet":{"background-color":"","background-image":"","background-repeat":"repeat","background-position":"center center","background-size":"auto","background-attachment":"scroll","background-type":"","background-media":"","overlay-type":"","overlay-color":"","overlay-opacity":"","overlay-gradient":""},"mobile":{"background-color":"","background-image":"","background-repeat":"repeat","background-position":"center center","background-size":"auto","background-attachment":"scroll","background-type":"","background-media":"","overlay-type":"","overlay-color":"","overlay-opacity":"","overlay-gradient":""}},"ast-content-background-meta":{"desktop":{"background-color":"var(--ast-global-color-5)","background-image":"","background-repeat":"repeat","background-position":"center center","background-size":"auto","background-attachment":"scroll","background-type":"","background-media":"","overlay-type":"","overlay-color":"","overlay-opacity":"","overlay-gradient":""},"tablet":{"background-color":"var(--ast-global-color-5)","background-image":"","background-repeat":"repeat","background-position":"center center","background-size":"auto","background-attachment":"scroll","background-type":"","background-media":"","overlay-type":"","overlay-color":"","overlay-opacity":"","overlay-gradient":""},"mobile":{"background-color":"var(--ast-global-color-5)","background-image":"","background-repeat":"repeat","background-position":"center center","background-size":"auto","background-attachment":"scroll","background-type":"","background-media":"","overlay-type":"","overlay-color":"","overlay-opacity":"","overlay-gradient":""}},"footnotes":""},"categories":[88,79],"tags":[41],"class_list":["post-557","post","type-post","status-publish","format-standard","hentry","category-extraescolars","category-serveis","tag-serveis"],"post_mailing_queue_ids":[],"_links":{"self":[{"href":"https:\/\/agora.xtec.cat\/iesvallhebron\/wp-json\/wp\/v2\/posts\/557","targetHints":{"allow":["GET"]}}],"collection":[{"href":"https:\/\/agora.xtec.cat\/iesvallhebron\/wp-json\/wp\/v2\/posts"}],"about":[{"href":"https:\/\/agora.xtec.cat\/iesvallhebron\/wp-json\/wp\/v2\/types\/post"}],"author":[{"embeddable":true,"href":"https:\/\/agora.xtec.cat\/iesvallhebron\/wp-json\/wp\/v2\/users\/1"}],"replies":[{"embeddable":true,"href":"https:\/\/agora.xtec.cat\/iesvallhebron\/wp-json\/wp\/v2\/comments?post=557"}],"version-history":[{"count":1,"href":"https:\/\/agora.xtec.cat\/iesvallhebron\/wp-json\/wp\/v2\/posts\/557\/revisions"}],"predecessor-version":[{"id":558,"href":"https:\/\/agora.xtec.cat\/iesvallhebron\/wp-json\/wp\/v2\/posts\/557\/revisions\/558"}],"wp:attachment":[{"href":"https:\/\/agora.xtec.cat\/iesvallhebron\/wp-json\/wp\/v2\/media?parent=557"}],"wp:term":[{"taxonomy":"category","embeddable":true,"href":"https:\/\/agora.xtec.cat\/iesvallhebron\/wp-json\/wp\/v2\/categories?post=557"},{"taxonomy":"post_tag","embeddable":true,"href":"https:\/\/agora.xtec.cat\/iesvallhebron\/wp-json\/wp\/v2\/tags?post=557"}],"curies":[{"name":"wp","href":"https:\/\/api.w.org\/{rel}","templated":true}]}}