{"id":5015,"date":"2018-03-12T18:28:58","date_gmt":"2018-03-12T17:28:58","guid":{"rendered":"http:\/\/agora.xtec.cat\/iesvallhebron\/?p=5015"},"modified":"2020-07-01T13:07:40","modified_gmt":"2020-07-01T11:07:40","slug":"proves-dacces-a-cicles-de-formacio-professional-de-grau-mitja-i-de-grau-superior","status":"publish","type":"post","link":"https:\/\/agora.xtec.cat\/iesvallhebron\/portada\/proves-dacces-a-cicles-de-formacio-professional-de-grau-mitja-i-de-grau-superior\/","title":{"rendered":"Proves d&#8217;acc\u00e9s a cicles de formaci\u00f3 professional de grau mitj\u00e0 i de grau superior"},"content":{"rendered":"<p><a href=\"http:\/\/agora.xtec.cat\/iesvallhebron\/wp-content\/uploads\/usu893\/2018\/03\/acces-1.jpg\"><img loading=\"lazy\" decoding=\"async\" class=\"alignnone size-full wp-image-5019\" src=\"http:\/\/agora.xtec.cat\/iesvallhebron\/wp-content\/uploads\/usu893\/2018\/03\/acces-1.jpg\" alt=\"\" width=\"400\" height=\"268\" srcset=\"https:\/\/agora.xtec.cat\/iesvallhebron\/wp-content\/uploads\/usu893\/2018\/03\/acces-1.jpg 400w, https:\/\/agora.xtec.cat\/iesvallhebron\/wp-content\/uploads\/usu893\/2018\/03\/acces-1-300x201.jpg 300w\" sizes=\"auto, (max-width: 400px) 100vw, 400px\" \/><\/a><\/p>\n<p>Estem enviant correus electr\u00f2nics a les persones admeses per convocar-los per al dia de la prova. Recordeu que cal que vingueu\u00a0<strong>amb mascareta i el document d&#8217;identificaci\u00f3 original.<\/strong><\/p>\n<p>Les proves s\u00f3n:<\/p>\n<ul>\n<li>Grau mitj\u00e0: dijous 25 de juny, a partir de les 8.30h (consulteu el correu l&#8217;hora que esteu convocats)<\/li>\n<li>Grau superior, part comuna: dilluns 29 de juny, a partir de les 8.30h (consulteu el correu l&#8217;hora que esteu convocats)<\/li>\n<li>Grau superior, part espec\u00edfica: dimarts 30 de juny, a partir de les 8.30h (consulteu el correu l&#8217;hora que esteu convocats)<\/li>\n<\/ul>\n","protected":false},"excerpt":{"rendered":"<p>Estem enviant correus electr\u00f2nics a les persones admeses per convocar-los per al dia de la prova. Recordeu que cal que vingueu\u00a0amb mascareta i el document d&#8217;identificaci\u00f3 original. Les proves s\u00f3n: Grau mitj\u00e0: dijous 25 de juny, a partir de les 8.30h (consulteu el correu l&#8217;hora que esteu convocats) Grau superior, part comuna: dilluns 29 de [&hellip;]<\/p>\n","protected":false},"author":8,"featured_media":5013,"comment_status":"closed","ping_status":"closed","sticky":false,"template":"","format":"standard","meta":{"_bbp_topic_count":0,"_bbp_reply_count":0,"_bbp_total_topic_count":0,"_bbp_total_reply_count":0,"_bbp_voice_count":0,"_bbp_anonymous_reply_count":0,"_bbp_topic_count_hidden":0,"_bbp_reply_count_hidden":0,"_bbp_forum_subforum_count":0,"site-sidebar-layout":"default","site-content-layout":"","ast-site-content-layout":"","site-content-style":"default","site-sidebar-style":"default","ast-global-header-display":"","ast-banner-title-visibility":"","ast-main-header-display":"","ast-hfb-above-header-display":"","ast-hfb-below-header-display":"","ast-hfb-mobile-header-display":"","site-post-title":"","ast-breadcrumbs-content":"","ast-featured-img":"","footer-sml-layout":"","theme-transparent-header-meta":"","adv-header-id-meta":"","stick-header-meta":"","header-above-stick-meta":"","header-main-stick-meta":"","header-below-stick-meta":"","astra-migrate-meta-layouts":"default","ast-page-background-enabled":"default","ast-page-background-meta":{"desktop":{"background-color":"var(--ast-global-color-4)","background-image":"","background-repeat":"repeat","background-position":"center center","background-size":"auto","background-attachment":"scroll","background-type":"","background-media":"","overlay-type":"","overlay-color":"","overlay-opacity":"","overlay-gradient":""},"tablet":{"background-color":"","background-image":"","background-repeat":"repeat","background-position":"center center","background-size":"auto","background-attachment":"scroll","background-type":"","background-media":"","overlay-type":"","overlay-color":"","overlay-opacity":"","overlay-gradient":""},"mobile":{"background-color":"","background-image":"","background-repeat":"repeat","background-position":"center center","background-size":"auto","background-attachment":"scroll","background-type":"","background-media":"","overlay-type":"","overlay-color":"","overlay-opacity":"","overlay-gradient":""}},"ast-content-background-meta":{"desktop":{"background-color":"var(--ast-global-color-5)","background-image":"","background-repeat":"repeat","background-position":"center center","background-size":"auto","background-attachment":"scroll","background-type":"","background-media":"","overlay-type":"","overlay-color":"","overlay-opacity":"","overlay-gradient":""},"tablet":{"background-color":"var(--ast-global-color-5)","background-image":"","background-repeat":"repeat","background-position":"center center","background-size":"auto","background-attachment":"scroll","background-type":"","background-media":"","overlay-type":"","overlay-color":"","overlay-opacity":"","overlay-gradient":""},"mobile":{"background-color":"var(--ast-global-color-5)","background-image":"","background-repeat":"repeat","background-position":"center center","background-size":"auto","background-attachment":"scroll","background-type":"","background-media":"","overlay-type":"","overlay-color":"","overlay-opacity":"","overlay-gradient":""}},"footnotes":""},"categories":[29,127],"tags":[45],"class_list":["post-5015","post","type-post","status-publish","format-standard","has-post-thumbnail","hentry","category-portada","category-secretaria","tag-general"],"post_mailing_queue_ids":[],"_links":{"self":[{"href":"https:\/\/agora.xtec.cat\/iesvallhebron\/wp-json\/wp\/v2\/posts\/5015","targetHints":{"allow":["GET"]}}],"collection":[{"href":"https:\/\/agora.xtec.cat\/iesvallhebron\/wp-json\/wp\/v2\/posts"}],"about":[{"href":"https:\/\/agora.xtec.cat\/iesvallhebron\/wp-json\/wp\/v2\/types\/post"}],"author":[{"embeddable":true,"href":"https:\/\/agora.xtec.cat\/iesvallhebron\/wp-json\/wp\/v2\/users\/8"}],"replies":[{"embeddable":true,"href":"https:\/\/agora.xtec.cat\/iesvallhebron\/wp-json\/wp\/v2\/comments?post=5015"}],"version-history":[{"count":4,"href":"https:\/\/agora.xtec.cat\/iesvallhebron\/wp-json\/wp\/v2\/posts\/5015\/revisions"}],"predecessor-version":[{"id":9696,"href":"https:\/\/agora.xtec.cat\/iesvallhebron\/wp-json\/wp\/v2\/posts\/5015\/revisions\/9696"}],"wp:featuredmedia":[{"embeddable":true,"href":"https:\/\/agora.xtec.cat\/iesvallhebron\/wp-json\/wp\/v2\/media\/5013"}],"wp:attachment":[{"href":"https:\/\/agora.xtec.cat\/iesvallhebron\/wp-json\/wp\/v2\/media?parent=5015"}],"wp:term":[{"taxonomy":"category","embeddable":true,"href":"https:\/\/agora.xtec.cat\/iesvallhebron\/wp-json\/wp\/v2\/categories?post=5015"},{"taxonomy":"post_tag","embeddable":true,"href":"https:\/\/agora.xtec.cat\/iesvallhebron\/wp-json\/wp\/v2\/tags?post=5015"}],"curies":[{"name":"wp","href":"https:\/\/api.w.org\/{rel}","templated":true}]}}