{"id":2997,"date":"2017-05-03T13:30:16","date_gmt":"2017-05-03T11:30:16","guid":{"rendered":"http:\/\/agora.xtec.cat\/iesvallhebron\/?p=2997"},"modified":"2017-05-03T13:31:03","modified_gmt":"2017-05-03T11:31:03","slug":"redaccio-del-manifest-de-laudiencia-publica","status":"publish","type":"post","link":"https:\/\/agora.xtec.cat\/iesvallhebron\/general\/redaccio-del-manifest-de-laudiencia-publica\/","title":{"rendered":"Redacci\u00f3 del manifest de l\u2019Audi\u00e8ncia P\u00fablica"},"content":{"rendered":"<p><a href=\"http:\/\/agora.xtec.cat\/iesvallhebron\/wp-content\/uploads\/usu893\/2017\/05\/Foto-10-1.jpg\"><img loading=\"lazy\" decoding=\"async\" class=\"alignnone size-large wp-image-2998\" src=\"http:\/\/agora.xtec.cat\/iesvallhebron\/wp-content\/uploads\/usu893\/2017\/05\/Foto-10-1-1024x576.jpg\" alt=\"Foto 10-1\" width=\"1024\" height=\"576\" srcset=\"https:\/\/agora.xtec.cat\/iesvallhebron\/wp-content\/uploads\/usu893\/2017\/05\/Foto-10-1-1024x576.jpg 1024w, https:\/\/agora.xtec.cat\/iesvallhebron\/wp-content\/uploads\/usu893\/2017\/05\/Foto-10-1-300x169.jpg 300w, https:\/\/agora.xtec.cat\/iesvallhebron\/wp-content\/uploads\/usu893\/2017\/05\/Foto-10-1-768x432.jpg 768w, https:\/\/agora.xtec.cat\/iesvallhebron\/wp-content\/uploads\/usu893\/2017\/05\/Foto-10-1.jpg 1600w\" sizes=\"auto, (max-width: 1024px) 100vw, 1024px\" \/><\/a><\/p>\n<p>Dijous 27 d\u2019abril, celebraci\u00f3 de la Mare de D\u00e9u de Montserrat, va tenir lloc la trobada intercentres dels participants en la XXII Audi\u00e8ncia P\u00fablica als Nois i les Noies que organitza l\u2019Ajuntament de Barcelona per tal de <!--more-->redactar el Manifest final a lliurar a l\u2019Ajuntament. Es va celebrar a l\u2019espai jove La Fontana al llarg de tot el mat\u00ed.<\/p>\n<p>Pel nostre centre hi van participar <strong>Laura de los Llanos <\/strong>i<strong> Sergi Gonz\u00e1lez<\/strong> de 1r CT, acompanyats d\u2019en <strong>Manel Pujol<\/strong>. Amb la resta de l\u2019alumnat dels altres centres presents van consensuar un text per llegir a la propera Audi\u00e8ncia P\u00fablica.<\/p>\n<p>El tema d\u2019aquest any: \u201cBarcelona. Ciutat Refugi\u201d \u00e9s molt sensible i totalment incardinat en el projecte Erasmus+ que s\u2019est\u00e0 duent a terme en el centre amb alumnat de 4t d\u2019ESO i de 1r i 2n de Batxillerat.<\/p>\n","protected":false},"excerpt":{"rendered":"<p>Dijous 27 d\u2019abril, celebraci\u00f3 de la Mare de D\u00e9u de Montserrat, va tenir lloc la trobada intercentres dels participants en la XXII Audi\u00e8ncia P\u00fablica als Nois i les Noies que organitza l\u2019Ajuntament de Barcelona per tal de<\/p>\n","protected":false},"author":3,"featured_media":2998,"comment_status":"closed","ping_status":"open","sticky":false,"template":"","format":"standard","meta":{"_bbp_topic_count":0,"_bbp_reply_count":0,"_bbp_total_topic_count":0,"_bbp_total_reply_count":0,"_bbp_voice_count":0,"_bbp_anonymous_reply_count":0,"_bbp_topic_count_hidden":0,"_bbp_reply_count_hidden":0,"_bbp_forum_subforum_count":0,"site-sidebar-layout":"default","site-content-layout":"","ast-site-content-layout":"","site-content-style":"default","site-sidebar-style":"default","ast-global-header-display":"","ast-banner-title-visibility":"","ast-main-header-display":"","ast-hfb-above-header-display":"","ast-hfb-below-header-display":"","ast-hfb-mobile-header-display":"","site-post-title":"","ast-breadcrumbs-content":"","ast-featured-img":"","footer-sml-layout":"","theme-transparent-header-meta":"","adv-header-id-meta":"","stick-header-meta":"","header-above-stick-meta":"","header-main-stick-meta":"","header-below-stick-meta":"","astra-migrate-meta-layouts":"default","ast-page-background-enabled":"default","ast-page-background-meta":{"desktop":{"background-color":"var(--ast-global-color-4)","background-image":"","background-repeat":"repeat","background-position":"center center","background-size":"auto","background-attachment":"scroll","background-type":"","background-media":"","overlay-type":"","overlay-color":"","overlay-opacity":"","overlay-gradient":""},"tablet":{"background-color":"","background-image":"","background-repeat":"repeat","background-position":"center center","background-size":"auto","background-attachment":"scroll","background-type":"","background-media":"","overlay-type":"","overlay-color":"","overlay-opacity":"","overlay-gradient":""},"mobile":{"background-color":"","background-image":"","background-repeat":"repeat","background-position":"center center","background-size":"auto","background-attachment":"scroll","background-type":"","background-media":"","overlay-type":"","overlay-color":"","overlay-opacity":"","overlay-gradient":""}},"ast-content-background-meta":{"desktop":{"background-color":"var(--ast-global-color-5)","background-image":"","background-repeat":"repeat","background-position":"center center","background-size":"auto","background-attachment":"scroll","background-type":"","background-media":"","overlay-type":"","overlay-color":"","overlay-opacity":"","overlay-gradient":""},"tablet":{"background-color":"var(--ast-global-color-5)","background-image":"","background-repeat":"repeat","background-position":"center center","background-size":"auto","background-attachment":"scroll","background-type":"","background-media":"","overlay-type":"","overlay-color":"","overlay-opacity":"","overlay-gradient":""},"mobile":{"background-color":"var(--ast-global-color-5)","background-image":"","background-repeat":"repeat","background-position":"center center","background-size":"auto","background-attachment":"scroll","background-type":"","background-media":"","overlay-type":"","overlay-color":"","overlay-opacity":"","overlay-gradient":""}},"footnotes":""},"categories":[96,84,1,29],"tags":[45],"class_list":["post-2997","post","type-post","status-publish","format-standard","has-post-thumbnail","hentry","category-erasmus","category-estudis","category-general","category-portada","tag-general"],"post_mailing_queue_ids":[],"_links":{"self":[{"href":"https:\/\/agora.xtec.cat\/iesvallhebron\/wp-json\/wp\/v2\/posts\/2997","targetHints":{"allow":["GET"]}}],"collection":[{"href":"https:\/\/agora.xtec.cat\/iesvallhebron\/wp-json\/wp\/v2\/posts"}],"about":[{"href":"https:\/\/agora.xtec.cat\/iesvallhebron\/wp-json\/wp\/v2\/types\/post"}],"author":[{"embeddable":true,"href":"https:\/\/agora.xtec.cat\/iesvallhebron\/wp-json\/wp\/v2\/users\/3"}],"replies":[{"embeddable":true,"href":"https:\/\/agora.xtec.cat\/iesvallhebron\/wp-json\/wp\/v2\/comments?post=2997"}],"version-history":[{"count":3,"href":"https:\/\/agora.xtec.cat\/iesvallhebron\/wp-json\/wp\/v2\/posts\/2997\/revisions"}],"predecessor-version":[{"id":3001,"href":"https:\/\/agora.xtec.cat\/iesvallhebron\/wp-json\/wp\/v2\/posts\/2997\/revisions\/3001"}],"wp:featuredmedia":[{"embeddable":true,"href":"https:\/\/agora.xtec.cat\/iesvallhebron\/wp-json\/wp\/v2\/media\/2998"}],"wp:attachment":[{"href":"https:\/\/agora.xtec.cat\/iesvallhebron\/wp-json\/wp\/v2\/media?parent=2997"}],"wp:term":[{"taxonomy":"category","embeddable":true,"href":"https:\/\/agora.xtec.cat\/iesvallhebron\/wp-json\/wp\/v2\/categories?post=2997"},{"taxonomy":"post_tag","embeddable":true,"href":"https:\/\/agora.xtec.cat\/iesvallhebron\/wp-json\/wp\/v2\/tags?post=2997"}],"curies":[{"name":"wp","href":"https:\/\/api.w.org\/{rel}","templated":true}]}}