{"id":1533,"date":"2016-10-04T12:56:39","date_gmt":"2016-10-04T11:56:39","guid":{"rendered":"http:\/\/agora.xtec.cat\/iesvallhebron\/?p=1533"},"modified":"2016-10-05T13:17:04","modified_gmt":"2016-10-05T12:17:04","slug":"visita-a-linstitut-de-ciencies-fotoniques-icfo","status":"publish","type":"post","link":"https:\/\/agora.xtec.cat\/iesvallhebron\/general\/visita-a-linstitut-de-ciencies-fotoniques-icfo\/","title":{"rendered":"Visita a l&#8217;Institut de Ci\u00e8ncies Fot\u00f2niques (ICFO)"},"content":{"rendered":"\r\n\t<div class=\"slideshow_container slideshow_container_style-light\" style=\"height: 300px; \" data-slideshow-id=\"1520\" data-style-name=\"style-light\" data-style-version=\"2.3.1\" >\r\n\r\n\t\t\t\t\t<div class=\"slideshow_loading_icon\"><\/div>\r\n\t\t\r\n\t\t<div class=\"slideshow_content\" style=\"display: none;\">\r\n\r\n\t\t\t<div class=\"slideshow_view\">\r\n\t\t\t\t<div class=\"slideshow_slide slideshow_slide_image\">\r\n\t\t\t\t\t\t\t\t\t\t\t<img src=\"https:\/\/agora.xtec.cat\/iesvallhebron\/wp-content\/uploads\/usu893\/2016\/10\/20160926_124647-1.jpg\" alt=\"20160926_124647\" width=\"1024\" height=\"576\" \/>\r\n\t\t\t\t\t\t\t\t\t\t<div class=\"slideshow_description_box slideshow_transparent\">\r\n\t\t\t\t\t\t<div class=\"slideshow_title\">20160926_124647<\/div>\t\t\t\t\t\t\t\t\t\t\t<\/div>\r\n\t\t\t\t<\/div>\r\n\r\n\t\t\t\t\t\t<div style=\"clear: both;\"><\/div><\/div><div class=\"slideshow_view\">\r\n\t\t\t\t<div class=\"slideshow_slide slideshow_slide_image\">\r\n\t\t\t\t\t\t\t\t\t\t\t<img src=\"https:\/\/agora.xtec.cat\/iesvallhebron\/wp-content\/uploads\/usu893\/2016\/10\/20160926_124239-1.jpg\" alt=\"20160926_124239\" width=\"1024\" height=\"1820\" \/>\r\n\t\t\t\t\t\t\t\t\t\t<div class=\"slideshow_description_box slideshow_transparent\">\r\n\t\t\t\t\t\t<div class=\"slideshow_title\">20160926_124239<\/div>\t\t\t\t\t\t\t\t\t\t\t<\/div>\r\n\t\t\t\t<\/div>\r\n\r\n\t\t\t\t\t\t<div style=\"clear: both;\"><\/div><\/div><div class=\"slideshow_view\">\r\n\t\t\t\t<div class=\"slideshow_slide slideshow_slide_image\">\r\n\t\t\t\t\t\t\t\t\t\t\t<img src=\"https:\/\/agora.xtec.cat\/iesvallhebron\/wp-content\/uploads\/usu893\/2016\/10\/20160926_122824-1.jpg\" alt=\"20160926_122824\" width=\"1024\" height=\"576\" \/>\r\n\t\t\t\t\t\t\t\t\t\t<div class=\"slideshow_description_box slideshow_transparent\">\r\n\t\t\t\t\t\t<div class=\"slideshow_title\">20160926_122824<\/div>\t\t\t\t\t\t\t\t\t\t\t<\/div>\r\n\t\t\t\t<\/div>\r\n\r\n\t\t\t\t\t\t<div style=\"clear: both;\"><\/div><\/div><div class=\"slideshow_view\">\r\n\t\t\t\t<div class=\"slideshow_slide slideshow_slide_image\">\r\n\t\t\t\t\t\t\t\t\t\t\t<img src=\"https:\/\/agora.xtec.cat\/iesvallhebron\/wp-content\/uploads\/usu893\/2016\/10\/20160926_122812.jpg\" alt=\"20160926_122812\" width=\"1024\" height=\"576\" \/>\r\n\t\t\t\t\t\t\t\t\t\t<div class=\"slideshow_description_box slideshow_transparent\">\r\n\t\t\t\t\t\t<div class=\"slideshow_title\">20160926_122812<\/div>\t\t\t\t\t\t\t\t\t\t\t<\/div>\r\n\t\t\t\t<\/div>\r\n\r\n\t\t\t\t\t\t<div style=\"clear: both;\"><\/div><\/div>\r\n\t\t<\/div>\r\n\r\n\t\t<div class=\"slideshow_controlPanel slideshow_transparent\" style=\"display: none;\"><ul><li class=\"slideshow_togglePlay\" data-play-text=\"Visualitza\" data-pause-text=\"Pausa\"><\/li><\/ul><\/div>\r\n\r\n\t\t<div class=\"slideshow_button slideshow_previous slideshow_transparent\" role=\"button\" data-previous-text=\"Anterior\" style=\"display: none;\"><\/div>\r\n\t\t<div class=\"slideshow_button slideshow_next slideshow_transparent\" role=\"button\" data-next-text=\"Seg\u00fcent\" style=\"display: none;\"><\/div>\r\n\r\n\t\t<div class=\"slideshow_pagination\" style=\"display: none;\" data-go-to-text=\"V\u00e9s a la diapositiva\"><div class=\"slideshow_pagination_center\"><\/div><\/div>\r\n\r\n\t\t<!-- WordPress Slideshow Version 2.3.1 -->\r\n\r\n\t\t\t<\/div>\r\n\r\n\n<p>El 26 de setembre els alumnes de segon curs del batxillerat cient\u00edfic-tecn\u00f2logic van fer la visita a l&#8217;<strong>Institut de Ci\u00e8ncies Fot\u00f2niques<\/strong>\u00a0(<strong>ICFO<\/strong>), que \u00e9s un centre de\u00a0<a href=\"https:\/\/ca.wikipedia.org\/wiki\/Recerca\" target=\"_blank\">recerca<\/a>\u00a0especialitzat en <a href=\"https:\/\/ca.wikipedia.org\/wiki\/Fot%C3%B2nica\" target=\"_blank\">fot\u00f2nica<\/a>, la\u00a0<a href=\"https:\/\/ca.wikipedia.org\/wiki\/Ci%C3%A8ncia\" target=\"_blank\">ci\u00e8ncia<\/a>\u00a0que<!--more--> estudia la llum.<\/p>\n<p>L&#8217;Institut t\u00e9 com a objectiu la recerca, la doc\u00e8ncia i l\u2019impuls del sector industrial en l&#8217;\u00e0mbit de les ci\u00e8ncies de la llum i de totes les disciplines en qu\u00e8 la fot\u00f2nica tingui incid\u00e8ncia, com ara les nanotecnologies \u00f2ptiques, les tecnologies de la informaci\u00f3, la biotecnologia, les ci\u00e8ncies de la salut i de la vida, les tecnologies de la\u00a0<a href=\"https:\/\/ca.wikipedia.org\/wiki\/Ci%C3%A8ncia_de_la_informaci%C3%B3_qu%C3%A0ntica\" target=\"_blank\">informaci\u00f3 qu\u00e0ntica<\/a>\u00a0i els sistemes\u00a0<a href=\"https:\/\/ca.wikipedia.org\/wiki\/L%C3%A0ser\" target=\"_blank\">l\u00e0ser<\/a>. Duu a terme recerca puntera en aquests camps i forma cient\u00edfics i tecn\u00f2legs especialitzats en aquests camps cient\u00edfics. L&#8217;ICFO col\u00b7labora amb centres de recerca l\u00edders, universitats, hospitals i un seguit d&#8217;empreses privades d&#8217;\u00e0mbit local i d&#8217;arreu del m\u00f3n. Acull vint grups de recerca que treballen en m\u00e9s de cinquanta laboratoris. Compta, entre d&#8217;altres, amb un <a href=\"https:\/\/ca.wikipedia.org\/wiki\/Laboratori\" target=\"_blank\">laboratori<\/a>\u00a0de fabricaci\u00f3 nanofot\u00f2nica, un laboratori de microsc\u00f2pia i nanosc\u00f2pia de llum d&#8217;alta resoluci\u00f3 i un laboratori d&#8217;enginyeria avan\u00e7ada.<\/p>\n<p>M\u00e9s fotograf\u00edes al <a href=\"https:\/\/www.facebook.com\/insVdH\/photos\/?tab=album&amp;album_id=1801702300076917\" target=\"_blank\">Facebook de l&#8217;institut<\/a>.<\/p>\n","protected":false},"excerpt":{"rendered":"<p>El 26 de setembre els alumnes de segon curs del batxillerat cient\u00edfic-tecn\u00f2logic van fer la visita a l&#8217;Institut de Ci\u00e8ncies Fot\u00f2niques\u00a0(ICFO), que \u00e9s un centre de\u00a0recerca\u00a0especialitzat en fot\u00f2nica, la\u00a0ci\u00e8ncia\u00a0que<\/p>\n","protected":false},"author":3,"featured_media":0,"comment_status":"closed","ping_status":"closed","sticky":false,"template":"","format":"standard","meta":{"_bbp_topic_count":0,"_bbp_reply_count":0,"_bbp_total_topic_count":0,"_bbp_total_reply_count":0,"_bbp_voice_count":0,"_bbp_anonymous_reply_count":0,"_bbp_topic_count_hidden":0,"_bbp_reply_count_hidden":0,"_bbp_forum_subforum_count":0,"site-sidebar-layout":"default","site-content-layout":"","ast-site-content-layout":"","site-content-style":"default","site-sidebar-style":"default","ast-global-header-display":"","ast-banner-title-visibility":"","ast-main-header-display":"","ast-hfb-above-header-display":"","ast-hfb-below-header-display":"","ast-hfb-mobile-header-display":"","site-post-title":"","ast-breadcrumbs-content":"","ast-featured-img":"","footer-sml-layout":"","theme-transparent-header-meta":"","adv-header-id-meta":"","stick-header-meta":"","header-above-stick-meta":"","header-main-stick-meta":"","header-below-stick-meta":"","astra-migrate-meta-layouts":"default","ast-page-background-enabled":"default","ast-page-background-meta":{"desktop":{"background-color":"var(--ast-global-color-4)","background-image":"","background-repeat":"repeat","background-position":"center center","background-size":"auto","background-attachment":"scroll","background-type":"","background-media":"","overlay-type":"","overlay-color":"","overlay-opacity":"","overlay-gradient":""},"tablet":{"background-color":"","background-image":"","background-repeat":"repeat","background-position":"center center","background-size":"auto","background-attachment":"scroll","background-type":"","background-media":"","overlay-type":"","overlay-color":"","overlay-opacity":"","overlay-gradient":""},"mobile":{"background-color":"","background-image":"","background-repeat":"repeat","background-position":"center center","background-size":"auto","background-attachment":"scroll","background-type":"","background-media":"","overlay-type":"","overlay-color":"","overlay-opacity":"","overlay-gradient":""}},"ast-content-background-meta":{"desktop":{"background-color":"var(--ast-global-color-5)","background-image":"","background-repeat":"repeat","background-position":"center center","background-size":"auto","background-attachment":"scroll","background-type":"","background-media":"","overlay-type":"","overlay-color":"","overlay-opacity":"","overlay-gradient":""},"tablet":{"background-color":"var(--ast-global-color-5)","background-image":"","background-repeat":"repeat","background-position":"center center","background-size":"auto","background-attachment":"scroll","background-type":"","background-media":"","overlay-type":"","overlay-color":"","overlay-opacity":"","overlay-gradient":""},"mobile":{"background-color":"var(--ast-global-color-5)","background-image":"","background-repeat":"repeat","background-position":"center center","background-size":"auto","background-attachment":"scroll","background-type":"","background-media":"","overlay-type":"","overlay-color":"","overlay-opacity":"","overlay-gradient":""}},"footnotes":""},"categories":[132,8,73,84,1,29,131],"tags":[45],"class_list":["post-1533","post","type-post","status-publish","format-standard","hentry","category-al-centre","category-batxillerat","category-btx_ct","category-estudis","category-general","category-portada","category-sortides","tag-general"],"post_mailing_queue_ids":[],"_links":{"self":[{"href":"https:\/\/agora.xtec.cat\/iesvallhebron\/wp-json\/wp\/v2\/posts\/1533","targetHints":{"allow":["GET"]}}],"collection":[{"href":"https:\/\/agora.xtec.cat\/iesvallhebron\/wp-json\/wp\/v2\/posts"}],"about":[{"href":"https:\/\/agora.xtec.cat\/iesvallhebron\/wp-json\/wp\/v2\/types\/post"}],"author":[{"embeddable":true,"href":"https:\/\/agora.xtec.cat\/iesvallhebron\/wp-json\/wp\/v2\/users\/3"}],"replies":[{"embeddable":true,"href":"https:\/\/agora.xtec.cat\/iesvallhebron\/wp-json\/wp\/v2\/comments?post=1533"}],"version-history":[{"count":3,"href":"https:\/\/agora.xtec.cat\/iesvallhebron\/wp-json\/wp\/v2\/posts\/1533\/revisions"}],"predecessor-version":[{"id":1538,"href":"https:\/\/agora.xtec.cat\/iesvallhebron\/wp-json\/wp\/v2\/posts\/1533\/revisions\/1538"}],"wp:attachment":[{"href":"https:\/\/agora.xtec.cat\/iesvallhebron\/wp-json\/wp\/v2\/media?parent=1533"}],"wp:term":[{"taxonomy":"category","embeddable":true,"href":"https:\/\/agora.xtec.cat\/iesvallhebron\/wp-json\/wp\/v2\/categories?post=1533"},{"taxonomy":"post_tag","embeddable":true,"href":"https:\/\/agora.xtec.cat\/iesvallhebron\/wp-json\/wp\/v2\/tags?post=1533"}],"curies":[{"name":"wp","href":"https:\/\/api.w.org\/{rel}","templated":true}]}}