{"id":12362,"date":"2022-04-22T11:53:22","date_gmt":"2022-04-22T09:53:22","guid":{"rendered":"https:\/\/agora.xtec.cat\/iesvallhebron\/?p=12362"},"modified":"2024-11-18T03:03:49","modified_gmt":"2024-11-18T02:03:49","slug":"assistencia-a-la-direccio-visita-magritte-a-caixaforum","status":"publish","type":"post","link":"https:\/\/agora.xtec.cat\/iesvallhebron\/portada\/assistencia-a-la-direccio-visita-magritte-a-caixaforum\/","title":{"rendered":"Assist\u00e8ncia a la Direcci\u00f3 visita Magritte a Caixaf\u00f2rum"},"content":{"rendered":"<p><a href=\"https:\/\/agora.xtec.cat\/iesvallhebron\/portada\/assistencia-a-la-direccio-visita-magritte-a-caixaforum\/attachment\/frances-ad\/\" rel=\"attachment wp-att-12363\"><img decoding=\"async\" loading=\"lazy\" class=\"aligncenter size-full wp-image-12363\" src=\"https:\/\/agora.xtec.cat\/iesvallhebron\/wp-content\/uploads\/usu893\/2022\/04\/Frances-AD.jpeg\" alt=\"\" width=\"2016\" height=\"1512\" srcset=\"https:\/\/agora.xtec.cat\/iesvallhebron\/wp-content\/uploads\/usu893\/2022\/04\/Frances-AD.jpeg 2016w, https:\/\/agora.xtec.cat\/iesvallhebron\/wp-content\/uploads\/usu893\/2022\/04\/Frances-AD-300x225.jpeg 300w, https:\/\/agora.xtec.cat\/iesvallhebron\/wp-content\/uploads\/usu893\/2022\/04\/Frances-AD-1024x768.jpeg 1024w, https:\/\/agora.xtec.cat\/iesvallhebron\/wp-content\/uploads\/usu893\/2022\/04\/Frances-AD-768x576.jpeg 768w, https:\/\/agora.xtec.cat\/iesvallhebron\/wp-content\/uploads\/usu893\/2022\/04\/Frances-AD-1536x1152.jpeg 1536w, https:\/\/agora.xtec.cat\/iesvallhebron\/wp-content\/uploads\/usu893\/2022\/04\/Frances-AD-200x150.jpeg 200w\" sizes=\"auto, (max-width: 2016px) 100vw, 2016px\" \/><\/a>Segon del grau superior d&#8217;Assist\u00e8ncia a la Direcci\u00f3, dintre de les activitats pedag\u00f2giques del m\u00f2dul llengua francesa, acompanyats per la seva professora Maria Garcia, van visitar &#8220;La M\u00e0quina Magritte&#8221;, una retrospectiva sobre el pintor surrealista belga.<\/p>\n","protected":false},"excerpt":{"rendered":"<p>Segon del grau superior d&#8217;Assist\u00e8ncia a la Direcci\u00f3, dintre de les activitats pedag\u00f2giques del m\u00f2dul llengua francesa, acompanyats per la seva professora Maria Garcia, van visitar &#8220;La M\u00e0quina Magritte&#8221;, una retrospectiva sobre el pintor surrealista belga.<\/p>\n","protected":false},"author":39,"featured_media":0,"comment_status":"closed","ping_status":"closed","sticky":false,"template":"","format":"standard","meta":{"_bbp_topic_count":0,"_bbp_reply_count":0,"_bbp_total_topic_count":0,"_bbp_total_reply_count":0,"_bbp_voice_count":0,"_bbp_anonymous_reply_count":0,"_bbp_topic_count_hidden":0,"_bbp_reply_count_hidden":0,"_bbp_forum_subforum_count":0,"site-sidebar-layout":"default","site-content-layout":"","ast-site-content-layout":"","site-content-style":"default","site-sidebar-style":"default","ast-global-header-display":"","ast-banner-title-visibility":"","ast-main-header-display":"","ast-hfb-above-header-display":"","ast-hfb-below-header-display":"","ast-hfb-mobile-header-display":"","site-post-title":"","ast-breadcrumbs-content":"","ast-featured-img":"","footer-sml-layout":"","theme-transparent-header-meta":"","adv-header-id-meta":"","stick-header-meta":"","header-above-stick-meta":"","header-main-stick-meta":"","header-below-stick-meta":"","astra-migrate-meta-layouts":"default","ast-page-background-enabled":"default","ast-page-background-meta":{"desktop":{"background-color":"var(--ast-global-color-4)","background-image":"","background-repeat":"repeat","background-position":"center center","background-size":"auto","background-attachment":"scroll","background-type":"","background-media":"","overlay-type":"","overlay-color":"","overlay-opacity":"","overlay-gradient":""},"tablet":{"background-color":"","background-image":"","background-repeat":"repeat","background-position":"center center","background-size":"auto","background-attachment":"scroll","background-type":"","background-media":"","overlay-type":"","overlay-color":"","overlay-opacity":"","overlay-gradient":""},"mobile":{"background-color":"","background-image":"","background-repeat":"repeat","background-position":"center center","background-size":"auto","background-attachment":"scroll","background-type":"","background-media":"","overlay-type":"","overlay-color":"","overlay-opacity":"","overlay-gradient":""}},"ast-content-background-meta":{"desktop":{"background-color":"var(--ast-global-color-5)","background-image":"","background-repeat":"repeat","background-position":"center center","background-size":"auto","background-attachment":"scroll","background-type":"","background-media":"","overlay-type":"","overlay-color":"","overlay-opacity":"","overlay-gradient":""},"tablet":{"background-color":"var(--ast-global-color-5)","background-image":"","background-repeat":"repeat","background-position":"center center","background-size":"auto","background-attachment":"scroll","background-type":"","background-media":"","overlay-type":"","overlay-color":"","overlay-opacity":"","overlay-gradient":""},"mobile":{"background-color":"var(--ast-global-color-5)","background-image":"","background-repeat":"repeat","background-position":"center center","background-size":"auto","background-attachment":"scroll","background-type":"","background-media":"","overlay-type":"","overlay-color":"","overlay-opacity":"","overlay-gradient":""}},"footnotes":""},"categories":[68,30,29,131],"tags":[239,130,45,209,227],"class_list":["post-12362","post","type-post","status-publish","format-standard","hentry","category-ad","category-cicles-formatius","category-portada","category-sortides","tag-assistencia-a-la-direccio","tag-estudis","tag-general","tag-grau-superior","tag-sortides"],"post_mailing_queue_ids":[],"_links":{"self":[{"href":"https:\/\/agora.xtec.cat\/iesvallhebron\/wp-json\/wp\/v2\/posts\/12362","targetHints":{"allow":["GET"]}}],"collection":[{"href":"https:\/\/agora.xtec.cat\/iesvallhebron\/wp-json\/wp\/v2\/posts"}],"about":[{"href":"https:\/\/agora.xtec.cat\/iesvallhebron\/wp-json\/wp\/v2\/types\/post"}],"author":[{"embeddable":true,"href":"https:\/\/agora.xtec.cat\/iesvallhebron\/wp-json\/wp\/v2\/users\/39"}],"replies":[{"embeddable":true,"href":"https:\/\/agora.xtec.cat\/iesvallhebron\/wp-json\/wp\/v2\/comments?post=12362"}],"version-history":[{"count":5,"href":"https:\/\/agora.xtec.cat\/iesvallhebron\/wp-json\/wp\/v2\/posts\/12362\/revisions"}],"predecessor-version":[{"id":14718,"href":"https:\/\/agora.xtec.cat\/iesvallhebron\/wp-json\/wp\/v2\/posts\/12362\/revisions\/14718"}],"wp:attachment":[{"href":"https:\/\/agora.xtec.cat\/iesvallhebron\/wp-json\/wp\/v2\/media?parent=12362"}],"wp:term":[{"taxonomy":"category","embeddable":true,"href":"https:\/\/agora.xtec.cat\/iesvallhebron\/wp-json\/wp\/v2\/categories?post=12362"},{"taxonomy":"post_tag","embeddable":true,"href":"https:\/\/agora.xtec.cat\/iesvallhebron\/wp-json\/wp\/v2\/tags?post=12362"}],"curies":[{"name":"wp","href":"https:\/\/api.w.org\/{rel}","templated":true}]}}