{"id":10856,"date":"2021-05-14T18:42:27","date_gmt":"2021-05-14T16:42:27","guid":{"rendered":"http:\/\/agora.xtec.cat\/iesvallhebron\/?p=10856"},"modified":"2021-05-20T12:08:33","modified_gmt":"2021-05-20T10:08:33","slug":"visita-del-lycee-condorcet-de-bordeus-franca","status":"publish","type":"post","link":"https:\/\/agora.xtec.cat\/iesvallhebron\/portada\/visita-del-lycee-condorcet-de-bordeus-franca\/","title":{"rendered":"Benviguda a 3 Erasmus+ del Lyc\u00e9e Condorcet!"},"content":{"rendered":"\r\n\t<div class=\"slideshow_container slideshow_container_style-light\" style=\"height: 250px; \" data-slideshow-id=\"10852\" data-style-name=\"style-light\" data-style-version=\"2.3.1\" >\r\n\r\n\t\t\t\t\t<div class=\"slideshow_loading_icon\"><\/div>\r\n\t\t\r\n\t\t<div class=\"slideshow_content\" style=\"display: none;\">\r\n\r\n\t\t\t<div class=\"slideshow_view\">\r\n\t\t\t\t<div class=\"slideshow_slide slideshow_slide_image\">\r\n\t\t\t\t\t\t\t\t\t\t\t<img src=\"https:\/\/agora.xtec.cat\/iesvallhebron\/wp-content\/uploads\/usu893\/2021\/05\/Institut.jpeg\" alt=\"Institut\" width=\"1024\" height=\"768\" \/>\r\n\t\t\t\t\t\t\t\t\t\t<div class=\"slideshow_description_box slideshow_transparent\">\r\n\t\t\t\t\t\t\t\t\t\t\t\t\t\t\t\t\t<\/div>\r\n\t\t\t\t<\/div>\r\n\r\n\t\t\t\t\t\t<div style=\"clear: both;\"><\/div><\/div><div class=\"slideshow_view\">\r\n\t\t\t\t<div class=\"slideshow_slide slideshow_slide_image\">\r\n\t\t\t\t\t\t\t\t\t\t\t<img src=\"https:\/\/agora.xtec.cat\/iesvallhebron\/wp-content\/uploads\/usu893\/2021\/05\/IMG-20210510-WA0028.jpg\" alt=\"IMG-20210510-WA0028\" width=\"1024\" height=\"768\" \/>\r\n\t\t\t\t\t\t\t\t\t\t<div class=\"slideshow_description_box slideshow_transparent\">\r\n\t\t\t\t\t\t\t\t\t\t\t\t\t\t\t\t\t<\/div>\r\n\t\t\t\t<\/div>\r\n\r\n\t\t\t\t\t\t<div style=\"clear: both;\"><\/div><\/div><div class=\"slideshow_view\">\r\n\t\t\t\t<div class=\"slideshow_slide slideshow_slide_image\">\r\n\t\t\t\t\t\t\t\t\t\t\t<img src=\"https:\/\/agora.xtec.cat\/iesvallhebron\/wp-content\/uploads\/usu893\/2021\/05\/MACBA.jpg\" alt=\"MACBA\" width=\"1024\" height=\"768\" \/>\r\n\t\t\t\t\t\t\t\t\t\t<div class=\"slideshow_description_box slideshow_transparent\">\r\n\t\t\t\t\t\t\t\t\t\t\t\t\t\t\t\t\t<\/div>\r\n\t\t\t\t<\/div>\r\n\r\n\t\t\t\t\t\t<div style=\"clear: both;\"><\/div><\/div>\r\n\t\t<\/div>\r\n\r\n\t\t<div class=\"slideshow_controlPanel slideshow_transparent\" style=\"display: none;\"><ul><li class=\"slideshow_togglePlay\" data-play-text=\"Visualitza\" data-pause-text=\"Pausa\"><\/li><\/ul><\/div>\r\n\r\n\t\t<div class=\"slideshow_button slideshow_previous slideshow_transparent\" role=\"button\" data-previous-text=\"Anterior\" style=\"display: none;\"><\/div>\r\n\t\t<div class=\"slideshow_button slideshow_next slideshow_transparent\" role=\"button\" data-next-text=\"Seg\u00fcent\" style=\"display: none;\"><\/div>\r\n\r\n\t\t<div class=\"slideshow_pagination\" style=\"display: none;\" data-go-to-text=\"V\u00e9s a la diapositiva\"><div class=\"slideshow_pagination_center\"><\/div><\/div>\r\n\r\n\t\t<!-- WordPress Slideshow Version 2.3.1 -->\r\n\r\n\t\t\t<\/div>\r\n\r\n\n<table class=\" aligncenter alignleft\" style=\"width: 440px; border-style: none; height: 607px;\">\n<tbody>\n<tr style=\"height: 607px;\">\n<td style=\"width: 217.778px; height: 607px;\">\n<h4 style=\"text-align: left;\"><span style=\"color: #00ccff;\">Bienvenue aux 3 \u00e9tudiantes fran\u00e7aises d\u2019Erasmus + !<\/span><\/h4>\n<p>Dans le cadre de l&#8217;\u00e9change avec le Lyc\u00e9e Condorcet de Bordeaux, nous avons eu le plaisir d\u2019accueillir cette semaine trois \u00e9tudiantes fran\u00e7aises en Commerce International. En juin, trois \u00e9tudiantes de notre Lyc\u00e9e de GS (Stylisme, Administration et Finance et Assistance \u00e0 la Direction) se rendront \u00e0 Bordeaux pour faire \u00e0 leur tour leur Erasmus +.<\/p>\n<p>Ces \u00e9tudiantes fran\u00e7aises auront l&#8217;exp\u00e9rience de vivre \u00e0 Barcelone dans le cadre d&#8217;Erasmus + pendant deux mois, et effectueront des stages \u00e0 \u00abBCN languages\u00a0\u00bb et \u00e0 l&#8217;h\u00f4tel \u00ab\u00a0\u00c0mfores Boutique Guest House\u00bb.<\/p>\n<p>Au cours de la semaine derni\u00e8re, elles ont particip\u00e9 avec nos \u00e9tudiants \u00e0 deux sorties en anglais aux mus\u00e9es MACBA et MNAC.<\/p>\n<p>Nous leur souhaitons un Erasmus+ enrichissant et un tr\u00e8s bon s\u00e9jour!<\/td>\n<td style=\"width: 218.889px; height: 607px;\">\n<h4><span style=\"color: #00ccff;\">Benvinguda a 3 alumnes franceses d\u2019Erasmus+!<\/span><\/h4>\n<p>En el marc de l\u2019intercanvi amb el Lyc\u00e9e Condorcet de Bordeus, aquesta setmana hem donat la benvinguda a tres alumnes franceses, de Comer\u00e7 Internacional.<br \/>\nAl proper juny tres alumnes del nostre Institut de Grau Superior (de Estilisme, Administraci\u00f3 i Finances i Assist\u00e8ncia a la Direcci\u00f3) \u00a0viatjaran a Bordeus per fer un Erasmus+.<\/p>\n<p>Aquestes estudiants franceses tindran l\u2019experi\u00e8ncia de viure a Barcelona en el marc de l\u2019Erasmus+, durant dos mesos, realitzant practiques formatives a BCN languages i a l\u2019Hotel \u00ab\u00a0\u00c0mfores Boutique Guest House\u00bb.<\/p>\n<p>Durant la semana, han participat amb els nostres alumnes a dos sortides en llengua anglesa visitant els Museus MACBA i MNAC.<\/p>\n<p>Els hi desitgem un enriquidor Erasmus + i una molt feli\u00e7 estada!<\/td>\n<\/tr>\n<\/tbody>\n<\/table>\n<p>&nbsp;<\/p>\n<p>&nbsp;<\/p>\n","protected":false},"excerpt":{"rendered":"<p>Bienvenue aux 3 \u00e9tudiantes fran\u00e7aises d\u2019Erasmus + ! Dans le cadre de l&#8217;\u00e9change avec le Lyc\u00e9e Condorcet de Bordeaux, nous avons eu le plaisir d\u2019accueillir cette semaine trois \u00e9tudiantes fran\u00e7aises en Commerce International. En juin, trois \u00e9tudiantes de notre Lyc\u00e9e de GS (Stylisme, Administration et Finance et Assistance \u00e0 la Direction) se rendront \u00e0 Bordeaux [&hellip;]<\/p>\n","protected":false},"author":39,"featured_media":0,"comment_status":"closed","ping_status":"closed","sticky":false,"template":"","format":"standard","meta":{"_bbp_topic_count":0,"_bbp_reply_count":0,"_bbp_total_topic_count":0,"_bbp_total_reply_count":0,"_bbp_voice_count":0,"_bbp_anonymous_reply_count":0,"_bbp_topic_count_hidden":0,"_bbp_reply_count_hidden":0,"_bbp_forum_subforum_count":0,"site-sidebar-layout":"default","site-content-layout":"","ast-site-content-layout":"","site-content-style":"default","site-sidebar-style":"default","ast-global-header-display":"","ast-banner-title-visibility":"","ast-main-header-display":"","ast-hfb-above-header-display":"","ast-hfb-below-header-display":"","ast-hfb-mobile-header-display":"","site-post-title":"","ast-breadcrumbs-content":"","ast-featured-img":"","footer-sml-layout":"","theme-transparent-header-meta":"","adv-header-id-meta":"","stick-header-meta":"","header-above-stick-meta":"","header-main-stick-meta":"","header-below-stick-meta":"","astra-migrate-meta-layouts":"default","ast-page-background-enabled":"default","ast-page-background-meta":{"desktop":{"background-color":"var(--ast-global-color-4)","background-image":"","background-repeat":"repeat","background-position":"center center","background-size":"auto","background-attachment":"scroll","background-type":"","background-media":"","overlay-type":"","overlay-color":"","overlay-opacity":"","overlay-gradient":""},"tablet":{"background-color":"","background-image":"","background-repeat":"repeat","background-position":"center center","background-size":"auto","background-attachment":"scroll","background-type":"","background-media":"","overlay-type":"","overlay-color":"","overlay-opacity":"","overlay-gradient":""},"mobile":{"background-color":"","background-image":"","background-repeat":"repeat","background-position":"center center","background-size":"auto","background-attachment":"scroll","background-type":"","background-media":"","overlay-type":"","overlay-color":"","overlay-opacity":"","overlay-gradient":""}},"ast-content-background-meta":{"desktop":{"background-color":"var(--ast-global-color-5)","background-image":"","background-repeat":"repeat","background-position":"center center","background-size":"auto","background-attachment":"scroll","background-type":"","background-media":"","overlay-type":"","overlay-color":"","overlay-opacity":"","overlay-gradient":""},"tablet":{"background-color":"var(--ast-global-color-5)","background-image":"","background-repeat":"repeat","background-position":"center center","background-size":"auto","background-attachment":"scroll","background-type":"","background-media":"","overlay-type":"","overlay-color":"","overlay-opacity":"","overlay-gradient":""},"mobile":{"background-color":"var(--ast-global-color-5)","background-image":"","background-repeat":"repeat","background-position":"center center","background-size":"auto","background-attachment":"scroll","background-type":"","background-media":"","overlay-type":"","overlay-color":"","overlay-opacity":"","overlay-gradient":""}},"footnotes":""},"categories":[132,67,68,69,70,96,84,29],"tags":[215,130,45,209],"class_list":["post-10856","post","type-post","status-publish","format-standard","hentry","category-al-centre","category-aif","category-ad","category-est_gs","category-perr_gs","category-erasmus","category-estudis","category-portada","tag-erasmus","tag-estudis","tag-general","tag-grau-superior"],"post_mailing_queue_ids":[],"_links":{"self":[{"href":"https:\/\/agora.xtec.cat\/iesvallhebron\/wp-json\/wp\/v2\/posts\/10856","targetHints":{"allow":["GET"]}}],"collection":[{"href":"https:\/\/agora.xtec.cat\/iesvallhebron\/wp-json\/wp\/v2\/posts"}],"about":[{"href":"https:\/\/agora.xtec.cat\/iesvallhebron\/wp-json\/wp\/v2\/types\/post"}],"author":[{"embeddable":true,"href":"https:\/\/agora.xtec.cat\/iesvallhebron\/wp-json\/wp\/v2\/users\/39"}],"replies":[{"embeddable":true,"href":"https:\/\/agora.xtec.cat\/iesvallhebron\/wp-json\/wp\/v2\/comments?post=10856"}],"version-history":[{"count":5,"href":"https:\/\/agora.xtec.cat\/iesvallhebron\/wp-json\/wp\/v2\/posts\/10856\/revisions"}],"predecessor-version":[{"id":10914,"href":"https:\/\/agora.xtec.cat\/iesvallhebron\/wp-json\/wp\/v2\/posts\/10856\/revisions\/10914"}],"wp:attachment":[{"href":"https:\/\/agora.xtec.cat\/iesvallhebron\/wp-json\/wp\/v2\/media?parent=10856"}],"wp:term":[{"taxonomy":"category","embeddable":true,"href":"https:\/\/agora.xtec.cat\/iesvallhebron\/wp-json\/wp\/v2\/categories?post=10856"},{"taxonomy":"post_tag","embeddable":true,"href":"https:\/\/agora.xtec.cat\/iesvallhebron\/wp-json\/wp\/v2\/tags?post=10856"}],"curies":[{"name":"wp","href":"https:\/\/api.w.org\/{rel}","templated":true}]}}