{"id":2880,"date":"2026-06-03T23:54:39","date_gmt":"2026-06-03T21:54:39","guid":{"rendered":"https:\/\/agora.xtec.cat\/iesvalldemossa\/?p=2880"},"modified":"2026-06-03T23:56:37","modified_gmt":"2026-06-03T21:56:37","slug":"sortides-curriculars-a-la-materia-dhistoria-del-mon-contemporani","status":"publish","type":"post","link":"https:\/\/agora.xtec.cat\/iesvalldemossa\/general\/sortides-curriculars-a-la-materia-dhistoria-del-mon-contemporani\/","title":{"rendered":"SORTIDES CURRICULARS A LA MAT\u00c8RIA D\u2019HIST\u00d2RIA DEL M\u00d3N CONTEMPORANI"},"content":{"rendered":"<p>L\u2019EXPOSICI\u00d3 DEL MUR DE BERLIN<\/p>\n<p>L\u2019alumnat que ha cursat la mat\u00e8ria d\u2019Hist\u00f2ria del M\u00f3n contemporani ha realitzat algunes sortides curriculars que han esdevingut l\u2019oportunitat de viure els fets hist\u00f2rics d\u2019una forma m\u00e9s propera i real.<br \/>\nAl segon trimestre vam visitar l\u2019exposici\u00f3 sobre el Mur de Berlin a l\u2019espai Inmersa. \u00abEl Mur de Berl\u00edn. Un m\u00f3n dividit\u00bb tra\u00e7a la hist\u00f2ria del Mur, des de la seva construcci\u00f3 fins a la seva caiguda, explorant tres d\u00e8cades de separaci\u00f3 i el seu paper clau en la Guerra Freda. A trav\u00e9s d&#8217;una hist\u00f2ria captivadora, descobrirem m\u00e9s de 200 objectes aut\u00e8ntics, incloent-hi fragments del Mur, v\u00eddeos i testimonis commovedors aquells que van viure aquell per\u00edode. Una experi\u00e8ncia \u00fanica per entendre la dimensi\u00f3 completa aquest esdeveniment hist\u00f2ric.<\/p>\n<p><a href=\"https:\/\/agora.xtec.cat\/iesvalldemossa\/wp-content\/uploads\/usu2335\/2026\/06\/Screenshot-2026-06-03-at-23.48.35.png\"><img loading=\"lazy\" decoding=\"async\" class=\"wp-image-2881 alignleft\" src=\"https:\/\/agora.xtec.cat\/iesvalldemossa\/wp-content\/uploads\/usu2335\/2026\/06\/Screenshot-2026-06-03-at-23.48.35-300x203.png\" alt=\"\" width=\"460\" height=\"311\" srcset=\"https:\/\/agora.xtec.cat\/iesvalldemossa\/wp-content\/uploads\/usu2335\/2026\/06\/Screenshot-2026-06-03-at-23.48.35-300x203.png 300w, https:\/\/agora.xtec.cat\/iesvalldemossa\/wp-content\/uploads\/usu2335\/2026\/06\/Screenshot-2026-06-03-at-23.48.35-1024x691.png 1024w, https:\/\/agora.xtec.cat\/iesvalldemossa\/wp-content\/uploads\/usu2335\/2026\/06\/Screenshot-2026-06-03-at-23.48.35-768x518.png 768w, https:\/\/agora.xtec.cat\/iesvalldemossa\/wp-content\/uploads\/usu2335\/2026\/06\/Screenshot-2026-06-03-at-23.48.35.png 1028w\" sizes=\"auto, (max-width: 460px) 100vw, 460px\" \/><\/a>\u00a0 \u00a0 <a href=\"https:\/\/agora.xtec.cat\/iesvalldemossa\/wp-content\/uploads\/usu2335\/2026\/06\/Screenshot-2026-06-03-at-23.49.15.png\"><img loading=\"lazy\" decoding=\"async\" class=\"alignnone wp-image-2882\" src=\"https:\/\/agora.xtec.cat\/iesvalldemossa\/wp-content\/uploads\/usu2335\/2026\/06\/Screenshot-2026-06-03-at-23.49.15-300x141.png\" alt=\"\" width=\"679\" height=\"319\" srcset=\"https:\/\/agora.xtec.cat\/iesvalldemossa\/wp-content\/uploads\/usu2335\/2026\/06\/Screenshot-2026-06-03-at-23.49.15-300x141.png 300w, https:\/\/agora.xtec.cat\/iesvalldemossa\/wp-content\/uploads\/usu2335\/2026\/06\/Screenshot-2026-06-03-at-23.49.15-1024x480.png 1024w, https:\/\/agora.xtec.cat\/iesvalldemossa\/wp-content\/uploads\/usu2335\/2026\/06\/Screenshot-2026-06-03-at-23.49.15-768x360.png 768w, https:\/\/agora.xtec.cat\/iesvalldemossa\/wp-content\/uploads\/usu2335\/2026\/06\/Screenshot-2026-06-03-at-23.49.15.png 1160w\" sizes=\"auto, (max-width: 679px) 100vw, 679px\" \/><\/a><\/p>\n<p>&nbsp;<\/p>\n<p>Un altre esdeveniment del curs ha estat la visita\u00a0 al recinte de la Col\u00f2nia Vidal.<\/p>\n<p>CAL VIDAL, L&#8217;\u00daLTIMA COL\u00d2NIA T\u00c8XTIL DEL BERGUED\u00c0<\/p>\n<p>Recordar el passat industrial d&#8217;aquest pa\u00eds ens porta inexorablement a parlar de les col\u00f2nies industrials i, entre elles, de les col\u00f2nies t\u00e8xtils. Per poder reviure la seva activitat econ\u00f2mica i social en primera persona encara en queden algunes dretes, com \u00e9s el cas de Cal Vidal, l&#8217;\u00faltima col\u00f2nia t\u00e8xtil del Bergued\u00e0, convertida actualment en museu i que visitem no fa gaire temps.<\/p>\n<p>Cal Vidal est\u00e0 ubicada a la poblaci\u00f3 de Puig-Reig i es va fundar el 1892, per la qual cosa t\u00e9 l&#8217;honor de ser l&#8217;\u00faltima col\u00f2nia que es va obrir a la comarca, sent tamb\u00e9 l&#8217;\u00faltima a tancar, a principis dels anys 80 del segle XX.<\/p>\n<p>Va ser tot un plaer poder rec\u00f3rrer els seus espais i aprendre a posar-nos en el lloc de les persones que havien mantingut viva aquella col\u00f2nia. I, el m\u00e9s excepcional va ser tenir com a guia al mateix Joan Frank, director de la pel\u00b7l\u00edcula Terra de telers rodada a Cal Vidal el 2020.<\/p>\n<p><a href=\"https:\/\/agora.xtec.cat\/iesvalldemossa\/wp-content\/uploads\/usu2335\/2026\/06\/Screenshot-2026-06-03-at-23.50.50.png\"><img loading=\"lazy\" decoding=\"async\" class=\"alignnone wp-image-2883\" src=\"https:\/\/agora.xtec.cat\/iesvalldemossa\/wp-content\/uploads\/usu2335\/2026\/06\/Screenshot-2026-06-03-at-23.50.50-300x223.png\" alt=\"\" width=\"457\" height=\"340\" srcset=\"https:\/\/agora.xtec.cat\/iesvalldemossa\/wp-content\/uploads\/usu2335\/2026\/06\/Screenshot-2026-06-03-at-23.50.50-300x223.png 300w, https:\/\/agora.xtec.cat\/iesvalldemossa\/wp-content\/uploads\/usu2335\/2026\/06\/Screenshot-2026-06-03-at-23.50.50-1024x762.png 1024w, https:\/\/agora.xtec.cat\/iesvalldemossa\/wp-content\/uploads\/usu2335\/2026\/06\/Screenshot-2026-06-03-at-23.50.50-768x571.png 768w, https:\/\/agora.xtec.cat\/iesvalldemossa\/wp-content\/uploads\/usu2335\/2026\/06\/Screenshot-2026-06-03-at-23.50.50-1536x1143.png 1536w, https:\/\/agora.xtec.cat\/iesvalldemossa\/wp-content\/uploads\/usu2335\/2026\/06\/Screenshot-2026-06-03-at-23.50.50.png 1672w\" sizes=\"auto, (max-width: 457px) 100vw, 457px\" \/>. \u00a0\u00a0 <\/a><a href=\"https:\/\/agora.xtec.cat\/iesvalldemossa\/wp-content\/uploads\/usu2335\/2026\/06\/Screenshot-2026-06-03-at-23.51.42.png\"><img loading=\"lazy\" decoding=\"async\" class=\"alignnone wp-image-2884\" src=\"https:\/\/agora.xtec.cat\/iesvalldemossa\/wp-content\/uploads\/usu2335\/2026\/06\/Screenshot-2026-06-03-at-23.51.42-300x225.png\" alt=\"\" width=\"418\" height=\"314\" srcset=\"https:\/\/agora.xtec.cat\/iesvalldemossa\/wp-content\/uploads\/usu2335\/2026\/06\/Screenshot-2026-06-03-at-23.51.42-300x225.png 300w, https:\/\/agora.xtec.cat\/iesvalldemossa\/wp-content\/uploads\/usu2335\/2026\/06\/Screenshot-2026-06-03-at-23.51.42-1024x766.png 1024w, https:\/\/agora.xtec.cat\/iesvalldemossa\/wp-content\/uploads\/usu2335\/2026\/06\/Screenshot-2026-06-03-at-23.51.42-768x575.png 768w, https:\/\/agora.xtec.cat\/iesvalldemossa\/wp-content\/uploads\/usu2335\/2026\/06\/Screenshot-2026-06-03-at-23.51.42-1536x1150.png 1536w, https:\/\/agora.xtec.cat\/iesvalldemossa\/wp-content\/uploads\/usu2335\/2026\/06\/Screenshot-2026-06-03-at-23.51.42.png 1574w\" sizes=\"auto, (max-width: 418px) 100vw, 418px\" \/>. \u00a0\u00a0\u00a0 <\/a><a href=\"https:\/\/agora.xtec.cat\/iesvalldemossa\/wp-content\/uploads\/usu2335\/2026\/06\/Screenshot-2026-06-03-at-23.51.52.png\"><img loading=\"lazy\" decoding=\"async\" class=\"alignnone wp-image-2885\" src=\"https:\/\/agora.xtec.cat\/iesvalldemossa\/wp-content\/uploads\/usu2335\/2026\/06\/Screenshot-2026-06-03-at-23.51.52-300x226.png\" alt=\"\" width=\"423\" height=\"319\" srcset=\"https:\/\/agora.xtec.cat\/iesvalldemossa\/wp-content\/uploads\/usu2335\/2026\/06\/Screenshot-2026-06-03-at-23.51.52-300x226.png 300w, https:\/\/agora.xtec.cat\/iesvalldemossa\/wp-content\/uploads\/usu2335\/2026\/06\/Screenshot-2026-06-03-at-23.51.52-1024x771.png 1024w, https:\/\/agora.xtec.cat\/iesvalldemossa\/wp-content\/uploads\/usu2335\/2026\/06\/Screenshot-2026-06-03-at-23.51.52-768x578.png 768w, https:\/\/agora.xtec.cat\/iesvalldemossa\/wp-content\/uploads\/usu2335\/2026\/06\/Screenshot-2026-06-03-at-23.51.52-1536x1156.png 1536w, https:\/\/agora.xtec.cat\/iesvalldemossa\/wp-content\/uploads\/usu2335\/2026\/06\/Screenshot-2026-06-03-at-23.51.52.png 1576w\" sizes=\"auto, (max-width: 423px) 100vw, 423px\" \/><\/a><\/p>\n<p>&nbsp;<\/p>\n","protected":false},"excerpt":{"rendered":"<p>L\u2019EXPOSICI\u00d3 DEL MUR DE BERLIN L\u2019alumnat que ha cursat la mat\u00e8ria d\u2019Hist\u00f2ria del M\u00f3n contemporani ha realitzat algunes sortides curriculars que han esdevingut l\u2019oportunitat de viure els fets hist\u00f2rics d\u2019una forma m\u00e9s propera i real. Al segon trimestre vam visitar l\u2019exposici\u00f3 sobre el Mur de Berlin a l\u2019espai Inmersa. \u00abEl Mur de Berl\u00edn. Un m\u00f3n [&hellip;]<\/p>\n","protected":false},"author":9,"featured_media":0,"comment_status":"closed","ping_status":"open","sticky":false,"template":"","format":"standard","meta":{"_bbp_topic_count":0,"_bbp_reply_count":0,"_bbp_total_topic_count":0,"_bbp_total_reply_count":0,"_bbp_voice_count":0,"_bbp_anonymous_reply_count":0,"_bbp_topic_count_hidden":0,"_bbp_reply_count_hidden":0,"_bbp_forum_subforum_count":0,"site-sidebar-layout":"default","site-content-layout":"","ast-site-content-layout":"default","site-content-style":"default","site-sidebar-style":"default","ast-global-header-display":"","ast-banner-title-visibility":"","ast-main-header-display":"","ast-hfb-above-header-display":"","ast-hfb-below-header-display":"","ast-hfb-mobile-header-display":"","site-post-title":"","ast-breadcrumbs-content":"","ast-featured-img":"","footer-sml-layout":"","theme-transparent-header-meta":"default","adv-header-id-meta":"","stick-header-meta":"","header-above-stick-meta":"","header-main-stick-meta":"","header-below-stick-meta":"","astra-migrate-meta-layouts":"set","ast-page-background-enabled":"default","ast-page-background-meta":{"desktop":{"background-color":"var(--ast-global-color-4)","background-image":"","background-repeat":"repeat","background-position":"center center","background-size":"auto","background-attachment":"scroll","background-type":"","background-media":"","overlay-type":"","overlay-color":"","overlay-opacity":"","overlay-gradient":""},"tablet":{"background-color":"","background-image":"","background-repeat":"repeat","background-position":"center center","background-size":"auto","background-attachment":"scroll","background-type":"","background-media":"","overlay-type":"","overlay-color":"","overlay-opacity":"","overlay-gradient":""},"mobile":{"background-color":"","background-image":"","background-repeat":"repeat","background-position":"center center","background-size":"auto","background-attachment":"scroll","background-type":"","background-media":"","overlay-type":"","overlay-color":"","overlay-opacity":"","overlay-gradient":""}},"ast-content-background-meta":{"desktop":{"background-color":"var(--ast-global-color-5)","background-image":"","background-repeat":"repeat","background-position":"center center","background-size":"auto","background-attachment":"scroll","background-type":"","background-media":"","overlay-type":"","overlay-color":"","overlay-opacity":"","overlay-gradient":""},"tablet":{"background-color":"var(--ast-global-color-5)","background-image":"","background-repeat":"repeat","background-position":"center center","background-size":"auto","background-attachment":"scroll","background-type":"","background-media":"","overlay-type":"","overlay-color":"","overlay-opacity":"","overlay-gradient":""},"mobile":{"background-color":"var(--ast-global-color-5)","background-image":"","background-repeat":"repeat","background-position":"center center","background-size":"auto","background-attachment":"scroll","background-type":"","background-media":"","overlay-type":"","overlay-color":"","overlay-opacity":"","overlay-gradient":""}},"footnotes":""},"categories":[1,29],"tags":[],"class_list":["post-2880","post","type-post","status-publish","format-standard","hentry","category-general","category-portada"],"post_mailing_queue_ids":[],"_links":{"self":[{"href":"https:\/\/agora.xtec.cat\/iesvalldemossa\/wp-json\/wp\/v2\/posts\/2880","targetHints":{"allow":["GET"]}}],"collection":[{"href":"https:\/\/agora.xtec.cat\/iesvalldemossa\/wp-json\/wp\/v2\/posts"}],"about":[{"href":"https:\/\/agora.xtec.cat\/iesvalldemossa\/wp-json\/wp\/v2\/types\/post"}],"author":[{"embeddable":true,"href":"https:\/\/agora.xtec.cat\/iesvalldemossa\/wp-json\/wp\/v2\/users\/9"}],"replies":[{"embeddable":true,"href":"https:\/\/agora.xtec.cat\/iesvalldemossa\/wp-json\/wp\/v2\/comments?post=2880"}],"version-history":[{"count":1,"href":"https:\/\/agora.xtec.cat\/iesvalldemossa\/wp-json\/wp\/v2\/posts\/2880\/revisions"}],"predecessor-version":[{"id":2886,"href":"https:\/\/agora.xtec.cat\/iesvalldemossa\/wp-json\/wp\/v2\/posts\/2880\/revisions\/2886"}],"wp:attachment":[{"href":"https:\/\/agora.xtec.cat\/iesvalldemossa\/wp-json\/wp\/v2\/media?parent=2880"}],"wp:term":[{"taxonomy":"category","embeddable":true,"href":"https:\/\/agora.xtec.cat\/iesvalldemossa\/wp-json\/wp\/v2\/categories?post=2880"},{"taxonomy":"post_tag","embeddable":true,"href":"https:\/\/agora.xtec.cat\/iesvalldemossa\/wp-json\/wp\/v2\/tags?post=2880"}],"curies":[{"name":"wp","href":"https:\/\/api.w.org\/{rel}","templated":true}]}}