{"id":3,"count":0,"description":"<p style=\"text-align: justify;\">L'Educaci\u00f3 Secund\u00e0ria Obligat\u00f2ria (ESO) \u00e9s una etapa educativa obligat\u00f2ria del sistema educatiu que es cursa habitualment entre els 12 i els 16 anys, despr\u00e9s de finalitzar l\u2019Educaci\u00f3 Prim\u00e0ria. T\u00e9 una durada de quatre cursos acad\u00e8mics i constitueix una etapa fonamental en la formaci\u00f3 acad\u00e8mica i personal de l\u2019alumnat.<\/p>\r\n<p style=\"text-align: justify;\" data-start=\"627\" data-end=\"981\">A l\u2019Institut Vall d\u2019Ar\u00fas de Vallirana, l\u2019ESO t\u00e9 com a finalitat proporcionar una educaci\u00f3 integral que garanteixi l\u2019adquisici\u00f3 dels aprenentatges b\u00e0sics i el desenvolupament de les compet\u00e8ncies necess\u00e0ries per a la continu\u00eftat dels estudis postobligatoris \u2014Batxillerat o Formaci\u00f3 Professional\u2014 i per a la participaci\u00f3 activa i responsable en la societat.<a href=\"https:\/\/agora.xtec.cat\/iesvalldarus\/wp-content\/uploads\/usu2464\/2026\/01\/alumna-a-tecno-horiz-scaled.jpg\"><img class=\"aligncenter wp-image-989\" src=\"https:\/\/agora.xtec.cat\/iesvalldarus\/wp-content\/uploads\/usu2464\/2026\/01\/alumna-a-tecno-horiz-300x225.jpg\" alt=\"\" width=\"512\" height=\"384\" \/><\/a><\/p>\r\n<p style=\"text-align: justify;\" data-start=\"983\" data-end=\"1415\">Al llarg d\u2019aquesta etapa, l\u2019alumnat adquireix coneixements i habilitats en els diferents \u00e0mbits del curr\u00edculum, amb especial atenci\u00f3 a la compet\u00e8ncia comunicativa oral i escrita, el raonament matem\u00e0tic, la compet\u00e8ncia digital, la comprensi\u00f3 del medi social i natural, i el desenvolupament del pensament cr\u00edtic. El centre promou metodologies que afavoreixen l\u2019autonomia personal, el treball cooperatiu, l\u2019esfor\u00e7 i la responsabilitat.<\/p>\r\n<p style=\"text-align: justify;\" data-start=\"1417\" data-end=\"1849\">L\u2019acci\u00f3 tutorial \u00e9s un element essencial en el funcionament de l\u2019ESO al nostre centre. Mitjan\u00e7ant el seguiment individualitzat de l\u2019alumnat, les tutories contribueixen a l\u2019orientaci\u00f3 acad\u00e8mica i personal, al desenvolupament d\u2019h\u00e0bits d\u2019estudi i a la millora de la conviv\u00e8ncia. Aix\u00ed mateix, l\u2019Institut Vall d\u2019Ar\u00fas mant\u00e9 una comunicaci\u00f3 regular amb les fam\u00edlies, entenent la seva col\u00b7laboraci\u00f3 com un factor clau en el proc\u00e9s educatiu.<a href=\"https:\/\/agora.xtec.cat\/iesvalldarus\/wp-content\/uploads\/usu2464\/2026\/01\/orientacio-2-scaled.jpg\"><img class=\"aligncenter wp-image-990\" src=\"https:\/\/agora.xtec.cat\/iesvalldarus\/wp-content\/uploads\/usu2464\/2026\/01\/orientacio-2-300x225.jpg\" alt=\"\" width=\"512\" height=\"384\" \/><\/a><\/p>\r\n<p style=\"text-align: justify;\" data-start=\"1851\" data-end=\"2032\">L\u2019ESO a l\u2019Institut Vall d\u2019Ar\u00fas es fonamenta en els valors del respecte, la conviv\u00e8ncia, la inclusi\u00f3, la igualtat d\u2019oportunitats i el comprom\u00eds amb la comunitat educativa i l\u2019entorn.<\/p>\r\n<p style=\"text-align: justify;\" data-start=\"2034\" data-end=\"2196\">Per accedir a aquests ensenyaments, cal formalitzar la preinscripci\u00f3 i la matr\u00edcula d\u2019acord amb els criteris i els terminis establerts pel Departament d\u2019Educaci\u00f3.<\/p>","link":"https:\/\/agora.xtec.cat\/iesvalldarus\/categoria\/eso\/","name":"Educaci\u00f3 Secund\u00e0ria Obligat\u00f2ria","slug":"eso","taxonomy":"category","parent":0,"meta":[],"_links":{"self":[{"href":"https:\/\/agora.xtec.cat\/iesvalldarus\/wp-json\/wp\/v2\/categories\/3","targetHints":{"allow":["GET"]}}],"collection":[{"href":"https:\/\/agora.xtec.cat\/iesvalldarus\/wp-json\/wp\/v2\/categories"}],"about":[{"href":"https:\/\/agora.xtec.cat\/iesvalldarus\/wp-json\/wp\/v2\/taxonomies\/category"}],"wp:post_type":[{"href":"https:\/\/agora.xtec.cat\/iesvalldarus\/wp-json\/wp\/v2\/posts?categories=3"}],"curies":[{"name":"wp","href":"https:\/\/api.w.org\/{rel}","templated":true}]}}