{"id":5906,"date":"2025-11-20T19:10:50","date_gmt":"2025-11-20T18:10:50","guid":{"rendered":"https:\/\/agora.xtec.cat\/iestossa\/?p=5906"},"modified":"2025-11-20T19:11:56","modified_gmt":"2025-11-20T18:11:56","slug":"la-lectura-es-un-regal-que-ens-pot-acompanyar-al-llarg-de-la-vida","status":"publish","type":"post","link":"https:\/\/agora.xtec.cat\/iestossa\/general\/la-lectura-es-un-regal-que-ens-pot-acompanyar-al-llarg-de-la-vida\/","title":{"rendered":"\u00abLa lectura \u00e9s un regal que ens pot acompanyar al llarg de la vida\u00bb"},"content":{"rendered":"<p><span class=\"TextRun SCXW119874943 BCX0\" lang=\"CA-ES\" xml:lang=\"CA-ES\" data-contrast=\"none\"><span class=\"NormalTextRun SCXW119874943 BCX0\">Entrevista. Tossa de Mar, novembre de 2025<\/span><\/span><span class=\"EOP SCXW119874943 BCX0\" data-ccp-props=\"{&quot;134233117&quot;:false,&quot;134233118&quot;:false,&quot;201341983&quot;:0,&quot;335551550&quot;:1,&quot;335551620&quot;:1,&quot;335559685&quot;:708,&quot;335559737&quot;:0,&quot;335559738&quot;:0,&quot;335559739&quot;:160,&quot;335559740&quot;:279}\">\u00a0<\/span><\/p>\n<p>La Biblioteca Manuel Vil\u00e0 i Dalmau \u00e9s un espai que acull llibres, contes i coneixement, i reuneix persones de diferents edats amb passi\u00f3 per la lectura i la descoberta. Quan hi entres, et sents en un altre m\u00f3n: la tranquil\u00b7litat, l\u2019ordre i les activitats que apropen la cultura a tothom. He entrevistat les responsables de l\u2019equipament perqu\u00e8 ens en parlin, la directora \u00e9s Carmen Est\u00e9vez i la t\u00e8cnica auxiliar de la biblioteca, Gemma Gordils. La majoria de les preguntes les han contestat conjuntament.<\/p>\n<p><strong>T\u2019agrada ser directora? Des de quan ho ets?<\/strong><br \/>\nCarmen: M&#8217;agrada molt treballar de bibliotec\u00e0ria perqu\u00e8 m\u2019apassiona la lectura. Aquesta biblioteca es va inaugurar el 1999 i jo hi treballo des de llavors.<\/p>\n<p><strong>Quin \u00e9s el paper que juga la biblioteca Manuel Vil\u00e0 i Dalmau a la comunitat?<\/strong><br \/>\n\u00c9s un espai de dinamitzaci\u00f3 de la lectura i la cultura, on es comparteixen moltes experi\u00e8ncies culturals. \u00c9s tamb\u00e9 un lloc de trobada per a tothom i on qualsevol persona pot accedir-hi per demanar documents, participar en activitats relacionades amb la lectura i el coneixement, etc.<\/p>\n<p><strong>I a l\u2019institut?<\/strong><br \/>\nTenim diferents projectes de col\u00b7laboraci\u00f3: des de les visites de l\u2019alumnat al suport a grups de lectura juvenil de l\u2019institut o participaci\u00f3 en concursos literaris i de creaci\u00f3 de punts de llibres, entre d\u2019altres.<\/p>\n<p><strong>Com organitzeu les activitats i tallers a la biblioteca? N\u2019hi ha destinades a infants i a adults? <\/strong><br \/>\nS\u00ed, intentem oferir activitats diverses i adaptades als diferents grups de persones: des dels infants als adults; hores del conte, grups de lectura, tallers tecnol\u00f2gics, presentacions de llibres, confer\u00e8ncies i xerrades&#8230; Moltes es fan en col\u00b7laboraci\u00f3 amb el Servei de Biblioteques de la Diputaci\u00f3 de Girona i el Servei de Biblioteques de la Generalitat.<\/p>\n<p><strong>Quin tipus de llibres i temes s\u00f3n els m\u00e9s demanats pels nens i les nenes?<\/strong><br \/>\nDe tota mena: c\u00f2mics, llibres d\u2019aventures i d\u2019intriga, contes i \u00e0lbums il\u00b7lustrats&#8230;<\/p>\n<p><strong>I per la gent gran? <\/strong><br \/>\nDemanen en pr\u00e9stec tota mena de documents: revistes, audiovisuals i llibres de diferents tem\u00e0tiques i de diferents g\u00e8neres.<\/p>\n<p><strong>Com interactuen les persones amb els serveis que ofereix la biblioteca?<\/strong><br \/>\nMitjan\u00e7ant la relaci\u00f3 personal i directa, per\u00f2 tamb\u00e9 a partir de les xarxes socials. La participaci\u00f3 \u00e9s sempre molt activa.<\/p>\n<p><strong>Com s\u2019adapta la biblioteca a l\u2019evoluci\u00f3 tecnol\u00f2gica?<\/strong><br \/>\nAmb formaci\u00f3 del personal i tamb\u00e9 oferint formaci\u00f3 tecnol\u00f2gica als usuaris.<\/p>\n<p><strong>Quin missatge voleu transmetre a la gent sobre la import\u00e0ncia de la lectura i de les biblioteques?<\/strong><br \/>\nLes biblioteques s\u00f3n un espai cultural essencial obert a tothom, un lloc on aprendre i adquirir coneixement i cultura, un lloc per descobrir i compartir lectures. Per a nosaltres, la lectura \u00e9s com un regal que ens pot acompanyar al llarg de la vida i que, pensem, la fa millor: meravellant-nos, omplint-nos, fent-nos q\u00fcestionar i reflexionar, que ens permet saber m\u00e9s de nosaltres mateixos i dels altres; que ens permet con\u00e8ixer la realitat i somiar altres realitats possibles&#8230; Les lectures no s\u2019acaben i el que ens pot aportar tampoc.<\/p>\n<p><strong>Normalment, quantes persones venen durant un any?<\/strong><br \/>\nL\u2019any 2024 van visitar la biblioteca 23.994 persones.<\/p>\n<p><strong>Hi ha algun mes que vingui m\u00e9s gent? <\/strong><br \/>\nL\u2019any passat va ser el mes d\u2019agost.<\/p>\n<p><strong>La biblioteca ha quedat petita? Hi ha algun projecte d\u2019ampliaci\u00f3 de la biblioteca? <\/strong><br \/>\nS\u00ed, s\u2019ha redactat el projecte executiu d\u2019una nova biblioteca d\u2019uns 1.100 metres quadrat que permetr\u00e0 disposar d\u2019un espai m\u00e9s funcional i \u00f2ptim per, aix\u00ed, poder millorar i ampliar l\u2019oferta de serveis i activitats.<\/p>\n<p><span class=\"TextRun SCXW12167703 BCX0\" lang=\"CA-ES\" xml:lang=\"CA-ES\" data-contrast=\"auto\"><span class=\"NormalTextRun SCXW12167703 BCX0\">N<\/span><span class=\"NormalTextRun SCXW12167703 BCX0\">adia el G. 3r A<\/span><\/span><span class=\"EOP SCXW12167703 BCX0\" data-ccp-props=\"{&quot;134233117&quot;:false,&quot;134233118&quot;:false,&quot;201341983&quot;:0,&quot;335551550&quot;:1,&quot;335551620&quot;:1,&quot;335559685&quot;:708,&quot;335559737&quot;:0,&quot;335559738&quot;:0,&quot;335559739&quot;:160,&quot;335559740&quot;:279}\">\u00a0<\/span><\/p>\n","protected":false},"excerpt":{"rendered":"<p>Entrevista a les responsables de la Biblioteca Manuel Vil\u00e0 i Dalmau de Tossa&hellip;  <a href=\"https:\/\/agora.xtec.cat\/iestossa\/general\/la-lectura-es-un-regal-que-ens-pot-acompanyar-al-llarg-de-la-vida\/\" title=\"Read \u00abLa lectura \u00e9s un regal que ens pot acompanyar al llarg de la vida\u00bb\">Llegeix m\u00e9s\u00bb<\/a><\/p>\n","protected":false},"author":76,"featured_media":5914,"comment_status":"open","ping_status":"open","sticky":false,"template":"","format":"standard","meta":{"_bbp_topic_count":0,"_bbp_reply_count":0,"_bbp_total_topic_count":0,"_bbp_total_reply_count":0,"_bbp_voice_count":0,"_bbp_anonymous_reply_count":0,"_bbp_topic_count_hidden":0,"_bbp_reply_count_hidden":0,"_bbp_forum_subforum_count":0,"footnotes":""},"categories":[162,1,86,29],"tags":[],"class_list":["post-5906","post","type-post","status-publish","format-standard","has-post-thumbnail","hentry","category-entrevistes-al-moment","category-general","category-al-moment","category-portada"],"post_mailing_queue_ids":[],"_links":{"self":[{"href":"https:\/\/agora.xtec.cat\/iestossa\/wp-json\/wp\/v2\/posts\/5906","targetHints":{"allow":["GET"]}}],"collection":[{"href":"https:\/\/agora.xtec.cat\/iestossa\/wp-json\/wp\/v2\/posts"}],"about":[{"href":"https:\/\/agora.xtec.cat\/iestossa\/wp-json\/wp\/v2\/types\/post"}],"author":[{"embeddable":true,"href":"https:\/\/agora.xtec.cat\/iestossa\/wp-json\/wp\/v2\/users\/76"}],"replies":[{"embeddable":true,"href":"https:\/\/agora.xtec.cat\/iestossa\/wp-json\/wp\/v2\/comments?post=5906"}],"version-history":[{"count":4,"href":"https:\/\/agora.xtec.cat\/iestossa\/wp-json\/wp\/v2\/posts\/5906\/revisions"}],"predecessor-version":[{"id":5917,"href":"https:\/\/agora.xtec.cat\/iestossa\/wp-json\/wp\/v2\/posts\/5906\/revisions\/5917"}],"wp:featuredmedia":[{"embeddable":true,"href":"https:\/\/agora.xtec.cat\/iestossa\/wp-json\/wp\/v2\/media\/5914"}],"wp:attachment":[{"href":"https:\/\/agora.xtec.cat\/iestossa\/wp-json\/wp\/v2\/media?parent=5906"}],"wp:term":[{"taxonomy":"category","embeddable":true,"href":"https:\/\/agora.xtec.cat\/iestossa\/wp-json\/wp\/v2\/categories?post=5906"},{"taxonomy":"post_tag","embeddable":true,"href":"https:\/\/agora.xtec.cat\/iestossa\/wp-json\/wp\/v2\/tags?post=5906"}],"curies":[{"name":"wp","href":"https:\/\/api.w.org\/{rel}","templated":true}]}}