{"id":3628,"date":"2023-03-22T13:29:13","date_gmt":"2023-03-22T12:29:13","guid":{"rendered":"https:\/\/agora.xtec.cat\/iestossa\/?p=3628"},"modified":"2023-05-22T13:33:38","modified_gmt":"2023-05-22T11:33:38","slug":"3a-edicio-del-concurs-literari-de-la-penya-barcelonista-tossa-de-mar","status":"publish","type":"post","link":"https:\/\/agora.xtec.cat\/iestossa\/general\/3a-edicio-del-concurs-literari-de-la-penya-barcelonista-tossa-de-mar\/","title":{"rendered":"3a edici\u00f3 del concurs literari de la Penya Barcelonista Tossa de Mar"},"content":{"rendered":"<p>Not\u00edcies. Tossa de Mar, mar\u00e7 de 2023.<\/p>\n<p><span data-contrast=\"auto\">Si alguna cosa diferencia del penyes barcelonistes \u00e9s la implicaci\u00f3 de caire social en la seva poblaci\u00f3 i la Penya Barcelonista de Tossa de Mar no n\u2019\u00e9s una excepci\u00f3. Aquest any vam celebrar la 3a edici\u00f3 del concurs literari coorganitzat amb l&#8217;institut INS Tossa de Mar, en qu\u00e8 hi van participar 137 alumnes repartits en tres categories dividides per cursos 1r i 2n d\u2019ESO; 3r i 4t d\u2019ESO i 1r i 2n de batxillerat.\u00a0<\/span><span data-ccp-props=\"{&quot;201341983&quot;:0,&quot;335551550&quot;:6,&quot;335551620&quot;:6,&quot;335559739&quot;:160,&quot;335559740&quot;:259}\">\u00a0<\/span><\/p>\n<p><span data-contrast=\"auto\">Enguany, el tema del concurs era \u201cS<\/span><i><span data-contrast=\"auto\">i jo fos l\u2019alcalde de Tossa&#8230;<\/span><\/i><span data-contrast=\"auto\">\u201d i els joves van poder posar-se en la pell dels nostres pol\u00edtics a l\u2019hora de fer propostes de millora per a la vila. <\/span><span data-ccp-props=\"{&quot;201341983&quot;:0,&quot;335551550&quot;:6,&quot;335551620&quot;:6,&quot;335559739&quot;:160,&quot;335559740&quot;:259}\">\u00a0<\/span><\/p>\n<p><span data-contrast=\"auto\">D\u2019entre els 30 finalistes seleccionats el jurat en va determinar els guanyadors. Els premiats van ser, per a la categoria dels m\u00e9s grans, ; a la categoria de 3r i 4t, M.B. i el premi de la categoria del m\u00e9s petits va recaure en <\/span><\/p>\n<p><span data-contrast=\"auto\">Tots els participants van rebre un lot amb 3 llibres, a m\u00e9s d&#8217;un diploma.<\/span><span data-ccp-props=\"{&quot;201341983&quot;:0,&quot;335551550&quot;:6,&quot;335551620&quot;:6,&quot;335559739&quot;:160,&quot;335559740&quot;:259}\">\u00a0<\/span><span data-contrast=\"auto\">Els guanyadors, a m\u00e9s, van rebre un atractiu lot de premis: entrades al Teatre Nacional de Catalunya i activitats a nivell local amb un bateig de busseig i espectacles culturals, entre d\u2019altres.<\/span><span data-ccp-props=\"{&quot;201341983&quot;:0,&quot;335551550&quot;:6,&quot;335551620&quot;:6,&quot;335559739&quot;:160,&quot;335559740&quot;:259}\">\u00a0<\/span><\/p>\n<p>N.P. 3r ESO B<\/p>\n","protected":false},"excerpt":{"rendered":"<p>Si alguna cosa diferencia del penyes barcelonistes \u00e9s la implicaci\u00f3 de caire social en la seva poblaci\u00f3 i la Penya Barcelonista de Tossa de Mar no n\u2019\u00e9s una excepci\u00f3.&hellip;  <a href=\"https:\/\/agora.xtec.cat\/iestossa\/general\/3a-edicio-del-concurs-literari-de-la-penya-barcelonista-tossa-de-mar\/\" title=\"Read 3a edici\u00f3 del concurs literari de la Penya Barcelonista Tossa de Mar\">Llegeix m\u00e9s\u00bb<\/a><\/p>\n","protected":false},"author":75,"featured_media":3632,"comment_status":"open","ping_status":"closed","sticky":false,"template":"","format":"standard","meta":{"_bbp_topic_count":0,"_bbp_reply_count":0,"_bbp_total_topic_count":0,"_bbp_total_reply_count":0,"_bbp_voice_count":0,"_bbp_anonymous_reply_count":0,"_bbp_topic_count_hidden":0,"_bbp_reply_count_hidden":0,"_bbp_forum_subforum_count":0,"footnotes":""},"categories":[150,1,146,86,29],"tags":[],"class_list":["post-3628","post","type-post","status-publish","format-standard","has-post-thumbnail","hentry","category-diversos","category-general","category-entrevistes","category-al-moment","category-portada"],"post_mailing_queue_ids":[],"_links":{"self":[{"href":"https:\/\/agora.xtec.cat\/iestossa\/wp-json\/wp\/v2\/posts\/3628","targetHints":{"allow":["GET"]}}],"collection":[{"href":"https:\/\/agora.xtec.cat\/iestossa\/wp-json\/wp\/v2\/posts"}],"about":[{"href":"https:\/\/agora.xtec.cat\/iestossa\/wp-json\/wp\/v2\/types\/post"}],"author":[{"embeddable":true,"href":"https:\/\/agora.xtec.cat\/iestossa\/wp-json\/wp\/v2\/users\/75"}],"replies":[{"embeddable":true,"href":"https:\/\/agora.xtec.cat\/iestossa\/wp-json\/wp\/v2\/comments?post=3628"}],"version-history":[{"count":3,"href":"https:\/\/agora.xtec.cat\/iestossa\/wp-json\/wp\/v2\/posts\/3628\/revisions"}],"predecessor-version":[{"id":3633,"href":"https:\/\/agora.xtec.cat\/iestossa\/wp-json\/wp\/v2\/posts\/3628\/revisions\/3633"}],"wp:featuredmedia":[{"embeddable":true,"href":"https:\/\/agora.xtec.cat\/iestossa\/wp-json\/wp\/v2\/media\/3632"}],"wp:attachment":[{"href":"https:\/\/agora.xtec.cat\/iestossa\/wp-json\/wp\/v2\/media?parent=3628"}],"wp:term":[{"taxonomy":"category","embeddable":true,"href":"https:\/\/agora.xtec.cat\/iestossa\/wp-json\/wp\/v2\/categories?post=3628"},{"taxonomy":"post_tag","embeddable":true,"href":"https:\/\/agora.xtec.cat\/iestossa\/wp-json\/wp\/v2\/tags?post=3628"}],"curies":[{"name":"wp","href":"https:\/\/api.w.org\/{rel}","templated":true}]}}