{"id":9815,"date":"2023-10-06T08:40:28","date_gmt":"2023-10-06T06:40:28","guid":{"rendered":"https:\/\/agora.xtec.cat\/iestorreroja\/?p=9815"},"modified":"2023-10-19T22:27:36","modified_gmt":"2023-10-19T20:27:36","slug":"jornada-dinauguracio-del-programa-sensei-curs-2023-2024","status":"publish","type":"post","link":"https:\/\/agora.xtec.cat\/iestorreroja\/portada\/jornada-dinauguracio-del-programa-sensei-curs-2023-2024\/","title":{"rendered":"Jornada d\u2019inauguraci\u00f3 del programa Sensei"},"content":{"rendered":"<p>El curs escolar 2023-24, el Departament d&#8217;Educaci\u00f3 ha tirat endavant per dos anys el programa\u00a0<span class=\"hiddenSpellError\">Sensei<\/span>, un programa innovador de resid\u00e8ncia inicial docent, nodrit de fons europeus.<\/p>\n<p>L&#8217;objectiu del programa d&#8217;inducci\u00f3 \u00e9s poder fer un acompanyament i un suport al professorat novell des dels mateixos centres amb un mentor i una estructura organitzativa orientada a dotar d&#8217;estrat\u00e8gies i aprenentatges a tota la comunitat educativa. Una comunitat educativa reflexiva i constructiva que apr\u00e8n de forma conjunta i pr\u00e0ctica en el dia a dia de la vida de centre. A m\u00e9s a m\u00e9s, s&#8217;ha demostrat en altres pa\u00efsos de la Uni\u00f3 Europea que reverteix en la millora dels resultats acad\u00e8mics de l&#8217;alumnat, disminueix l&#8217;abandonament i millora el benestar docent.<\/p>\n<p>El curs passat l&#8217;Institut Torre Roja va presentar la seva candidatura per formar part d&#8217;aquest projecte innovador.<\/p>\n<p>El centre s&#8217;ha perfilat hist\u00f2ricament com a centre formador i referent de les pr\u00e0ctiques de M\u00e0ster de\u00a0<span class=\"hiddenGrammarError\" style=\"padding-bottom: 2px; background-image: url('..\/..\/..\/..\/..\/images\/squiggle.png'); background-repeat: repeat-x; background-position: left bottom; cursor: default; color: #000000; font-family: 'Open Sans', Helvetica, Arial, sans-serif; font-size: 16px; font-style: normal; font-variant-ligatures: normal; font-variant-caps: normal; font-weight: 300; letter-spacing: normal; orphans: 2; text-align: start; text-indent: 0px; text-transform: none; widows: 2; word-spacing: 0px; -webkit-text-stroke-width: 0px; white-space: normal; text-decoration-thickness: initial; text-decoration-style: initial; text-decoration-color: initial;\">professorat<\/span>\u00a0de diferents universitats estatals, ja que abasta alumnat tant de\u00a0l&#8217;ESO, Batxillerat, Cicles Formatius de grau mitj\u00e0 i superior, PFI i IFE.\u00a0Tanmateix,\u00a0l&#8217;Institut Torre Roja ha destacat per tirar endavant des de la seva direcci\u00f3 projectes d&#8217;acompanyament a l&#8217;alumnat i fam\u00edlies amb una consolidada estructura del departament d&#8217;Orientaci\u00f3 i un equip docent fent front a projectes com\u00a0<span class=\"hiddenGrammarError\">l&#8217;Xcellence<\/span>, de la Fundaci\u00f3 Bertelsmann.<\/p>\n<p>Durant el mes de\u00a0juliol, l&#8217;institut va rebre amb\u00a0molta il\u00b7lusi\u00f3\u00a0la not\u00edcia que havia estat seleccionat entre els 60 centres participants i es va comen\u00e7ar un treball intens a trav\u00e9s de l&#8217;equip directiu i les mentores seleccionades: Carme Santamaria\u00a0<span class=\"hiddenSpellError\">Mill\u00e1n<\/span> del departament d&#8217;Orientaci\u00f3 i Meritxell Esteve Gu\u00e0rdia del departament de Catal\u00e0. El projecte formar\u00e0 fins a 85 docents mentors de tota Catalunya i estem segurs que per nosaltres ser\u00e0 una experi\u00e8ncia que aportar\u00e0 noves perspectives de futur per a la nostra societat.<\/p>\n<p>&nbsp;<\/p>\n<p><span style=\"font-weight: 400;\"><a href=\"https:\/\/agora.xtec.cat\/iestorreroja\/wp-content\/uploads\/usu1423\/2023\/10\/Screenshot-2023-10-06-10.15.17.png\"><img loading=\"lazy\" decoding=\"async\" class=\"alignnone size-full wp-image-9820\" src=\"https:\/\/agora.xtec.cat\/iestorreroja\/wp-content\/uploads\/usu1423\/2023\/10\/Screenshot-2023-10-06-10.15.17.png\" alt=\"\" width=\"639\" height=\"387\" srcset=\"https:\/\/agora.xtec.cat\/iestorreroja\/wp-content\/uploads\/usu1423\/2023\/10\/Screenshot-2023-10-06-10.15.17.png 639w, https:\/\/agora.xtec.cat\/iestorreroja\/wp-content\/uploads\/usu1423\/2023\/10\/Screenshot-2023-10-06-10.15.17-300x182.png 300w\" sizes=\"auto, (max-width: 639px) 100vw, 639px\" \/><\/a><\/span><\/p>\n<p><a href=\"https:\/\/agora.xtec.cat\/iestorreroja\/wp-content\/uploads\/usu1423\/2023\/10\/Screenshot-2023-10-06-10.16.02.png\"><img loading=\"lazy\" decoding=\"async\" class=\"alignnone size-full wp-image-9821\" src=\"https:\/\/agora.xtec.cat\/iestorreroja\/wp-content\/uploads\/usu1423\/2023\/10\/Screenshot-2023-10-06-10.16.02.png\" alt=\"\" width=\"639\" height=\"387\" srcset=\"https:\/\/agora.xtec.cat\/iestorreroja\/wp-content\/uploads\/usu1423\/2023\/10\/Screenshot-2023-10-06-10.16.02.png 639w, https:\/\/agora.xtec.cat\/iestorreroja\/wp-content\/uploads\/usu1423\/2023\/10\/Screenshot-2023-10-06-10.16.02-300x182.png 300w\" sizes=\"auto, (max-width: 639px) 100vw, 639px\" \/><\/a> <a href=\"https:\/\/agora.xtec.cat\/iestorreroja\/wp-content\/uploads\/usu1423\/2023\/10\/Screenshot-2023-10-06-10.15.55.png\"><img loading=\"lazy\" decoding=\"async\" class=\"alignnone size-large wp-image-9822\" src=\"https:\/\/agora.xtec.cat\/iestorreroja\/wp-content\/uploads\/usu1423\/2023\/10\/Screenshot-2023-10-06-10.15.55.png\" alt=\"\" width=\"639\" height=\"387\" srcset=\"https:\/\/agora.xtec.cat\/iestorreroja\/wp-content\/uploads\/usu1423\/2023\/10\/Screenshot-2023-10-06-10.15.55.png 639w, https:\/\/agora.xtec.cat\/iestorreroja\/wp-content\/uploads\/usu1423\/2023\/10\/Screenshot-2023-10-06-10.15.55-300x182.png 300w\" sizes=\"auto, (max-width: 639px) 100vw, 639px\" \/><\/a><\/p>\n","protected":false},"excerpt":{"rendered":"<p>El curs escolar 2023-24, el Departament d&#8217;Educaci\u00f3 ha tirat endavant per dos anys el programa\u00a0Sensei, un programa innovador de resid\u00e8ncia inicial docent, nodrit de fons europeus. L&#8217;objectiu del programa d&#8217;inducci\u00f3 \u00e9s poder fer un acompanyament i un suport al professorat novell des dels mateixos centres amb un mentor i una estructura organitzativa orientada a dotar [&hellip;]<\/p>\n","protected":false},"author":1,"featured_media":9820,"comment_status":"closed","ping_status":"closed","sticky":false,"template":"","format":"standard","meta":{"_bbp_topic_count":0,"_bbp_reply_count":0,"_bbp_total_topic_count":0,"_bbp_total_reply_count":0,"_bbp_voice_count":0,"_bbp_anonymous_reply_count":0,"_bbp_topic_count_hidden":0,"_bbp_reply_count_hidden":0,"_bbp_forum_subforum_count":0,"site-sidebar-layout":"default","site-content-layout":"","ast-site-content-layout":"","site-content-style":"default","site-sidebar-style":"default","ast-global-header-display":"","ast-banner-title-visibility":"","ast-main-header-display":"","ast-hfb-above-header-display":"","ast-hfb-below-header-display":"","ast-hfb-mobile-header-display":"","site-post-title":"","ast-breadcrumbs-content":"","ast-featured-img":"","footer-sml-layout":"","theme-transparent-header-meta":"","adv-header-id-meta":"","stick-header-meta":"","header-above-stick-meta":"","header-main-stick-meta":"","header-below-stick-meta":"","astra-migrate-meta-layouts":"default","ast-page-background-enabled":"default","ast-page-background-meta":{"desktop":{"background-color":"var(--ast-global-color-4)","background-image":"","background-repeat":"repeat","background-position":"center center","background-size":"auto","background-attachment":"scroll","background-type":"","background-media":"","overlay-type":"","overlay-color":"","overlay-opacity":"","overlay-gradient":""},"tablet":{"background-color":"","background-image":"","background-repeat":"repeat","background-position":"center center","background-size":"auto","background-attachment":"scroll","background-type":"","background-media":"","overlay-type":"","overlay-color":"","overlay-opacity":"","overlay-gradient":""},"mobile":{"background-color":"","background-image":"","background-repeat":"repeat","background-position":"center center","background-size":"auto","background-attachment":"scroll","background-type":"","background-media":"","overlay-type":"","overlay-color":"","overlay-opacity":"","overlay-gradient":""}},"ast-content-background-meta":{"desktop":{"background-color":"var(--ast-global-color-5)","background-image":"","background-repeat":"repeat","background-position":"center center","background-size":"auto","background-attachment":"scroll","background-type":"","background-media":"","overlay-type":"","overlay-color":"","overlay-opacity":"","overlay-gradient":""},"tablet":{"background-color":"var(--ast-global-color-5)","background-image":"","background-repeat":"repeat","background-position":"center center","background-size":"auto","background-attachment":"scroll","background-type":"","background-media":"","overlay-type":"","overlay-color":"","overlay-opacity":"","overlay-gradient":""},"mobile":{"background-color":"var(--ast-global-color-5)","background-image":"","background-repeat":"repeat","background-position":"center center","background-size":"auto","background-attachment":"scroll","background-type":"","background-media":"","overlay-type":"","overlay-color":"","overlay-opacity":"","overlay-gradient":""}},"footnotes":""},"categories":[29],"tags":[],"class_list":["post-9815","post","type-post","status-publish","format-standard","has-post-thumbnail","hentry","category-portada"],"post_mailing_queue_ids":[],"_links":{"self":[{"href":"https:\/\/agora.xtec.cat\/iestorreroja\/wp-json\/wp\/v2\/posts\/9815","targetHints":{"allow":["GET"]}}],"collection":[{"href":"https:\/\/agora.xtec.cat\/iestorreroja\/wp-json\/wp\/v2\/posts"}],"about":[{"href":"https:\/\/agora.xtec.cat\/iestorreroja\/wp-json\/wp\/v2\/types\/post"}],"author":[{"embeddable":true,"href":"https:\/\/agora.xtec.cat\/iestorreroja\/wp-json\/wp\/v2\/users\/1"}],"replies":[{"embeddable":true,"href":"https:\/\/agora.xtec.cat\/iestorreroja\/wp-json\/wp\/v2\/comments?post=9815"}],"version-history":[{"count":6,"href":"https:\/\/agora.xtec.cat\/iestorreroja\/wp-json\/wp\/v2\/posts\/9815\/revisions"}],"predecessor-version":[{"id":9858,"href":"https:\/\/agora.xtec.cat\/iestorreroja\/wp-json\/wp\/v2\/posts\/9815\/revisions\/9858"}],"wp:featuredmedia":[{"embeddable":true,"href":"https:\/\/agora.xtec.cat\/iestorreroja\/wp-json\/wp\/v2\/media\/9820"}],"wp:attachment":[{"href":"https:\/\/agora.xtec.cat\/iestorreroja\/wp-json\/wp\/v2\/media?parent=9815"}],"wp:term":[{"taxonomy":"category","embeddable":true,"href":"https:\/\/agora.xtec.cat\/iestorreroja\/wp-json\/wp\/v2\/categories?post=9815"},{"taxonomy":"post_tag","embeddable":true,"href":"https:\/\/agora.xtec.cat\/iestorreroja\/wp-json\/wp\/v2\/tags?post=9815"}],"curies":[{"name":"wp","href":"https:\/\/api.w.org\/{rel}","templated":true}]}}