{"id":7871,"date":"2022-05-03T10:47:12","date_gmt":"2022-05-03T08:47:12","guid":{"rendered":"https:\/\/agora.xtec.cat\/iestorreroja\/?p=7871"},"modified":"2022-05-03T10:47:12","modified_gmt":"2022-05-03T08:47:12","slug":"senderisme-1r-eso-curs-2021-22","status":"publish","type":"post","link":"https:\/\/agora.xtec.cat\/iestorreroja\/eso\/senderisme-1r-eso-curs-2021-22\/","title":{"rendered":"SENDERISME 1r ESO curs 2021-22"},"content":{"rendered":"<p>El passat 28 d\u2019abril, amb els alumnes de 1r d&#8217;ESO, van realitzar una activitat de senderisme al voltant de la muntanya de Sant Ramon.<\/p>\n<p>L&#8217;objectiu principal \u00e9s el de gaudir amb la pr\u00e0ctica d\u2019activitats f\u00edsiques recreatives, amb una atenci\u00f3 especial a les que es realitzen en el medi natural.<\/p>\n<p>Tamb\u00e9 el de donar a con\u00e8ixer les diferents possibilitats que ofereix l&#8217;entorn natural m\u00e9s proper a la nostra localitat per a realitzar determinades activitats f\u00edsiques, com \u00e9s el cas del senderisme o la bicicleta de muntanya, entre moltes altres activitats.<\/p>\n<p>En aquesta sortida, l\u2019alumnat no nom\u00e9s practicava el senderisme, tamb\u00e9 havien de fotografiar el paisatge per tal de realitzar, posteriorment, una activitat a visual i pl\u00e0stica.<\/p>\n<p>Destacar el bon nivell, en general, de condici\u00f3 f\u00edsica que t\u00e9 el nostre alumnat aix\u00ed com del professorat acompanyant.<\/p>\n<p>Als <a href=\"https:\/\/photos.app.goo.gl\/AR4KPsVfnRE2sS2N9\">v\u00eddeos<\/a> podreu veure que la sortida est\u00e0 dividida en tres trams: el primer tram \u00e9s el que va del nostre Institut a Sant Ramon. Un segon tram que enlla\u00e7a Sant Ramon amb Sant Climent passant per la Creu de Querol. L\u2019\u00faltim tram va des de Sant Climent fins a l\u2019institut Torre Roja travessant un corriol a prop del cementiri de Sant Climent.<\/p>\n<p>Ens veiem l&#8217;any vinent.<\/p>\n<p>Departament d\u2019Educaci\u00f3 F\u00edsica.<\/p>\n","protected":false},"excerpt":{"rendered":"<p>El passat 28 d\u2019abril, amb els alumnes de 1r d&#8217;ESO, van realitzar una activitat de senderisme al voltant de la muntanya de Sant Ramon. L&#8217;objectiu principal \u00e9s el de gaudir amb la pr\u00e0ctica d\u2019activitats f\u00edsiques recreatives, amb una atenci\u00f3 especial a les que es realitzen en el medi natural. Tamb\u00e9 el de donar a con\u00e8ixer [&hellip;]<\/p>\n","protected":false},"author":9,"featured_media":7872,"comment_status":"closed","ping_status":"closed","sticky":false,"template":"","format":"standard","meta":{"_bbp_topic_count":0,"_bbp_reply_count":0,"_bbp_total_topic_count":0,"_bbp_total_reply_count":0,"_bbp_voice_count":0,"_bbp_anonymous_reply_count":0,"_bbp_topic_count_hidden":0,"_bbp_reply_count_hidden":0,"_bbp_forum_subforum_count":0,"site-sidebar-layout":"default","site-content-layout":"","ast-site-content-layout":"","site-content-style":"default","site-sidebar-style":"default","ast-global-header-display":"","ast-banner-title-visibility":"","ast-main-header-display":"","ast-hfb-above-header-display":"","ast-hfb-below-header-display":"","ast-hfb-mobile-header-display":"","site-post-title":"","ast-breadcrumbs-content":"","ast-featured-img":"","footer-sml-layout":"","theme-transparent-header-meta":"","adv-header-id-meta":"","stick-header-meta":"","header-above-stick-meta":"","header-main-stick-meta":"","header-below-stick-meta":"","astra-migrate-meta-layouts":"default","ast-page-background-enabled":"default","ast-page-background-meta":{"desktop":{"background-color":"var(--ast-global-color-4)","background-image":"","background-repeat":"repeat","background-position":"center center","background-size":"auto","background-attachment":"scroll","background-type":"","background-media":"","overlay-type":"","overlay-color":"","overlay-opacity":"","overlay-gradient":""},"tablet":{"background-color":"","background-image":"","background-repeat":"repeat","background-position":"center center","background-size":"auto","background-attachment":"scroll","background-type":"","background-media":"","overlay-type":"","overlay-color":"","overlay-opacity":"","overlay-gradient":""},"mobile":{"background-color":"","background-image":"","background-repeat":"repeat","background-position":"center center","background-size":"auto","background-attachment":"scroll","background-type":"","background-media":"","overlay-type":"","overlay-color":"","overlay-opacity":"","overlay-gradient":""}},"ast-content-background-meta":{"desktop":{"background-color":"var(--ast-global-color-5)","background-image":"","background-repeat":"repeat","background-position":"center center","background-size":"auto","background-attachment":"scroll","background-type":"","background-media":"","overlay-type":"","overlay-color":"","overlay-opacity":"","overlay-gradient":""},"tablet":{"background-color":"var(--ast-global-color-5)","background-image":"","background-repeat":"repeat","background-position":"center center","background-size":"auto","background-attachment":"scroll","background-type":"","background-media":"","overlay-type":"","overlay-color":"","overlay-opacity":"","overlay-gradient":""},"mobile":{"background-color":"var(--ast-global-color-5)","background-image":"","background-repeat":"repeat","background-position":"center center","background-size":"auto","background-attachment":"scroll","background-type":"","background-media":"","overlay-type":"","overlay-color":"","overlay-opacity":"","overlay-gradient":""}},"footnotes":""},"categories":[3,29],"tags":[],"class_list":["post-7871","post","type-post","status-publish","format-standard","has-post-thumbnail","hentry","category-eso","category-portada"],"post_mailing_queue_ids":[],"_links":{"self":[{"href":"https:\/\/agora.xtec.cat\/iestorreroja\/wp-json\/wp\/v2\/posts\/7871","targetHints":{"allow":["GET"]}}],"collection":[{"href":"https:\/\/agora.xtec.cat\/iestorreroja\/wp-json\/wp\/v2\/posts"}],"about":[{"href":"https:\/\/agora.xtec.cat\/iestorreroja\/wp-json\/wp\/v2\/types\/post"}],"author":[{"embeddable":true,"href":"https:\/\/agora.xtec.cat\/iestorreroja\/wp-json\/wp\/v2\/users\/9"}],"replies":[{"embeddable":true,"href":"https:\/\/agora.xtec.cat\/iestorreroja\/wp-json\/wp\/v2\/comments?post=7871"}],"version-history":[{"count":1,"href":"https:\/\/agora.xtec.cat\/iestorreroja\/wp-json\/wp\/v2\/posts\/7871\/revisions"}],"predecessor-version":[{"id":7873,"href":"https:\/\/agora.xtec.cat\/iestorreroja\/wp-json\/wp\/v2\/posts\/7871\/revisions\/7873"}],"wp:featuredmedia":[{"embeddable":true,"href":"https:\/\/agora.xtec.cat\/iestorreroja\/wp-json\/wp\/v2\/media\/7872"}],"wp:attachment":[{"href":"https:\/\/agora.xtec.cat\/iestorreroja\/wp-json\/wp\/v2\/media?parent=7871"}],"wp:term":[{"taxonomy":"category","embeddable":true,"href":"https:\/\/agora.xtec.cat\/iestorreroja\/wp-json\/wp\/v2\/categories?post=7871"},{"taxonomy":"post_tag","embeddable":true,"href":"https:\/\/agora.xtec.cat\/iestorreroja\/wp-json\/wp\/v2\/tags?post=7871"}],"curies":[{"name":"wp","href":"https:\/\/api.w.org\/{rel}","templated":true}]}}