{"id":7524,"date":"2022-03-09T21:30:26","date_gmt":"2022-03-09T20:30:26","guid":{"rendered":"https:\/\/agora.xtec.cat\/iestorreroja\/?p=7524"},"modified":"2022-03-09T21:30:26","modified_gmt":"2022-03-09T20:30:26","slug":"tornem-a-fer-serveis-a-la-comunitat-per-conservar-les-nostres-dunes","status":"publish","type":"post","link":"https:\/\/agora.xtec.cat\/iestorreroja\/eso\/tornem-a-fer-serveis-a-la-comunitat-per-conservar-les-nostres-dunes\/","title":{"rendered":"Tornem a fer serveis a la comunitat per conservar les nostres Dunes"},"content":{"rendered":"<p><span style=\"font-weight: 400;\">Els alumnes de 4t d\u2019ESO han tingut l\u2019oportunitat de participar per segon any consecutiu al projecte \u00abrecuperaci\u00f3 i seguiment dels sistemes dunars\u00bb a la platja La Murtra de Viladecans. Aquest projecte els permet fer les hores curriculars de serveis a la comunitat per a aquest nivell. Els nostres alumnes han fet dues sessions on han apr\u00e8s continguts, compet\u00e8ncies, habilitats i valors.<\/span><\/p>\n<p><span style=\"font-weight: 400;\">L\u2019alumnat ha tingut dues sessions guiades per part d\u2019educadors ambientals a la platja. S\u2019ha fet una guia de treball per fer el seguiment de les dunes: han fet transectes, extracci\u00f3 de plantes invasores, plantaci\u00f3 de noves plantes i recollida i an\u00e0lisi de micropl\u00e0stics . Vam utilitzar eines facilitades per AMB com prism\u00e0tics, pots lupa, lupes. Els nostres alumnes s\u2019han responsabilitzat de participar en accions definides com la retirada de plantes invasores i la plantaci\u00f3 d\u2019esp\u00e8cies dunars, amb el suport dels educadors.\u00a0<\/span><\/p>\n<p><span style=\"font-weight: 400;\"><a href=\"https:\/\/photos.app.goo.gl\/fKBfvt1kpSiTTj316\">Aqu\u00ed<\/a> us deixem unes fotografies dels dies que vam passar i un petit v\u00eddeo que vam lliurar a AMB per fer divulgaci\u00f3 del que hem treballat.<\/span><\/p>\n<p>&nbsp;<\/p>\n","protected":false},"excerpt":{"rendered":"<p>Els alumnes de 4t d\u2019ESO han tingut l\u2019oportunitat de participar per segon any consecutiu al projecte \u00abrecuperaci\u00f3 i seguiment dels sistemes dunars\u00bb a la platja La Murtra de Viladecans. Aquest projecte els permet fer les hores curriculars de serveis a la comunitat per a aquest nivell. Els nostres alumnes han fet dues sessions on han [&hellip;]<\/p>\n","protected":false},"author":9,"featured_media":7525,"comment_status":"closed","ping_status":"closed","sticky":false,"template":"","format":"standard","meta":{"_bbp_topic_count":0,"_bbp_reply_count":0,"_bbp_total_topic_count":0,"_bbp_total_reply_count":0,"_bbp_voice_count":0,"_bbp_anonymous_reply_count":0,"_bbp_topic_count_hidden":0,"_bbp_reply_count_hidden":0,"_bbp_forum_subforum_count":0,"site-sidebar-layout":"default","site-content-layout":"","ast-site-content-layout":"","site-content-style":"default","site-sidebar-style":"default","ast-global-header-display":"","ast-banner-title-visibility":"","ast-main-header-display":"","ast-hfb-above-header-display":"","ast-hfb-below-header-display":"","ast-hfb-mobile-header-display":"","site-post-title":"","ast-breadcrumbs-content":"","ast-featured-img":"","footer-sml-layout":"","theme-transparent-header-meta":"","adv-header-id-meta":"","stick-header-meta":"","header-above-stick-meta":"","header-main-stick-meta":"","header-below-stick-meta":"","astra-migrate-meta-layouts":"default","ast-page-background-enabled":"default","ast-page-background-meta":{"desktop":{"background-color":"var(--ast-global-color-4)","background-image":"","background-repeat":"repeat","background-position":"center center","background-size":"auto","background-attachment":"scroll","background-type":"","background-media":"","overlay-type":"","overlay-color":"","overlay-opacity":"","overlay-gradient":""},"tablet":{"background-color":"","background-image":"","background-repeat":"repeat","background-position":"center center","background-size":"auto","background-attachment":"scroll","background-type":"","background-media":"","overlay-type":"","overlay-color":"","overlay-opacity":"","overlay-gradient":""},"mobile":{"background-color":"","background-image":"","background-repeat":"repeat","background-position":"center center","background-size":"auto","background-attachment":"scroll","background-type":"","background-media":"","overlay-type":"","overlay-color":"","overlay-opacity":"","overlay-gradient":""}},"ast-content-background-meta":{"desktop":{"background-color":"var(--ast-global-color-5)","background-image":"","background-repeat":"repeat","background-position":"center center","background-size":"auto","background-attachment":"scroll","background-type":"","background-media":"","overlay-type":"","overlay-color":"","overlay-opacity":"","overlay-gradient":""},"tablet":{"background-color":"var(--ast-global-color-5)","background-image":"","background-repeat":"repeat","background-position":"center center","background-size":"auto","background-attachment":"scroll","background-type":"","background-media":"","overlay-type":"","overlay-color":"","overlay-opacity":"","overlay-gradient":""},"mobile":{"background-color":"var(--ast-global-color-5)","background-image":"","background-repeat":"repeat","background-position":"center center","background-size":"auto","background-attachment":"scroll","background-type":"","background-media":"","overlay-type":"","overlay-color":"","overlay-opacity":"","overlay-gradient":""}},"footnotes":""},"categories":[3,29],"tags":[],"class_list":["post-7524","post","type-post","status-publish","format-standard","has-post-thumbnail","hentry","category-eso","category-portada"],"post_mailing_queue_ids":[],"_links":{"self":[{"href":"https:\/\/agora.xtec.cat\/iestorreroja\/wp-json\/wp\/v2\/posts\/7524","targetHints":{"allow":["GET"]}}],"collection":[{"href":"https:\/\/agora.xtec.cat\/iestorreroja\/wp-json\/wp\/v2\/posts"}],"about":[{"href":"https:\/\/agora.xtec.cat\/iestorreroja\/wp-json\/wp\/v2\/types\/post"}],"author":[{"embeddable":true,"href":"https:\/\/agora.xtec.cat\/iestorreroja\/wp-json\/wp\/v2\/users\/9"}],"replies":[{"embeddable":true,"href":"https:\/\/agora.xtec.cat\/iestorreroja\/wp-json\/wp\/v2\/comments?post=7524"}],"version-history":[{"count":1,"href":"https:\/\/agora.xtec.cat\/iestorreroja\/wp-json\/wp\/v2\/posts\/7524\/revisions"}],"predecessor-version":[{"id":7526,"href":"https:\/\/agora.xtec.cat\/iestorreroja\/wp-json\/wp\/v2\/posts\/7524\/revisions\/7526"}],"wp:featuredmedia":[{"embeddable":true,"href":"https:\/\/agora.xtec.cat\/iestorreroja\/wp-json\/wp\/v2\/media\/7525"}],"wp:attachment":[{"href":"https:\/\/agora.xtec.cat\/iestorreroja\/wp-json\/wp\/v2\/media?parent=7524"}],"wp:term":[{"taxonomy":"category","embeddable":true,"href":"https:\/\/agora.xtec.cat\/iestorreroja\/wp-json\/wp\/v2\/categories?post=7524"},{"taxonomy":"post_tag","embeddable":true,"href":"https:\/\/agora.xtec.cat\/iestorreroja\/wp-json\/wp\/v2\/tags?post=7524"}],"curies":[{"name":"wp","href":"https:\/\/api.w.org\/{rel}","templated":true}]}}