{"id":12622,"date":"2026-04-22T16:23:26","date_gmt":"2026-04-22T14:23:26","guid":{"rendered":"https:\/\/agora.xtec.cat\/iestorreroja\/?p=12622"},"modified":"2026-04-22T16:23:26","modified_gmt":"2026-04-22T14:23:26","slug":"lectura-de-1r-deso-la-hija-de-la-noche-de-laura-gallego","status":"publish","type":"post","link":"https:\/\/agora.xtec.cat\/iestorreroja\/general\/lectura-de-1r-deso-la-hija-de-la-noche-de-laura-gallego\/","title":{"rendered":"Lectura de 1r d&#8217;ESO &#8220;La hija de la noche&#8221; de Laura Gallego"},"content":{"rendered":"<p>Avui el correu ens ha portat una bona sorpresa. A primer d&#8217;ESO llegim a classe de Llengua Castellana i Literatura la novel\u00b7la de misteri i fantasia &#8220;La hija de la noche&#8221; de la Laura Gallego, l&#8217;autora m\u00e9s prestigiosa d&#8217;aquest g\u00e8nere. Els nois i noies es feien moltes preguntes i els venia molt de gust comentar les seves impressions i hip\u00f2tesis, i un d&#8217;ells va proposar de compartir-les amb l&#8217;autora. Vam trobar l&#8217;adre\u00e7a de la Laura Gallego, li vam escriure les nostres cartes&#8230; i la resposta ens ha arribat. Una hist\u00f2ria amb final feli\u00e7!<\/p>\n<p>Moltes gr\u00e0cies, Laura!<\/p>\n<p><a href=\"https:\/\/agora.xtec.cat\/iestorreroja\/wp-content\/uploads\/usu1423\/2026\/04\/Laura-Gallego.jpg\"><img loading=\"lazy\" decoding=\"async\" class=\"aligncenter size-medium wp-image-12623\" src=\"https:\/\/agora.xtec.cat\/iestorreroja\/wp-content\/uploads\/usu1423\/2026\/04\/Laura-Gallego-300x225.jpg\" alt=\"\" width=\"300\" height=\"225\" srcset=\"https:\/\/agora.xtec.cat\/iestorreroja\/wp-content\/uploads\/usu1423\/2026\/04\/Laura-Gallego-300x225.jpg 300w, https:\/\/agora.xtec.cat\/iestorreroja\/wp-content\/uploads\/usu1423\/2026\/04\/Laura-Gallego-1024x768.jpg 1024w, https:\/\/agora.xtec.cat\/iestorreroja\/wp-content\/uploads\/usu1423\/2026\/04\/Laura-Gallego-768x576.jpg 768w, https:\/\/agora.xtec.cat\/iestorreroja\/wp-content\/uploads\/usu1423\/2026\/04\/Laura-Gallego-1536x1152.jpg 1536w, https:\/\/agora.xtec.cat\/iestorreroja\/wp-content\/uploads\/usu1423\/2026\/04\/Laura-Gallego.jpg 2000w\" sizes=\"auto, (max-width: 300px) 100vw, 300px\" \/><\/a><\/p>\n<p><!--a=1--><\/p>\n","protected":false},"excerpt":{"rendered":"<p>Avui el correu ens ha portat una bona sorpresa. A primer d&#8217;ESO llegim a classe de Llengua Castellana i Literatura la novel\u00b7la de misteri i fantasia &#8220;La hija de la noche&#8221; de la Laura Gallego, l&#8217;autora m\u00e9s prestigiosa d&#8217;aquest g\u00e8nere. Els nois i noies es feien moltes preguntes i els venia molt de gust comentar [&hellip;]<\/p>\n","protected":false},"author":22,"featured_media":12623,"comment_status":"closed","ping_status":"open","sticky":false,"template":"","format":"standard","meta":{"_bbp_topic_count":0,"_bbp_reply_count":0,"_bbp_total_topic_count":0,"_bbp_total_reply_count":0,"_bbp_voice_count":0,"_bbp_anonymous_reply_count":0,"_bbp_topic_count_hidden":0,"_bbp_reply_count_hidden":0,"_bbp_forum_subforum_count":0,"site-sidebar-layout":"default","site-content-layout":"","ast-site-content-layout":"default","site-content-style":"default","site-sidebar-style":"default","ast-global-header-display":"","ast-banner-title-visibility":"","ast-main-header-display":"","ast-hfb-above-header-display":"","ast-hfb-below-header-display":"","ast-hfb-mobile-header-display":"","site-post-title":"","ast-breadcrumbs-content":"","ast-featured-img":"","footer-sml-layout":"","theme-transparent-header-meta":"default","adv-header-id-meta":"","stick-header-meta":"","header-above-stick-meta":"","header-main-stick-meta":"","header-below-stick-meta":"","astra-migrate-meta-layouts":"set","ast-page-background-enabled":"default","ast-page-background-meta":{"desktop":{"background-color":"var(--ast-global-color-4)","background-image":"","background-repeat":"repeat","background-position":"center center","background-size":"auto","background-attachment":"scroll","background-type":"","background-media":"","overlay-type":"","overlay-color":"","overlay-opacity":"","overlay-gradient":""},"tablet":{"background-color":"","background-image":"","background-repeat":"repeat","background-position":"center center","background-size":"auto","background-attachment":"scroll","background-type":"","background-media":"","overlay-type":"","overlay-color":"","overlay-opacity":"","overlay-gradient":""},"mobile":{"background-color":"","background-image":"","background-repeat":"repeat","background-position":"center center","background-size":"auto","background-attachment":"scroll","background-type":"","background-media":"","overlay-type":"","overlay-color":"","overlay-opacity":"","overlay-gradient":""}},"ast-content-background-meta":{"desktop":{"background-color":"var(--ast-global-color-5)","background-image":"","background-repeat":"repeat","background-position":"center center","background-size":"auto","background-attachment":"scroll","background-type":"","background-media":"","overlay-type":"","overlay-color":"","overlay-opacity":"","overlay-gradient":""},"tablet":{"background-color":"var(--ast-global-color-5)","background-image":"","background-repeat":"repeat","background-position":"center center","background-size":"auto","background-attachment":"scroll","background-type":"","background-media":"","overlay-type":"","overlay-color":"","overlay-opacity":"","overlay-gradient":""},"mobile":{"background-color":"var(--ast-global-color-5)","background-image":"","background-repeat":"repeat","background-position":"center center","background-size":"auto","background-attachment":"scroll","background-type":"","background-media":"","overlay-type":"","overlay-color":"","overlay-opacity":"","overlay-gradient":""}},"footnotes":""},"categories":[3,1,29],"tags":[],"class_list":["post-12622","post","type-post","status-publish","format-standard","has-post-thumbnail","hentry","category-eso","category-general","category-portada"],"post_mailing_queue_ids":[],"_links":{"self":[{"href":"https:\/\/agora.xtec.cat\/iestorreroja\/wp-json\/wp\/v2\/posts\/12622","targetHints":{"allow":["GET"]}}],"collection":[{"href":"https:\/\/agora.xtec.cat\/iestorreroja\/wp-json\/wp\/v2\/posts"}],"about":[{"href":"https:\/\/agora.xtec.cat\/iestorreroja\/wp-json\/wp\/v2\/types\/post"}],"author":[{"embeddable":true,"href":"https:\/\/agora.xtec.cat\/iestorreroja\/wp-json\/wp\/v2\/users\/22"}],"replies":[{"embeddable":true,"href":"https:\/\/agora.xtec.cat\/iestorreroja\/wp-json\/wp\/v2\/comments?post=12622"}],"version-history":[{"count":2,"href":"https:\/\/agora.xtec.cat\/iestorreroja\/wp-json\/wp\/v2\/posts\/12622\/revisions"}],"predecessor-version":[{"id":12625,"href":"https:\/\/agora.xtec.cat\/iestorreroja\/wp-json\/wp\/v2\/posts\/12622\/revisions\/12625"}],"wp:featuredmedia":[{"embeddable":true,"href":"https:\/\/agora.xtec.cat\/iestorreroja\/wp-json\/wp\/v2\/media\/12623"}],"wp:attachment":[{"href":"https:\/\/agora.xtec.cat\/iestorreroja\/wp-json\/wp\/v2\/media?parent=12622"}],"wp:term":[{"taxonomy":"category","embeddable":true,"href":"https:\/\/agora.xtec.cat\/iestorreroja\/wp-json\/wp\/v2\/categories?post=12622"},{"taxonomy":"post_tag","embeddable":true,"href":"https:\/\/agora.xtec.cat\/iestorreroja\/wp-json\/wp\/v2\/tags?post=12622"}],"curies":[{"name":"wp","href":"https:\/\/api.w.org\/{rel}","templated":true}]}}