{"id":11864,"date":"2025-10-14T11:44:03","date_gmt":"2025-10-14T09:44:03","guid":{"rendered":"https:\/\/agora.xtec.cat\/iestorreroja\/?p=11864"},"modified":"2025-10-14T11:44:03","modified_gmt":"2025-10-14T09:44:03","slug":"convocatoria-de-vaga-per-al-15-doctubre","status":"publish","type":"post","link":"https:\/\/agora.xtec.cat\/iestorreroja\/general\/convocatoria-de-vaga-per-al-15-doctubre\/","title":{"rendered":"Convocat\u00f2ria de Vaga per al 15 d&#8217;octubre"},"content":{"rendered":"<p>Diversos sindicats han convocat vaga per manifestar-se contra el genocidi a Gaza. Aix\u00f2 afecta a l&#8217;alumnat i tot el personal de l&#8217;institut. Pel que fa al professorat hi ha prevista una convocat\u00f2ria de 2 hores en torn de mat\u00ed i 2 hores en torn de tarda i una altra de tot el dia; per tant, es podrien veure afectades algunes classes. Pel que fa a l&#8217;alumnat, tenen convocada una vaga que afecta a tota la jornada. Aqu\u00ed teniu la resoluci\u00f3 de l&#8217;adhesi\u00f3 a la vaga ,com a grup, de l&#8217;alumnat:<\/p>\n<p><a href=\"https:\/\/agora.xtec.cat\/iestorreroja\/wp-content\/uploads\/usu1423\/2025\/10\/Vaga151025.jpg\"><img loading=\"lazy\" decoding=\"async\" class=\"alignnone size-full wp-image-11865\" src=\"https:\/\/agora.xtec.cat\/iestorreroja\/wp-content\/uploads\/usu1423\/2025\/10\/Vaga151025.jpg\" alt=\"\" width=\"894\" height=\"624\" srcset=\"https:\/\/agora.xtec.cat\/iestorreroja\/wp-content\/uploads\/usu1423\/2025\/10\/Vaga151025.jpg 894w, https:\/\/agora.xtec.cat\/iestorreroja\/wp-content\/uploads\/usu1423\/2025\/10\/Vaga151025-300x209.jpg 300w, https:\/\/agora.xtec.cat\/iestorreroja\/wp-content\/uploads\/usu1423\/2025\/10\/Vaga151025-768x536.jpg 768w\" sizes=\"auto, (max-width: 894px) 100vw, 894px\" \/><\/a><\/p>\n<p>Recordeu que la falta d&#8217;assist\u00e8ncia, igualment, s&#8217;ha de justificar amb el <span style=\"text-decoration: underline;\"><a href=\"https:\/\/drive.google.com\/file\/d\/1fg27Qa_p1P88cBENmjciVkwmjPw4HOHp\/view?usp=sharing\">document oficial<\/a><\/span>.<\/p>\n<p>&nbsp;<\/p>\n","protected":false},"excerpt":{"rendered":"<p>Diversos sindicats han convocat vaga per manifestar-se contra el genocidi a Gaza. Aix\u00f2 afecta a l&#8217;alumnat i tot el personal de l&#8217;institut. Pel que fa al professorat hi ha prevista una convocat\u00f2ria de 2 hores en torn de mat\u00ed i 2 hores en torn de tarda i una altra de tot el dia; per tant, [&hellip;]<\/p>\n","protected":false},"author":16,"featured_media":0,"comment_status":"closed","ping_status":"open","sticky":false,"template":"","format":"standard","meta":{"_bbp_topic_count":0,"_bbp_reply_count":0,"_bbp_total_topic_count":0,"_bbp_total_reply_count":0,"_bbp_voice_count":0,"_bbp_anonymous_reply_count":0,"_bbp_topic_count_hidden":0,"_bbp_reply_count_hidden":0,"_bbp_forum_subforum_count":0,"site-sidebar-layout":"default","site-content-layout":"","ast-site-content-layout":"","site-content-style":"default","site-sidebar-style":"default","ast-global-header-display":"","ast-banner-title-visibility":"","ast-main-header-display":"","ast-hfb-above-header-display":"","ast-hfb-below-header-display":"","ast-hfb-mobile-header-display":"","site-post-title":"","ast-breadcrumbs-content":"","ast-featured-img":"","footer-sml-layout":"","theme-transparent-header-meta":"","adv-header-id-meta":"","stick-header-meta":"","header-above-stick-meta":"","header-main-stick-meta":"","header-below-stick-meta":"","astra-migrate-meta-layouts":"default","ast-page-background-enabled":"default","ast-page-background-meta":{"desktop":{"background-color":"var(--ast-global-color-4)","background-image":"","background-repeat":"repeat","background-position":"center center","background-size":"auto","background-attachment":"scroll","background-type":"","background-media":"","overlay-type":"","overlay-color":"","overlay-opacity":"","overlay-gradient":""},"tablet":{"background-color":"","background-image":"","background-repeat":"repeat","background-position":"center center","background-size":"auto","background-attachment":"scroll","background-type":"","background-media":"","overlay-type":"","overlay-color":"","overlay-opacity":"","overlay-gradient":""},"mobile":{"background-color":"","background-image":"","background-repeat":"repeat","background-position":"center center","background-size":"auto","background-attachment":"scroll","background-type":"","background-media":"","overlay-type":"","overlay-color":"","overlay-opacity":"","overlay-gradient":""}},"ast-content-background-meta":{"desktop":{"background-color":"var(--ast-global-color-5)","background-image":"","background-repeat":"repeat","background-position":"center center","background-size":"auto","background-attachment":"scroll","background-type":"","background-media":"","overlay-type":"","overlay-color":"","overlay-opacity":"","overlay-gradient":""},"tablet":{"background-color":"var(--ast-global-color-5)","background-image":"","background-repeat":"repeat","background-position":"center center","background-size":"auto","background-attachment":"scroll","background-type":"","background-media":"","overlay-type":"","overlay-color":"","overlay-opacity":"","overlay-gradient":""},"mobile":{"background-color":"var(--ast-global-color-5)","background-image":"","background-repeat":"repeat","background-position":"center center","background-size":"auto","background-attachment":"scroll","background-type":"","background-media":"","overlay-type":"","overlay-color":"","overlay-opacity":"","overlay-gradient":""}},"footnotes":""},"categories":[8,30,3,1,29],"tags":[],"class_list":["post-11864","post","type-post","status-publish","format-standard","hentry","category-batxillerat","category-cicles-formatius","category-eso","category-general","category-portada"],"post_mailing_queue_ids":[],"_links":{"self":[{"href":"https:\/\/agora.xtec.cat\/iestorreroja\/wp-json\/wp\/v2\/posts\/11864","targetHints":{"allow":["GET"]}}],"collection":[{"href":"https:\/\/agora.xtec.cat\/iestorreroja\/wp-json\/wp\/v2\/posts"}],"about":[{"href":"https:\/\/agora.xtec.cat\/iestorreroja\/wp-json\/wp\/v2\/types\/post"}],"author":[{"embeddable":true,"href":"https:\/\/agora.xtec.cat\/iestorreroja\/wp-json\/wp\/v2\/users\/16"}],"replies":[{"embeddable":true,"href":"https:\/\/agora.xtec.cat\/iestorreroja\/wp-json\/wp\/v2\/comments?post=11864"}],"version-history":[{"count":2,"href":"https:\/\/agora.xtec.cat\/iestorreroja\/wp-json\/wp\/v2\/posts\/11864\/revisions"}],"predecessor-version":[{"id":11867,"href":"https:\/\/agora.xtec.cat\/iestorreroja\/wp-json\/wp\/v2\/posts\/11864\/revisions\/11867"}],"wp:attachment":[{"href":"https:\/\/agora.xtec.cat\/iestorreroja\/wp-json\/wp\/v2\/media?parent=11864"}],"wp:term":[{"taxonomy":"category","embeddable":true,"href":"https:\/\/agora.xtec.cat\/iestorreroja\/wp-json\/wp\/v2\/categories?post=11864"},{"taxonomy":"post_tag","embeddable":true,"href":"https:\/\/agora.xtec.cat\/iestorreroja\/wp-json\/wp\/v2\/tags?post=11864"}],"curies":[{"name":"wp","href":"https:\/\/api.w.org\/{rel}","templated":true}]}}