{"id":11519,"date":"2025-05-08T11:11:34","date_gmt":"2025-05-08T09:11:34","guid":{"rendered":"https:\/\/agora.xtec.cat\/iestorreroja\/?p=11519"},"modified":"2025-05-09T14:40:41","modified_gmt":"2025-05-09T12:40:41","slug":"vols-fer-un-erasmus-a-holanda-obertura-del-periode-de-presentacio-de-sollicituds","status":"publish","type":"post","link":"https:\/\/agora.xtec.cat\/iestorreroja\/general\/vols-fer-un-erasmus-a-holanda-obertura-del-periode-de-presentacio-de-sollicituds\/","title":{"rendered":"Vols fer un Erasmus a Holanda? Obertura del per\u00edode de presentaci\u00f3 de sol\u00b7licituds"},"content":{"rendered":"<p><span style=\"font-weight: 400;\">Benvolgut alumnat i fam\u00edlies,<\/span><\/p>\n<p><span style=\"font-weight: 400;\">Us informem que s\u2019ha obert el <\/span><b>per\u00edode de presentaci\u00f3 de sol\u00b7licituds<\/b><span style=\"font-weight: 400;\"> per a realitzar una activitat d\u2019intercanvi amb un centre educatiu d\u2019Holanda. El termini per presentar les sol\u00b7licituds ser\u00e0 <\/span><b>des del 08 de maig fins al 19 de maig <\/b><span style=\"font-weight: 400;\">del 2025<\/span> <span style=\"font-weight: 400;\">i la realitzaci\u00f3 de l\u2019intercanvi f\u00edsic es dur\u00e0 a terme al setembre-octubre del curs 2025-2026.\u00a0<\/span><\/p>\n<p><span style=\"font-weight: 400;\">Aquest projecte t\u00e9 com a objectiu <\/span><b>millorar els protocols d&#8217;actuaci\u00f3 i els recursos metodol\u00f2gics per augmentar l&#8217;efectivitat de les mediacions<\/b><span style=\"font-weight: 400;\"> en el nostre centre. Aquesta iniciativa ens permetr\u00e0 treballar conjuntament per potenciar les nostres habilitats en la gesti\u00f3 de conflictes i promoure un ambient escolar m\u00e9s inclusiu i respectu\u00f3s.<\/span><\/p>\n<h3><b>Quins alumnes poden participar?<\/b><\/h3>\n<p><span style=\"font-weight: 400;\">El projecte est\u00e0 obert a tots els alumnes de <\/span><b>3r d\u2019ESO<\/b><span style=\"font-weight: 400;\"> que estiguin interessats a millorar la conviv\u00e8ncia escolar i a treballar en el desenvolupament de solucions innovadores per a la mediaci\u00f3.<\/span><\/p>\n<h3><b>Quins beneficis t\u00e9 participar?<\/b><\/h3>\n<p><span style=\"font-weight: 400;\">Els alumnes seleccionats tindran l\u2019oportunitat de:<\/span><\/p>\n<ul>\n<li style=\"font-weight: 400;\" aria-level=\"1\"><span style=\"font-weight: 400;\">Participar en una estada a l\u2019estranger durant un aproximat de 5 dies per dur a terme activitats din\u00e0miques relacionades amb la mediaci\u00f3, gesti\u00f3 de conflictes i altres activitats culturals.<\/span><\/li>\n<li style=\"font-weight: 400;\" aria-level=\"1\"><span style=\"font-weight: 400;\">Con\u00e8ixer altres realitats escolars europees i compartir experi\u00e8ncies amb estudiants d\u2019altres pa\u00efsos.<\/span><\/li>\n<li style=\"font-weight: 400;\" aria-level=\"1\"><span style=\"font-weight: 400;\">Millorar les seves habilitats en la resoluci\u00f3 de conflictes i la comunicaci\u00f3 efectiva.<\/span><\/li>\n<li style=\"font-weight: 400;\" aria-level=\"1\"><span style=\"font-weight: 400;\">Millorar la seva habilitat de comunicaci\u00f3 en llengua estrangera (angl\u00e8s).<\/span><\/li>\n<\/ul>\n<p><b>Com presentar-se?<\/b><\/p>\n<p><span style=\"font-weight: 400;\">Tots els interessats\/ades han de presentar la documentaci\u00f3 requerida mitjan\u00e7ant aquest <\/span><a href=\"https:\/\/forms.gle\/DT7AHQ8X71Rjje1B7\"><span style=\"font-weight: 400;\">formulari<\/span><\/a><span style=\"font-weight: 400;\">. Adjunt en aquest correu, al <\/span><a href=\"https:\/\/agora.xtec.cat\/iestorreroja\/\"><span style=\"font-weight: 400;\">portal web del centre<\/span><\/a><span style=\"font-weight: 400;\"> i al <\/span><a href=\"https:\/\/sites.google.com\/torreroja.cat\/erasmus-instorreroja\/novetats?authuser=0\"><span style=\"font-weight: 400;\">portal web d\u2019Erasmus+<\/span><\/a><span style=\"font-weight: 400;\"> podreu trobar la documentaci\u00f3 requerida per poder enviar la vostra sol\u00b7licitud.<\/span><\/p>\n<p><b>Data de la prova d\u2019angl\u00e8s<\/b><\/p>\n<p><span style=\"font-weight: 400;\">El pr\u00f2xim <\/span><b>20 de maig<\/b> <b>a les 16:00h <\/b><span style=\"font-weight: 400;\">es far\u00e0 la prova d\u2019angl\u00e8s a tot l\u2019alumnat que hagi presentat la sol\u00b7licitud. Aquesta prova consisteix en una activitat de listening, reading, writing, use of English i speaking.\u00a0<\/span><\/p>\n<p><span style=\"font-weight: 400;\">Per a m\u00e9s informaci\u00f3 o dubtes, podeu contactar amb <\/span><a href=\"mailto:erasmus@torreroja.cat\"><span style=\"font-weight: 400;\">erasmus@torreroja.cat<\/span><\/a><span style=\"font-weight: 400;\">.<\/span><\/p>\n<p><span style=\"font-weight: 400;\">Ens complau poder comptar amb la vostra participaci\u00f3 i us animem a presentar les vostres sol\u00b7licituds dins del termini establert.<\/span><\/p>\n<p><b>Documents<\/b><\/p>\n<p><a href=\"https:\/\/agora.xtec.cat\/iestorreroja\/wp-content\/uploads\/usu1423\/2025\/05\/Infografia-de-com-sollicitar-participar-en-erasmus.pdf\">Infografia de com sol\u00b7licitar participar en erasmus<\/a><\/p>\n<p><a href=\"https:\/\/agora.xtec.cat\/iestorreroja\/wp-content\/uploads\/usu1423\/2025\/05\/Compromis-dallotjament-dalumnes-dintercanvi.pdf\">Comprom\u00eds d\u2019allotjament d\u2019alumnes d\u2019intercanvi<\/a><\/p>\n<p><a href=\"https:\/\/agora.xtec.cat\/iestorreroja\/wp-content\/uploads\/usu1423\/2025\/05\/Autoritzacio-de-participacio.pdf\">Autoritzaci\u00f3 de participaci\u00f3<\/a><\/p>\n<p><a href=\"https:\/\/agora.xtec.cat\/iestorreroja\/wp-content\/uploads\/usu1423\/2025\/05\/Compromis-de-comportament.pdf\">Comprom\u00eds de comportament<\/a><\/p>\n<p><a href=\"https:\/\/agora.xtec.cat\/iestorreroja\/wp-content\/uploads\/usu1423\/2025\/05\/Compromis-de-participacio-i-difusio-de-lexperiencia-dIntercanvi.pdf\">Comprom\u00eds de participaci\u00f3 i difusi\u00f3 de l&#8217;experi\u00e8ncia d&#8217;Intercanvi<\/a><\/p>\n<p><a href=\"https:\/\/agora.xtec.cat\/iestorreroja\/wp-content\/uploads\/usu1423\/2025\/05\/Criteris-de-seleccio_mobilitat-dalumnat.pdf\">Criteris de selecci\u00f3_mobilitat d&#8217;alumnat<\/a><\/p>\n<p><span style=\"font-weight: 400;\">Atentament,<\/span><\/p>\n<p><span style=\"font-weight: 400;\">Equip impulsor Erasmus+ ESO\/BTX<\/span><\/p>\n","protected":false},"excerpt":{"rendered":"<p>Benvolgut alumnat i fam\u00edlies, Us informem que s\u2019ha obert el per\u00edode de presentaci\u00f3 de sol\u00b7licituds per a realitzar una activitat d\u2019intercanvi amb un centre educatiu d\u2019Holanda. El termini per presentar les sol\u00b7licituds ser\u00e0 des del 08 de maig fins al 19 de maig del 2025 i la realitzaci\u00f3 de l\u2019intercanvi f\u00edsic es dur\u00e0 a terme [&hellip;]<\/p>\n","protected":false},"author":9,"featured_media":11526,"comment_status":"closed","ping_status":"closed","sticky":false,"template":"","format":"standard","meta":{"_bbp_topic_count":0,"_bbp_reply_count":0,"_bbp_total_topic_count":0,"_bbp_total_reply_count":0,"_bbp_voice_count":0,"_bbp_anonymous_reply_count":0,"_bbp_topic_count_hidden":0,"_bbp_reply_count_hidden":0,"_bbp_forum_subforum_count":0,"site-sidebar-layout":"default","site-content-layout":"","ast-site-content-layout":"","site-content-style":"default","site-sidebar-style":"default","ast-global-header-display":"","ast-banner-title-visibility":"","ast-main-header-display":"","ast-hfb-above-header-display":"","ast-hfb-below-header-display":"","ast-hfb-mobile-header-display":"","site-post-title":"","ast-breadcrumbs-content":"","ast-featured-img":"","footer-sml-layout":"","theme-transparent-header-meta":"","adv-header-id-meta":"","stick-header-meta":"","header-above-stick-meta":"","header-main-stick-meta":"","header-below-stick-meta":"","astra-migrate-meta-layouts":"default","ast-page-background-enabled":"default","ast-page-background-meta":{"desktop":{"background-color":"var(--ast-global-color-4)","background-image":"","background-repeat":"repeat","background-position":"center center","background-size":"auto","background-attachment":"scroll","background-type":"","background-media":"","overlay-type":"","overlay-color":"","overlay-opacity":"","overlay-gradient":""},"tablet":{"background-color":"","background-image":"","background-repeat":"repeat","background-position":"center center","background-size":"auto","background-attachment":"scroll","background-type":"","background-media":"","overlay-type":"","overlay-color":"","overlay-opacity":"","overlay-gradient":""},"mobile":{"background-color":"","background-image":"","background-repeat":"repeat","background-position":"center center","background-size":"auto","background-attachment":"scroll","background-type":"","background-media":"","overlay-type":"","overlay-color":"","overlay-opacity":"","overlay-gradient":""}},"ast-content-background-meta":{"desktop":{"background-color":"var(--ast-global-color-5)","background-image":"","background-repeat":"repeat","background-position":"center center","background-size":"auto","background-attachment":"scroll","background-type":"","background-media":"","overlay-type":"","overlay-color":"","overlay-opacity":"","overlay-gradient":""},"tablet":{"background-color":"var(--ast-global-color-5)","background-image":"","background-repeat":"repeat","background-position":"center center","background-size":"auto","background-attachment":"scroll","background-type":"","background-media":"","overlay-type":"","overlay-color":"","overlay-opacity":"","overlay-gradient":""},"mobile":{"background-color":"var(--ast-global-color-5)","background-image":"","background-repeat":"repeat","background-position":"center center","background-size":"auto","background-attachment":"scroll","background-type":"","background-media":"","overlay-type":"","overlay-color":"","overlay-opacity":"","overlay-gradient":""}},"footnotes":""},"categories":[3,1,29],"tags":[],"class_list":["post-11519","post","type-post","status-publish","format-standard","has-post-thumbnail","hentry","category-eso","category-general","category-portada"],"post_mailing_queue_ids":[],"_links":{"self":[{"href":"https:\/\/agora.xtec.cat\/iestorreroja\/wp-json\/wp\/v2\/posts\/11519","targetHints":{"allow":["GET"]}}],"collection":[{"href":"https:\/\/agora.xtec.cat\/iestorreroja\/wp-json\/wp\/v2\/posts"}],"about":[{"href":"https:\/\/agora.xtec.cat\/iestorreroja\/wp-json\/wp\/v2\/types\/post"}],"author":[{"embeddable":true,"href":"https:\/\/agora.xtec.cat\/iestorreroja\/wp-json\/wp\/v2\/users\/9"}],"replies":[{"embeddable":true,"href":"https:\/\/agora.xtec.cat\/iestorreroja\/wp-json\/wp\/v2\/comments?post=11519"}],"version-history":[{"count":1,"href":"https:\/\/agora.xtec.cat\/iestorreroja\/wp-json\/wp\/v2\/posts\/11519\/revisions"}],"predecessor-version":[{"id":11527,"href":"https:\/\/agora.xtec.cat\/iestorreroja\/wp-json\/wp\/v2\/posts\/11519\/revisions\/11527"}],"wp:featuredmedia":[{"embeddable":true,"href":"https:\/\/agora.xtec.cat\/iestorreroja\/wp-json\/wp\/v2\/media\/11526"}],"wp:attachment":[{"href":"https:\/\/agora.xtec.cat\/iestorreroja\/wp-json\/wp\/v2\/media?parent=11519"}],"wp:term":[{"taxonomy":"category","embeddable":true,"href":"https:\/\/agora.xtec.cat\/iestorreroja\/wp-json\/wp\/v2\/categories?post=11519"},{"taxonomy":"post_tag","embeddable":true,"href":"https:\/\/agora.xtec.cat\/iestorreroja\/wp-json\/wp\/v2\/tags?post=11519"}],"curies":[{"name":"wp","href":"https:\/\/api.w.org\/{rel}","templated":true}]}}